{"id":189466,"date":"2025-06-19T22:20:45","date_gmt":"2025-06-19T22:20:45","guid":{"rendered":"https:\/\/www.europesays.com\/fr\/189466\/"},"modified":"2025-06-19T22:20:45","modified_gmt":"2025-06-19T22:20:45","slug":"un-camion-prend-feu-sur-la31-pres-de-nancy-des-bouchons-en-cours","status":"publish","type":"post","link":"https:\/\/www.europesays.com\/fr\/189466\/","title":{"rendered":"Un camion prend feu sur l&rsquo;A31 pr\u00e8s de Nancy : des bouchons en cours"},"content":{"rendered":"<p>            Par<br \/>\n        <strong><br \/>\n            <a href=\"https:\/\/actu.fr\/auteur\/pierre-emile-bouchy-actu-fr\" title=\"Consulter tous les articles de Paul-Emile Bouchy\" target=\"_blank\" rel=\"noopener\">Paul-Emile Bouchy<\/a><br \/>\n        <\/strong><\/p>\n<p>        Publi\u00e9 le<\/p>\n<p>            19 juin 2025 \u00e0 10h50        <\/p>\n<p>Jeudi 19\u00a0juin, vers 9h40, les <a href=\"https:\/\/actu.fr\/tag\/pompiers\" target=\"_blank\" rel=\"noopener\">pompiers<\/a> ont \u00e9t\u00e9 alert\u00e9s en raison d\u2019<strong>un poids lourd en feu<\/strong> sur l\u2019<a href=\"https:\/\/actu.fr\/tag\/autoroute-31-a31\" target=\"_blank\" rel=\"noopener\">autoroute A31<\/a>, pr\u00e8s de <a href=\"https:\/\/actu.fr\/grand-est\/nancy_54395\" target=\"_blank\" rel=\"noopener\">Nancy<\/a> (Meurthe-et-Moselle).<\/p>\n<p class=\" wall-content\">L\u2019intervention est toujours en cours et engendre <strong>des perturbations sur la circulation<\/strong>. On fait le point.<\/p>\n<p>Quatre kilom\u00e8tres de ralentissements dans le sens Nancy-Metz<\/p>\n<p class=\" wall-content\">Sollicit\u00e9e, la DIR Est confirme la pr\u00e9sence d\u2019un camion en feu dans le secteur de <strong>Laxou-Gentilly<\/strong>\u2009: \u00ab\u2009Le v\u00e9hicule est arr\u00eat\u00e9 sur la bande d\u2019urgence. <strong>La voie de droite est neutralis\u00e9e en direction de Metz le temps de l\u2019intervention des pompiers<\/strong>.\u2009\u00bb<\/p>\n<p class=\" wall-content\">Si l\u2019autoroute n\u2019est pas coup\u00e9e, cela entra\u00eene <strong>\u00ab\u2009environ quatre kilom\u00e8tres de ralentissements<\/strong>\u2009\u00bb.<\/p>\n<p class=\" wall-content\">Suivez toute l\u2019actualit\u00e9 de vos villes et m\u00e9dias favoris en vous inscrivant \u00e0 <a href=\"https:\/\/moncompte.actu.fr\" title=\"D\u00e9couvez Mon Actu\" rel=\"nofollow noopener\" data-trk=\"{&quot;cta&quot;:{&quot;action&quot;:&quot;https:\\\/\\\/moncompte.actu.fr&quot;,&quot;category&quot;:&quot;mon compte&quot;,&quot;from&quot;:&quot;article footer&quot;,&quot;name&quot;:&quot;Mon actu&quot;,&quot;type&quot;:&quot;cta&quot;}}\" target=\"_blank\">Mon Actu<\/a>.<\/p>\n","protected":false},"excerpt":{"rendered":"Par Paul-Emile Bouchy Publi\u00e9 le 19 juin 2025 \u00e0 10h50 Jeudi 19\u00a0juin, vers 9h40, les pompiers ont \u00e9t\u00e9&hellip;\n","protected":false},"author":2,"featured_media":100751,"comment_status":"","ping_status":"","sticky":false,"template":"","format":"standard","meta":{"footnotes":""},"categories":[9635],"tags":[1111,11,13404,1777,674,118,1011,27,775,803,1702,12,1311,25],"class_list":{"0":"post-189466","1":"post","2":"type-post","3":"status-publish","4":"format-standard","5":"has-post-thumbnail","7":"category-nancy","8":"tag-actu","9":"tag-actualites","10":"tag-autoroute-31-a31","11":"tag-eu","12":"tag-europe","13":"tag-faits-divers","14":"tag-fr","15":"tag-france","16":"tag-grand-est","17":"tag-info-trafic","18":"tag-nancy","19":"tag-news","20":"tag-pompiers","21":"tag-republique-francaise"},"share_on_mastodon":{"url":"https:\/\/pubeurope.com\/@fr\/114712361226566628","error":""},"_links":{"self":[{"href":"https:\/\/www.europesays.com\/fr\/wp-json\/wp\/v2\/posts\/189466","targetHints":{"allow":["GET"]}}],"collection":[{"href":"https:\/\/www.europesays.com\/fr\/wp-json\/wp\/v2\/posts"}],"about":[{"href":"https:\/\/www.europesays.com\/fr\/wp-json\/wp\/v2\/types\/post"}],"author":[{"embeddable":true,"href":"https:\/\/www.europesays.com\/fr\/wp-json\/wp\/v2\/users\/2"}],"replies":[{"embeddable":true,"href":"https:\/\/www.europesays.com\/fr\/wp-json\/wp\/v2\/comments?post=189466"}],"version-history":[{"count":0,"href":"https:\/\/www.europesays.com\/fr\/wp-json\/wp\/v2\/posts\/189466\/revisions"}],"wp:featuredmedia":[{"embeddable":true,"href":"https:\/\/www.europesays.com\/fr\/wp-json\/wp\/v2\/media\/100751"}],"wp:attachment":[{"href":"https:\/\/www.europesays.com\/fr\/wp-json\/wp\/v2\/media?parent=189466"}],"wp:term":[{"taxonomy":"category","embeddable":true,"href":"https:\/\/www.europesays.com\/fr\/wp-json\/wp\/v2\/categories?post=189466"},{"taxonomy":"post_tag","embeddable":true,"href":"https:\/\/www.europesays.com\/fr\/wp-json\/wp\/v2\/tags?post=189466"}],"curies":[{"name":"wp","href":"https:\/\/api.w.org\/{rel}","templated":true}]}}