{"id":189471,"date":"2025-06-19T22:23:17","date_gmt":"2025-06-19T22:23:17","guid":{"rendered":"https:\/\/www.europesays.com\/fr\/189471\/"},"modified":"2025-06-19T22:23:17","modified_gmt":"2025-06-19T22:23:17","slug":"toulon-2025-la-ville-du-sud-qui-dejoue-toutes-les-previsions-du-marche-immobilier-actual-immo","status":"publish","type":"post","link":"https:\/\/www.europesays.com\/fr\/189471\/","title":{"rendered":"Toulon 2025\u202f: la ville du Sud qui d\u00e9joue toutes les pr\u00e9visions du march\u00e9 immobilier &#8211; Actual Immo"},"content":{"rendered":"<p><strong>Nich\u00e9e sur la c\u00f4te m\u00e9diterran\u00e9enne, Toulon surprend par sa capacit\u00e9 \u00e0 offrir un march\u00e9 immobilier \u00e0 la fois vivace et abordable. Face \u00e0 des voisines aux prix \u00e9lev\u00e9s, elle fait figure de bon \u00e9l\u00e8ve pour ceux qui souhaitent investir ou s\u2019installer dans le Sud sans exploser leur budget. Entre nouvelle attractivit\u00e9, quartiers en vogue et demande locative toujours solide, la ville r\u00e9v\u00e8le plusieurs facettes qui pourraient bien convaincre plus d\u2019un acheteur ou investisseur d\u2019y poser ses valises.<\/strong><\/p>\n<p>Pourquoi l\u2019immobilier toulonnais s\u00e9duit-il autant\u00a0?<\/p>\n<p>Toulon n\u2019a plus rien de la discr\u00e8te voisine d\u2019autrefois. Les <strong>prix immobiliers<\/strong> affichent une progression mod\u00e9r\u00e9e mais r\u00e9guli\u00e8re, signe d\u2019une <strong>robustesse rare dans le Sud-Est<\/strong>.<\/p>\n<p>Le march\u00e9 est particuli\u00e8rement port\u00e9 par les <strong>appartements T2 et T3<\/strong>, tr\u00e8s appr\u00e9ci\u00e9s par les jeunes acqu\u00e9reurs comme par les investisseurs ciblant la location.<\/p>\n<p>Cette stabilit\u00e9 attire aussi bien les habitants locaux que les nouveaux arrivants. Ce dynamisme repose sur plusieurs facteurs concrets.<\/p>\n<p>D\u2019abord, Toulon reste l\u2019une des rares grandes villes du Sud o\u00f9 <strong>l\u2019achat immobilier demeure accessible<\/strong>, tandis que d\u2019autres localit\u00e9s d\u00e9passent facilement le seuil symbolique des 5 000 \u20ac \/ m\u00b2.<\/p>\n<p>La forte pr\u00e9sence d\u2019\u00e9tudiants, gr\u00e2ce \u00e0 un <strong>p\u00f4le universitaire comp\u00e9titif<\/strong>, ainsi qu\u2019un tissu \u00e9conomique actif, garantissent une <strong>facilit\u00e9 de location<\/strong> ind\u00e9niable.<\/p>\n<p>Enfin, l\u2019atmosph\u00e8re baln\u00e9aire et les espaces naturels environnants renforcent ce sentiment de qualit\u00e9 de vie tant recherch\u00e9 aujourd\u2019hui.<\/p>\n<ul class=\"wp-block-list\">\n<li>Prix au m\u00e8tre carr\u00e9 encore raisonnables selon les secteurs<\/li>\n<li>Cadre de vie entre mer et collines<\/li>\n<li>Infrastructure urbaine modernis\u00e9e<\/li>\n<li>Demande locative stimul\u00e9e par les \u00e9tudiants et les actifs<\/li>\n<\/ul>\n<p>Quels quartiers de Toulon sont les plus recherch\u00e9s\u00a0?<\/p>\n<p>Certains <strong>quartiers de Toulon<\/strong> se d\u00e9marquent nettement, chacun offrant ses propres atouts et s\u00e9duisant une client\u00e8le vari\u00e9e.<\/p>\n<p>Sur le littoral, <strong>Le Mourillon<\/strong> garde la cote gr\u00e2ce \u00e0 sa proximit\u00e9 imm\u00e9diate avec la plage, proposant un cadre de vie m\u00e9diterran\u00e9en authentique.<\/p>\n<p>Ce secteur affiche logiquement des tarifs \u00e9lev\u00e9s, surtout pour les logements b\u00e9n\u00e9ficiant d\u2019une vue sur la mer.<\/p>\n<p>Ceux qui appr\u00e9cient l\u2019animation quotidienne privil\u00e9gient le <strong>centre-ville<\/strong>, tr\u00e8s vivant, avec un acc\u00e8s rapide aux commerces et aux transports.<\/p>\n<p>En s\u2019\u00e9loignant du centre, d\u2019autres secteurs prennent de l\u2019int\u00e9r\u00eat.<\/p>\n<p><strong>La Serinette<\/strong> s\u00e9duit par son \u00e9quilibre entre tranquillit\u00e9 r\u00e9sidentielle et acc\u00e8s facile aux commodit\u00e9s urbaines.<\/p>\n<p><strong>Pont-du-Las<\/strong> attire principalement les familles d\u00e9sireuses de calme et d\u2019espaces verts, tout en restant parmi les zones les plus accessibles en termes de prix.<\/p>\n<tr>QuartierCaract\u00e9ristiques principales<\/tr>\n<tr>\n<td>Le Mourillon<\/td>\n<td>Charme baln\u00e9aire, proximit\u00e9 imm\u00e9diate avec la plage, tarifs \u00e9lev\u00e9s, id\u00e9al pour profiter des plages<\/td>\n<\/tr>\n<tr>\n<td>Centre-ville<\/td>\n<td>Dynamique, acc\u00e8s rapide aux commerces et transports, appr\u00e9ci\u00e9 pour la location \u00e9tudiante ou saisonni\u00e8re<\/td>\n<\/tr>\n<tr>\n<td>La Serinette<\/td>\n<td>\u00c9quilibre entre tranquillit\u00e9 r\u00e9sidentielle et commodit\u00e9s, compromis id\u00e9al pour familles et jeunes actifs<\/td>\n<\/tr>\n<tr>\n<td>Pont-du-Las<\/td>\n<td>R\u00e9putation paisible, espaces verts, zone accessible, propice aux projets r\u00e9sidentiels familiaux<\/td>\n<\/tr>\n<p>Quelles tendances pour l\u2019investissement locatif \u00e0 Toulon\u00a0?<\/p>\n<p>L\u2019<strong>investissement locatif<\/strong> \u00e0 Toulon conserve toute son attractivit\u00e9 gr\u00e2ce \u00e0 un flux continu d\u2019\u00e9tudiants et de jeunes actifs, alimentant la demande chaque ann\u00e9e.<\/p>\n<p>Les <strong>universit\u00e9s, h\u00f4pitaux<\/strong> et p\u00f4les \u00e9conomiques g\u00e9n\u00e8rent un besoin constant de logement, meubl\u00e9 ou vide, ce qui rassure les propri\u00e9taires-bailleurs quant \u00e0 la facilit\u00e9 de louer leurs biens.<\/p>\n<p>Les <strong>rendements bruts<\/strong> observ\u00e9s sont g\u00e9n\u00e9ralement sup\u00e9rieurs \u00e0 ceux constat\u00e9s dans les villes voisines plus ch\u00e8res.<\/p>\n<p>Face \u00e0 la tension persistante sur le march\u00e9, les biens r\u00e9nov\u00e9s \u2014 studios, T2 ou maisons familiales \u2014 trouvent rapidement preneur.<\/p>\n<p>Ces \u00e9l\u00e9ments renforcent l\u2019attrait de la <strong>pierre toulonnaise<\/strong> aupr\u00e8s des investisseurs avertis, soucieux de rentabilit\u00e9 et de s\u00e9curit\u00e9.<\/p>\n<ul class=\"wp-block-list\">\n<li>Appartements proches des \u00e9tablissements universitaires \u00e0 privil\u00e9gier<\/li>\n<li>Logements avec ext\u00e9rieur appr\u00e9ci\u00e9s dans les quartiers calmes<\/li>\n<li>Biens ayant b\u00e9n\u00e9fici\u00e9 de travaux \u00e9nerg\u00e9tiques r\u00e9cents valoris\u00e9s<\/li>\n<\/ul>\n<p>Toulon et ses voisines\u00a0: comment se positionne la ville\u00a0?<\/p>\n<p>En comparant <strong>Toulon<\/strong> aux communes alentour, on constate qu\u2019elle occupe une place interm\u00e9diaire avantageuse.<\/p>\n<p>Moins ch\u00e8re que Hy\u00e8res mais plus dynamique \u00e9conomiquement que La Seyne-sur-Mer, elle combine <strong>prix ma\u00eetris\u00e9s<\/strong> et vitalit\u00e9 culturelle remarqu\u00e9e.<\/p>\n<p>La politique de <strong>modernisation urbaine<\/strong>, avec la r\u00e9novation des quartiers et le d\u00e9veloppement des transports, renforce le potentiel de valorisation du parc immobilier local.<\/p>\n<p>\u00c0 moyen terme, cette situation pourrait accentuer la hausse progressive des prix et resserrer davantage l\u2019offre disponible, tout en pr\u00e9servant un <strong>environnement tourn\u00e9 vers la mer et le tourisme<\/strong>.<\/p>\n<p>Quels profils d\u2019acqu\u00e9reurs et vendeurs trouve-t-on \u00e0 Toulon\u00a0?<\/p>\n<p>Le profil type d\u2019<strong>acqu\u00e9reur<\/strong> a \u00e9volu\u00e9\u00a0: \u00e0 c\u00f4t\u00e9 du primo-acc\u00e9dant cherchant une r\u00e9sidence principale, nombre d\u2019investisseurs misent d\u00e9sormais sur le rendement locatif.<\/p>\n<p>Certains privil\u00e9gient l\u2019achat de petites surfaces afin d\u2019optimiser la rentabilit\u00e9 via la location meubl\u00e9e, tandis que d\u2019autres optent pour des <strong>maisons avec jardin<\/strong>, id\u00e9ales pour la vie familiale.<\/p>\n<p>C\u00f4t\u00e9 vendeur, la tendance va \u00e0 la <strong>valorisation du bien avant mise en vente<\/strong>\u00a0: travaux de r\u00e9novation, optimisation \u00e9nerg\u00e9tique, annonces soign\u00e9es avec photos de qualit\u00e9\u2026<\/p>\n<p>Ces d\u00e9marches contribuent \u00e0 soutenir une concurrence saine et \u00e0 renforcer l\u2019image attractive du <strong>secteur immobilier toulonnais<\/strong>.<\/p>\n","protected":false},"excerpt":{"rendered":"Nich\u00e9e sur la c\u00f4te m\u00e9diterran\u00e9enne, Toulon surprend par sa capacit\u00e9 \u00e0 offrir un march\u00e9 immobilier \u00e0 la fois&hellip;\n","protected":false},"author":2,"featured_media":189472,"comment_status":"","ping_status":"","sticky":false,"template":"","format":"standard","meta":{"footnotes":""},"categories":[9619],"tags":[5189,1111,11,1777,674,1011,27,32729,2140,12,882,25,2310],"class_list":{"0":"post-189471","1":"post","2":"type-post","3":"status-publish","4":"format-standard","5":"has-post-thumbnail","7":"category-toulon","8":"tag-achat-immobilier","9":"tag-actu","10":"tag-actualites","11":"tag-eu","12":"tag-europe","13":"tag-fr","14":"tag-france","15":"tag-investissement-locatif","16":"tag-marche-immobilier","17":"tag-news","18":"tag-provence-alpes-cote-dazur","19":"tag-republique-francaise","20":"tag-toulon"},"share_on_mastodon":{"url":"https:\/\/pubeurope.com\/@fr\/114712373110966227","error":""},"_links":{"self":[{"href":"https:\/\/www.europesays.com\/fr\/wp-json\/wp\/v2\/posts\/189471","targetHints":{"allow":["GET"]}}],"collection":[{"href":"https:\/\/www.europesays.com\/fr\/wp-json\/wp\/v2\/posts"}],"about":[{"href":"https:\/\/www.europesays.com\/fr\/wp-json\/wp\/v2\/types\/post"}],"author":[{"embeddable":true,"href":"https:\/\/www.europesays.com\/fr\/wp-json\/wp\/v2\/users\/2"}],"replies":[{"embeddable":true,"href":"https:\/\/www.europesays.com\/fr\/wp-json\/wp\/v2\/comments?post=189471"}],"version-history":[{"count":0,"href":"https:\/\/www.europesays.com\/fr\/wp-json\/wp\/v2\/posts\/189471\/revisions"}],"wp:featuredmedia":[{"embeddable":true,"href":"https:\/\/www.europesays.com\/fr\/wp-json\/wp\/v2\/media\/189472"}],"wp:attachment":[{"href":"https:\/\/www.europesays.com\/fr\/wp-json\/wp\/v2\/media?parent=189471"}],"wp:term":[{"taxonomy":"category","embeddable":true,"href":"https:\/\/www.europesays.com\/fr\/wp-json\/wp\/v2\/categories?post=189471"},{"taxonomy":"post_tag","embeddable":true,"href":"https:\/\/www.europesays.com\/fr\/wp-json\/wp\/v2\/tags?post=189471"}],"curies":[{"name":"wp","href":"https:\/\/api.w.org\/{rel}","templated":true}]}}