{"id":189478,"date":"2025-06-19T22:28:15","date_gmt":"2025-06-19T22:28:15","guid":{"rendered":"https:\/\/www.europesays.com\/fr\/189478\/"},"modified":"2025-06-19T22:28:15","modified_gmt":"2025-06-19T22:28:15","slug":"metropole-de-grenoble-en-fuyant-la-police-le-suspect-a-trottinette-laisse-tomber-10-kilos-de-drogue","status":"publish","type":"post","link":"https:\/\/www.europesays.com\/fr\/189478\/","title":{"rendered":"M\u00e9tropole de Grenoble. En fuyant la police, le suspect \u00e0 trottinette laisse tomber 10\u00a0kilos de drogue"},"content":{"rendered":"<p>Alors qu\u2019ils patrouillaient dans le quartier de la Ville-Neuve \u00e0 \u00c9chirolles, dans la nuit du mercredi\u00a018 au jeudi 19\u00a0juin, les policiers grenoblois ont voulu contr\u00f4ler un homme juch\u00e9 sur une trottinette \u00e9lectrique, vers minuit et demi, rue de Bretagne.<\/p>\n<p>Mais le suspect a refus\u00e9 de se soumettre au contr\u00f4le et a pris la fuite, laissant accidentellement tomber un sac-poubelle.<\/p>\n<p>Ce contenu est bloqu\u00e9 car vous n&rsquo;avez pas accept\u00e9 les cookies et autres traceurs.<\/p>\n<p>En cliquant sur \u00ab J\u2019accepte \u00bb, les cookies et autres traceurs seront d\u00e9pos\u00e9s et vous pourrez visualiser les contenus  (<a href=\"\" class=\"consentModule_policy\" target=\"_blank\" title=\"Consulter la politique de protection des donn\u00e9es du fournisseur\">plus d&rsquo;informations<\/a>).<\/p>\n<p>En cliquant sur \u00ab J\u2019accepte tous les cookies \u00bb, vous autorisez des d\u00e9p\u00f4ts de cookies et autres traceurs pour le stockage de vos donn\u00e9es sur nos sites et applications \u00e0 des fins de personnalisation et de ciblage publicitaire.<\/p>\n<p class=\"consentModule_secondaryText\">Vous gardez la possibilit\u00e9 de retirer votre consentement \u00e0 tout moment en consultant notre <a href=\"https:\/\/www.ledauphine.com\/protection-des-donnees\" target=\"_blank\" title=\"Consulter notre politique de protection des donn\u00e9es\" rel=\"noopener\">politique de protection des donn\u00e9es<\/a>. <br \/>&#13;<br \/>\n            <a href=\"https:\/\/www.ledauphine.com\/faits-divers-justice\/2025\/06\/19\/javascript:Didomi.notice.show()\" class=\"consentModule_cmp\" target=\"_blank\" rel=\"noopener\">G\u00e9rer mes choix<\/a>&#13;\n        <\/p>\n<p>&#13;<br \/>\n                        J&rsquo;accepte&#13;<br \/>\n            J&rsquo;accepte tous les cookies&#13;\n        <\/p>\n<p>Sac que les policiers ont ramass\u00e9 et dans lequel ils ont trouv\u00e9 77 sachets contenant chacun une vingtaine de capsules de r\u00e9sine de cannabis, pour un poids total de 10,7\u00a0kilos.<\/p>\n<p>La drogue a \u00e9t\u00e9 saisie en vue de sa destruction mais le fuyard n\u2019a pas pu \u00eatre rattrap\u00e9.<\/p>\n","protected":false},"excerpt":{"rendered":"Alors qu\u2019ils patrouillaient dans le quartier de la Ville-Neuve \u00e0 \u00c9chirolles, dans la nuit du mercredi\u00a018 au jeudi&hellip;\n","protected":false},"author":2,"featured_media":189479,"comment_status":"","ping_status":"","sticky":false,"template":"","format":"standard","meta":{"footnotes":""},"categories":[9566],"tags":[1111,11,2430,271,272,9852,9853,112,1777,674,274,107,1011,27,2731,108,12,25],"class_list":{"0":"post-189478","1":"post","2":"type-post","3":"status-publish","4":"format-standard","5":"has-post-thumbnail","7":"category-grenoble","8":"tag-actu","9":"tag-actualites","10":"tag-auvergne-rhone-alpes","11":"tag-crime","12":"tag-delit-et-contravention","13":"tag-echirolles","14":"tag-echirolles-bassin","15":"tag-edition-grenoble-agglomeration","16":"tag-eu","17":"tag-europe","18":"tag-faits-divers-justice","19":"tag-fil-info","20":"tag-fr","21":"tag-france","22":"tag-grenoble","23":"tag-isere","24":"tag-news","25":"tag-republique-francaise"},"share_on_mastodon":{"url":"https:\/\/pubeurope.com\/@fr\/114712392753811205","error":""},"_links":{"self":[{"href":"https:\/\/www.europesays.com\/fr\/wp-json\/wp\/v2\/posts\/189478","targetHints":{"allow":["GET"]}}],"collection":[{"href":"https:\/\/www.europesays.com\/fr\/wp-json\/wp\/v2\/posts"}],"about":[{"href":"https:\/\/www.europesays.com\/fr\/wp-json\/wp\/v2\/types\/post"}],"author":[{"embeddable":true,"href":"https:\/\/www.europesays.com\/fr\/wp-json\/wp\/v2\/users\/2"}],"replies":[{"embeddable":true,"href":"https:\/\/www.europesays.com\/fr\/wp-json\/wp\/v2\/comments?post=189478"}],"version-history":[{"count":0,"href":"https:\/\/www.europesays.com\/fr\/wp-json\/wp\/v2\/posts\/189478\/revisions"}],"wp:featuredmedia":[{"embeddable":true,"href":"https:\/\/www.europesays.com\/fr\/wp-json\/wp\/v2\/media\/189479"}],"wp:attachment":[{"href":"https:\/\/www.europesays.com\/fr\/wp-json\/wp\/v2\/media?parent=189478"}],"wp:term":[{"taxonomy":"category","embeddable":true,"href":"https:\/\/www.europesays.com\/fr\/wp-json\/wp\/v2\/categories?post=189478"},{"taxonomy":"post_tag","embeddable":true,"href":"https:\/\/www.europesays.com\/fr\/wp-json\/wp\/v2\/tags?post=189478"}],"curies":[{"name":"wp","href":"https:\/\/api.w.org\/{rel}","templated":true}]}}