{"id":189483,"date":"2025-06-19T22:31:38","date_gmt":"2025-06-19T22:31:38","guid":{"rendered":"https:\/\/www.europesays.com\/fr\/189483\/"},"modified":"2025-06-19T22:31:38","modified_gmt":"2025-06-19T22:31:38","slug":"face-a-la-canicule-la-vigilance-orange-declenchee-a-rennes-et-en-ille-et-vilaine","status":"publish","type":"post","link":"https:\/\/www.europesays.com\/fr\/189483\/","title":{"rendered":"face \u00e0 la canicule, la vigilance orange d\u00e9clench\u00e9e \u00e0 Rennes et en Ille-et-Vilaine"},"content":{"rendered":"<p>            Par<br \/>\n        <strong><br \/>\n            <a href=\"https:\/\/actu.fr\/auteur\/brian-legoff\" title=\"Consulter tous les articles de Brian Le Goff\" rel=\"nofollow noopener\" target=\"_blank\">Brian Le Goff<\/a><br \/>\n        <\/strong><\/p>\n<p>        Publi\u00e9 le<\/p>\n<p>            19 juin 2025 \u00e0 16h34        <\/p>\n<p>La pr\u00e9fecture d\u2019<a href=\"https:\/\/actu.fr\/bretagne\/ille-et-vilaine_35\" rel=\"nofollow noopener\" target=\"_blank\">Ille-et-Vilaine<\/a> annonce, dans un tweet sur X (ex-Twitter) ce jeudi 19 juin 2025, que le <a href=\"https:\/\/actu.fr\/meteo\/fortes-chaleurs-16-departements-en-vigilance-orange-canicule-ce-vendredi-une-trentaine-en-jaune_62796945.html\" rel=\"nofollow noopener\" target=\"_blank\">d\u00e9partement sera plac\u00e9 en vigilance orange<\/a> canicule <strong>vendredi 20\u00a0juin, \u00e0 partir de 12h,<\/strong> en raison de <strong>la hausse constante des temp\u00e9ratures<\/strong> qui \u00ab\u2009pourraient atteindre <strong>37\u00a0\u00b0C<\/strong> localement\u2009\u00bb.<\/p>\n<p class=\" wall-content\">\n<p class=\" wall-content\"><a href=\"https:\/\/actu.fr\/bretagne\/rennes_35238\/canicule-rennes-et-le-departement-d-ille-et-vilaine-places-en-vigilance-par-meteo-france_62789411.html\" rel=\"nofollow noopener\" target=\"_blank\">D\u00e9j\u00e0 plac\u00e9s en vigilance jaune, depuis ce jeudi midi,<\/a> les Bretilliens devront donc <strong>redoubler d\u2019attention <\/strong>alors que la m\u00e9t\u00e9o devient <strong>\u00e9touffante.<\/strong> Ainsi, des pr\u00e9cautions sont \u00e0 suivre pour passer cette p\u00e9riode d\u00e9licate de la fa\u00e7on la moins d\u00e9sagr\u00e9able possible\u2009:<\/p>\n<ul class=\" wall-content\">\n<li><strong>buvez r\u00e9guli\u00e8rement de l\u2019eau<\/strong> et mouillez-vous le corps plusieurs fois par jour (douche, brumisateur\u2026) ;<\/li>\n<li>en cas de malaise ou de trouble du comportement, <strong>appelez un m\u00e9decin<\/strong>\u2009;<\/li>\n<li><strong>limitez vos activit\u00e9s physiques et sportives<\/strong>.<\/li>\n<\/ul>\n<p class=\" wall-content\">Suivez toute l\u2019actualit\u00e9 de vos villes et m\u00e9dias favoris en vous inscrivant \u00e0 <a href=\"https:\/\/moncompte.actu.fr\" title=\"D\u00e9couvez Mon Actu\" rel=\"nofollow noopener\" data-trk=\"{&quot;cta&quot;:{&quot;action&quot;:&quot;https:\\\/\\\/moncompte.actu.fr&quot;,&quot;category&quot;:&quot;mon compte&quot;,&quot;from&quot;:&quot;article footer&quot;,&quot;name&quot;:&quot;Mon actu&quot;,&quot;type&quot;:&quot;cta&quot;}}\" target=\"_blank\">Mon Actu<\/a>.<\/p>\n","protected":false},"excerpt":{"rendered":"Par Brian Le Goff Publi\u00e9 le 19 juin 2025 \u00e0 16h34 La pr\u00e9fecture d\u2019Ille-et-Vilaine annonce, dans un tweet&hellip;\n","protected":false},"author":2,"featured_media":189484,"comment_status":"","ping_status":"","sticky":false,"template":"","format":"standard","meta":{"footnotes":""},"categories":[2821],"tags":[1111,11,829,6698,1777,674,1011,27,2487,2357,12,584,25,15637],"class_list":{"0":"post-189483","1":"post","2":"type-post","3":"status-publish","4":"format-standard","5":"has-post-thumbnail","7":"category-rennes","8":"tag-actu","9":"tag-actualites","10":"tag-bretagne","11":"tag-canicule","12":"tag-eu","13":"tag-europe","14":"tag-fr","15":"tag-france","16":"tag-meteo","17":"tag-meteo-france","18":"tag-news","19":"tag-rennes","20":"tag-republique-francaise","21":"tag-vague-de-chaleur"},"share_on_mastodon":{"url":"https:\/\/pubeurope.com\/@fr\/114712404542600216","error":""},"_links":{"self":[{"href":"https:\/\/www.europesays.com\/fr\/wp-json\/wp\/v2\/posts\/189483","targetHints":{"allow":["GET"]}}],"collection":[{"href":"https:\/\/www.europesays.com\/fr\/wp-json\/wp\/v2\/posts"}],"about":[{"href":"https:\/\/www.europesays.com\/fr\/wp-json\/wp\/v2\/types\/post"}],"author":[{"embeddable":true,"href":"https:\/\/www.europesays.com\/fr\/wp-json\/wp\/v2\/users\/2"}],"replies":[{"embeddable":true,"href":"https:\/\/www.europesays.com\/fr\/wp-json\/wp\/v2\/comments?post=189483"}],"version-history":[{"count":0,"href":"https:\/\/www.europesays.com\/fr\/wp-json\/wp\/v2\/posts\/189483\/revisions"}],"wp:featuredmedia":[{"embeddable":true,"href":"https:\/\/www.europesays.com\/fr\/wp-json\/wp\/v2\/media\/189484"}],"wp:attachment":[{"href":"https:\/\/www.europesays.com\/fr\/wp-json\/wp\/v2\/media?parent=189483"}],"wp:term":[{"taxonomy":"category","embeddable":true,"href":"https:\/\/www.europesays.com\/fr\/wp-json\/wp\/v2\/categories?post=189483"},{"taxonomy":"post_tag","embeddable":true,"href":"https:\/\/www.europesays.com\/fr\/wp-json\/wp\/v2\/tags?post=189483"}],"curies":[{"name":"wp","href":"https:\/\/api.w.org\/{rel}","templated":true}]}}