{"id":189507,"date":"2025-06-19T22:48:09","date_gmt":"2025-06-19T22:48:09","guid":{"rendered":"https:\/\/www.europesays.com\/fr\/189507\/"},"modified":"2025-06-19T22:48:09","modified_gmt":"2025-06-19T22:48:09","slug":"football-feminin-lille-supprime-son-equipe-reserve-france-lille-f","status":"publish","type":"post","link":"https:\/\/www.europesays.com\/fr\/189507\/","title":{"rendered":"Football f\u00e9minin : Lille supprime son \u00e9quipe r\u00e9serve &#8211; France &#8211; Lille (F)"},"content":{"rendered":"<p>Et \u00e0 la fin c\u2019est toujours les m\u00eames qui trinquent.<\/p>\n<p>Alors que beaucoup de clubs cherchent \u00e0 vendre leur section f\u00e9minine pour effectuer des \u00e9conomies, Lille a opt\u00e9 pour une autre solution radicale : <strong>supprimer son \u00e9quipe r\u00e9serve<\/strong>. Alors que le LOSC a officialis\u00e9 l\u2019arriv\u00e9e de Mathieu Robail, \u00e0 la place de Yacine Guesmia, sur le banc de son \u00e9quipe fanion, il a \u00e9galement act\u00e9 la mort de sa r\u00e9serve. Une trag\u00e9die pour les Dogues puisque<strong> l\u2019\u00e9quipe qui \u00e9voluait en R\u00e9gional 1 avait termin\u00e9 championne en 2024<\/strong>, mais n\u2019avait pas pu \u00e9voluer \u00e0 l\u2019\u00e9chelon sup\u00e9rieur \u00e0 cause de la r\u00e9glementation de la FFF et de la descente en Seconde Ligue de son \u00e9quipe premi\u00e8re \u00e0 l\u2019issue de la saison 2023-2024.<\/p>\n<blockquote class=\"twitter-tweet-lazy\" data-width=\"500\" data-dnt=\"true\">\n<p lang=\"fr\" dir=\"ltr\">\ud83d\udd34 OFFICIEL ! Le LOSC d\u00e9cide de supprimer son \u00e9quipe r\u00e9serve f\u00e9minine. \u274c <\/p>\n<p>L\u2019\u00e9quipe lilloise avait pourtant remport\u00e9 deux titres en deux ans dont celui de championne de R\u00e9gional 1 en 2024. <\/p>\n<p>Dans le communiqu\u00e9, le LOSC justifie cette d\u00e9cision par \u00ab\u00a0des \u00e9volutions dans\u2026 <a target=\"_blank\" href=\"https:\/\/t.co\/HhkFPpxjB3\" rel=\"nofollow\">pic.twitter.com\/HhkFPpxjB3<\/a><\/p>\n<p>\u2014 Premi\u00e8re Ligue Reporter (@clem_reporter) <a target=\"_blank\" href=\"https:\/\/twitter.com\/clem_reporter\/status\/1935438608858759308?ref_src=twsrc%5Etfw\" rel=\"nofollow noopener\">June 18, 2025<\/a><\/p>\n<\/blockquote>\n<p><a target=\"_blank\" href=\"https:\/\/www.losc.fr\/actualites\/2025-06-18\/mathieu-robail-enfant-du-losc-nomme-entraineur-de-lequipe-feminine\" rel=\"nofollow noopener\">Dans son communiqu\u00e9<\/a> le club indique que la suppression de l\u2019\u00e9quipe r\u00e9serve intervient pour permettre des \u00ab\u202f\u00e9volutions dans l\u2019organisation de sa section f\u00e9minine, notamment au niveau de la post-formation, afin d\u2019optimiser le parcours de formation de ses joueuses\u202f\u00bb et assure qu\u2019un\u00ab\u202ftravail plus important encore va \u00eatre port\u00e9 sur la formation et le d\u00e9veloppement de jeunes talents, dans l\u2019objectif prioritaire d\u2019acc\u00e9l\u00e9rer l\u2019\u00e9mergence de jeunes joueuses au sein de l\u2019\u00e9quipe premi\u00e8re qui doit \u00eatre compos\u00e9e, \u00e0 terme, d\u2019une grande majorit\u00e9 de joueuses issues de la r\u00e9gion et de l\u2019acad\u00e9mie lilloise.\u00a0\u00bb<\/p>\n<p>Le monde \u00e0 l\u2019envers.<\/p>\n<p>\t\t\t\t\t\t\t\t\t\t<a class=\"lien-connexe\" href=\"https:\/\/www.sofoot.com\/articles\/guerie-du-cancer-claire-lelarge-reprend-son-chemin-avec-le-losc\" rel=\"nofollow noopener\" target=\"_blank\">Claire Lelarge, enfin d\u00e9marqu\u00e9e du cancer<\/a>\t\t\t\t\t<script async src=\"https:\/\/platform.twitter.com\/widgets.js\" charset=\"utf-8\"><\/script><\/p>\n","protected":false},"excerpt":{"rendered":"Et \u00e0 la fin c\u2019est toujours les m\u00eames qui trinquent. Alors que beaucoup de clubs cherchent \u00e0 vendre&hellip;\n","protected":false},"author":2,"featured_media":189508,"comment_status":"","ping_status":"","sticky":false,"template":"","format":"standard","meta":{"footnotes":""},"categories":[2815],"tags":[1111,47,11,61,69,65,64,1777,674,63,1011,27,811,68,66,1307,12,62,70,25,67],"class_list":{"0":"post-189507","1":"post","2":"type-post","3":"status-publish","4":"format-standard","5":"has-post-thumbnail","7":"category-lille","8":"tag-actu","9":"tag-actualite","10":"tag-actualites","11":"tag-actus-football","12":"tag-bundesliga","13":"tag-championnats-europeens","14":"tag-equipe-de-france","15":"tag-eu","16":"tag-europe","17":"tag-football","18":"tag-fr","19":"tag-france","20":"tag-hauts-de-france","21":"tag-ligua","22":"tag-ligue-1","23":"tag-lille","24":"tag-news","25":"tag-news-foot","26":"tag-premier-league","27":"tag-republique-francaise","28":"tag-serie-a"},"share_on_mastodon":{"url":"https:\/\/pubeurope.com\/@fr\/114712471427315572","error":""},"_links":{"self":[{"href":"https:\/\/www.europesays.com\/fr\/wp-json\/wp\/v2\/posts\/189507","targetHints":{"allow":["GET"]}}],"collection":[{"href":"https:\/\/www.europesays.com\/fr\/wp-json\/wp\/v2\/posts"}],"about":[{"href":"https:\/\/www.europesays.com\/fr\/wp-json\/wp\/v2\/types\/post"}],"author":[{"embeddable":true,"href":"https:\/\/www.europesays.com\/fr\/wp-json\/wp\/v2\/users\/2"}],"replies":[{"embeddable":true,"href":"https:\/\/www.europesays.com\/fr\/wp-json\/wp\/v2\/comments?post=189507"}],"version-history":[{"count":0,"href":"https:\/\/www.europesays.com\/fr\/wp-json\/wp\/v2\/posts\/189507\/revisions"}],"wp:featuredmedia":[{"embeddable":true,"href":"https:\/\/www.europesays.com\/fr\/wp-json\/wp\/v2\/media\/189508"}],"wp:attachment":[{"href":"https:\/\/www.europesays.com\/fr\/wp-json\/wp\/v2\/media?parent=189507"}],"wp:term":[{"taxonomy":"category","embeddable":true,"href":"https:\/\/www.europesays.com\/fr\/wp-json\/wp\/v2\/categories?post=189507"},{"taxonomy":"post_tag","embeddable":true,"href":"https:\/\/www.europesays.com\/fr\/wp-json\/wp\/v2\/tags?post=189507"}],"curies":[{"name":"wp","href":"https:\/\/api.w.org\/{rel}","templated":true}]}}