{"id":189511,"date":"2025-06-19T22:50:10","date_gmt":"2025-06-19T22:50:10","guid":{"rendered":"https:\/\/www.europesays.com\/fr\/189511\/"},"modified":"2025-06-19T22:50:10","modified_gmt":"2025-06-19T22:50:10","slug":"ce-qui-fait-peur-cest-que-ce-genre-de-comportement-va-se-traduire-demain-a-lhopital-liberation","status":"publish","type":"post","link":"https:\/\/www.europesays.com\/fr\/189511\/","title":{"rendered":"\u00abCe qui fait peur, c\u2019est que ce genre de comportement va se traduire demain \u00e0 l\u2019h\u00f4pital\u00bb \u2013 Lib\u00e9ration"},"content":{"rendered":"<p class=\"sc-ksZaOG ehjQrN text-element\">Les larmes sont mont\u00e9es d\u2019un coup. Pourtant, Mariem (1) avait parl\u00e9 droit et ferme durant pr\u00e8s d\u2019une heure, mercredi 18 juin au matin, attabl\u00e9e \u00e0 un caf\u00e9 face \u00e0 l\u2019universit\u00e9 avec ses amies Amina et Sarah (1). Elle avait ri aussi, nerveusement, en racontant ces instantan\u00e9s de racisme latent trop longtemps accumul\u00e9s que l\u2019\u00e9tudiante de 22 ans ne veut plus, d\u00e9sormais, passer sous silence. Mariem l\u2019a \u00e9crit dans une lettre adress\u00e9e la semaine derni\u00e8re au doyen de la facult\u00e9 de m\u00e9decine d\u2019Aix-Marseille, qu\u2019elle fr\u00e9quente depuis cinq ans : elle est \u00absous le choc face \u00e0 une accumulation d\u2019actes et de propos qui gangr\u00e8nent notre facult\u00e9, dans une indiff\u00e9rence institutionnelle qui ne fait qu\u2019aggraver le malaise ressenti par nombre d\u2019entre nous\u00bb.<\/p>\n<p class=\"sc-ksZaOG ehjQrN text-element\">Vendredi, c\u2019est au hasard de ses r\u00e9seaux sociaux que l\u2019\u00e9tudiante tombe sur un post reprenant une image tir\u00e9e de la page Facebook de l\u2019association marseillaise pour le crit\u00e9rium. Le \u00abcrit\u00bb, ce sont ces soir\u00e9es qui r\u00e9unissent plusieurs fois dans l\u2019ann\u00e9e des \u00e9tudiants en m\u00e9decine de toute la France. Des soir\u00e9es o\u00f9 beuverie et allusions sexuelles ou scatologiques marchent souvent ensemble, univers de carabin bourrin vieux comme la fac. D\u00e9but juin, les Marseillais ont publi\u00e9 le th\u00e8me choisi pour leur prochaine f\u00eate : ce sera \u00abOne, two, crit, viva Alg\u00e9rie.\u00bb Grosse ambiance en perspective\u2026<\/p>\n<p class=\"sc-ksZaOG ehjQrN text-element\">Dans la foul\u00e9e, les publications d\u00e9g\u00e9n\u00e8rent. De futurs participants changent leur photo de profil en les rempla\u00e7ant par des images customis\u00e9es d\u2019ancienn<\/p>\n","protected":false},"excerpt":{"rendered":"Les larmes sont mont\u00e9es d\u2019un coup. Pourtant, Mariem (1) avait parl\u00e9 droit et ferme durant pr\u00e8s d\u2019une heure,&hellip;\n","protected":false},"author":2,"featured_media":189512,"comment_status":"","ping_status":"","sticky":false,"template":"","format":"standard","meta":{"footnotes":""},"categories":[2814],"tags":[1111,11,1777,674,1011,27,884,12,882,25,5768],"class_list":{"0":"post-189511","1":"post","2":"type-post","3":"status-publish","4":"format-standard","5":"has-post-thumbnail","7":"category-marseille","8":"tag-actu","9":"tag-actualites","10":"tag-eu","11":"tag-europe","12":"tag-fr","13":"tag-france","14":"tag-marseille","15":"tag-news","16":"tag-provence-alpes-cote-dazur","17":"tag-republique-francaise","18":"tag-universite"},"share_on_mastodon":{"url":"https:\/\/pubeurope.com\/@fr\/114712479253943952","error":""},"_links":{"self":[{"href":"https:\/\/www.europesays.com\/fr\/wp-json\/wp\/v2\/posts\/189511","targetHints":{"allow":["GET"]}}],"collection":[{"href":"https:\/\/www.europesays.com\/fr\/wp-json\/wp\/v2\/posts"}],"about":[{"href":"https:\/\/www.europesays.com\/fr\/wp-json\/wp\/v2\/types\/post"}],"author":[{"embeddable":true,"href":"https:\/\/www.europesays.com\/fr\/wp-json\/wp\/v2\/users\/2"}],"replies":[{"embeddable":true,"href":"https:\/\/www.europesays.com\/fr\/wp-json\/wp\/v2\/comments?post=189511"}],"version-history":[{"count":0,"href":"https:\/\/www.europesays.com\/fr\/wp-json\/wp\/v2\/posts\/189511\/revisions"}],"wp:featuredmedia":[{"embeddable":true,"href":"https:\/\/www.europesays.com\/fr\/wp-json\/wp\/v2\/media\/189512"}],"wp:attachment":[{"href":"https:\/\/www.europesays.com\/fr\/wp-json\/wp\/v2\/media?parent=189511"}],"wp:term":[{"taxonomy":"category","embeddable":true,"href":"https:\/\/www.europesays.com\/fr\/wp-json\/wp\/v2\/categories?post=189511"},{"taxonomy":"post_tag","embeddable":true,"href":"https:\/\/www.europesays.com\/fr\/wp-json\/wp\/v2\/tags?post=189511"}],"curies":[{"name":"wp","href":"https:\/\/api.w.org\/{rel}","templated":true}]}}