{"id":189521,"date":"2025-06-19T22:55:18","date_gmt":"2025-06-19T22:55:18","guid":{"rendered":"https:\/\/www.europesays.com\/fr\/189521\/"},"modified":"2025-06-19T22:55:18","modified_gmt":"2025-06-19T22:55:18","slug":"tant-pis-pour-les-peripheries-liberation","status":"publish","type":"post","link":"https:\/\/www.europesays.com\/fr\/189521\/","title":{"rendered":"tant pis pour les p\u00e9riph\u00e9ries \u2013 Lib\u00e9ration"},"content":{"rendered":"<p class=\"sc-ksZaOG ehjQrN text-element\">Souviens-toi l\u2019\u00e9t\u00e9 dernier. Chaque soir, un globe dor\u00e9 s\u2019envolait dans le ciel de Paris, astre semeur d\u2019\u00e9toiles dans les yeux de la foule. La <a href=\"https:\/\/www.liberation.fr\/sports\/jeux-olympiques\/jo-de-paris-2024-comment-admirer-la-vasque-des-tuileries-meme-sans-billet-20240730_TRDYO2B2ANAD7PQPBPVLOHUYVY\/\" target=\"_blank\" rel=\"noreferrer noopener\" title=\"https:\/\/www.liberation.fr\/sports\/jeux-olympiques\/jo-de-paris-2024-comment-admirer-la-vasque-des-tuileries-meme-sans-billet-20240730_TRDYO2B2ANAD7PQPBPVLOHUYVY\/\">vasque olympique<\/a>, emport\u00e9e par un a\u00e9rostat, a \u00e9t\u00e9 l\u2019un des tubes des Jeux de\u00a02024. A peine sa premi\u00e8re ascension achev\u00e9e en mondovision, des voix se sont \u00e9lev\u00e9es \u00e0 l\u2019unisson pour r\u00e9clamer que ce voyage en montgolfi\u00e8re dure au-del\u00e0 de l\u2019\u00e9v\u00e9nement sportif. Que ce nouveau monument diffuse sa magie pour toujours, y compris celle de mettre d\u2019accord Val\u00e9rie P\u00e9cresse et Anne Hidalgo \u00e0 son sujet. Comme le titi d\u2019Albert Lamorisse et son ballon rouge, Paris ne voulait plus l\u00e2cher son ballon d\u2019or.<\/p>\n<p class=\"sc-ksZaOG ehjQrN text-element\">Son designer, <a href=\"https:\/\/www.liberation.fr\/portraits\/mathieu-lehanneur-formes-olympiques-20240116_I234U2WYEJFVHPOFVN5R52GRWE\/\" target=\"_blank\" rel=\"noreferrer noopener\" title=\"https:\/\/www.liberation.fr\/portraits\/mathieu-lehanneur-formes-olympiques-20240116_I234U2WYEJFVHPOFVN5R52GRWE\/\">Mathieu Lehanneur<\/a>, avait pr\u00e9venu\u00a0: \u00abJe souhaite qu\u2019elle reste si elle reste vivante, qu\u2019elle puisse s\u2019envoler. Si elle devenait un objet qui devenait d\u2019un seul coup fig\u00e9 comme une relique, al<\/p>\n","protected":false},"excerpt":{"rendered":"Souviens-toi l\u2019\u00e9t\u00e9 dernier. Chaque soir, un globe dor\u00e9 s\u2019envolait dans le ciel de Paris, astre semeur d\u2019\u00e9toiles dans&hellip;\n","protected":false},"author":2,"featured_media":189522,"comment_status":"","ping_status":"","sticky":false,"template":"","format":"standard","meta":{"footnotes":""},"categories":[1888],"tags":[1111,1928,11,1927,1777,674,1011,27,7941,12,1926,626,1925,25],"class_list":{"0":"post-189521","1":"post","2":"type-post","3":"status-publish","4":"format-standard","5":"has-post-thumbnail","7":"category-paris","8":"tag-actu","9":"tag-actu-paris","10":"tag-actualites","11":"tag-actualites-paris","12":"tag-eu","13":"tag-europe","14":"tag-fr","15":"tag-france","16":"tag-jo-paris-2024","17":"tag-news","18":"tag-news-paris","19":"tag-paris","20":"tag-paris-news","21":"tag-republique-francaise"},"share_on_mastodon":{"url":"https:\/\/pubeurope.com\/@fr\/114712498945749941","error":""},"_links":{"self":[{"href":"https:\/\/www.europesays.com\/fr\/wp-json\/wp\/v2\/posts\/189521","targetHints":{"allow":["GET"]}}],"collection":[{"href":"https:\/\/www.europesays.com\/fr\/wp-json\/wp\/v2\/posts"}],"about":[{"href":"https:\/\/www.europesays.com\/fr\/wp-json\/wp\/v2\/types\/post"}],"author":[{"embeddable":true,"href":"https:\/\/www.europesays.com\/fr\/wp-json\/wp\/v2\/users\/2"}],"replies":[{"embeddable":true,"href":"https:\/\/www.europesays.com\/fr\/wp-json\/wp\/v2\/comments?post=189521"}],"version-history":[{"count":0,"href":"https:\/\/www.europesays.com\/fr\/wp-json\/wp\/v2\/posts\/189521\/revisions"}],"wp:featuredmedia":[{"embeddable":true,"href":"https:\/\/www.europesays.com\/fr\/wp-json\/wp\/v2\/media\/189522"}],"wp:attachment":[{"href":"https:\/\/www.europesays.com\/fr\/wp-json\/wp\/v2\/media?parent=189521"}],"wp:term":[{"taxonomy":"category","embeddable":true,"href":"https:\/\/www.europesays.com\/fr\/wp-json\/wp\/v2\/categories?post=189521"},{"taxonomy":"post_tag","embeddable":true,"href":"https:\/\/www.europesays.com\/fr\/wp-json\/wp\/v2\/tags?post=189521"}],"curies":[{"name":"wp","href":"https:\/\/api.w.org\/{rel}","templated":true}]}}