{"id":189526,"date":"2025-06-19T22:58:11","date_gmt":"2025-06-19T22:58:11","guid":{"rendered":"https:\/\/www.europesays.com\/fr\/189526\/"},"modified":"2025-06-19T22:58:11","modified_gmt":"2025-06-19T22:58:11","slug":"a-paris-la-vasque-olympique-prepare-son-grand-retour","status":"publish","type":"post","link":"https:\/\/www.europesays.com\/fr\/189526\/","title":{"rendered":"\u00c0 Paris, la vasque olympique pr\u00e9pare son grand retour"},"content":{"rendered":"<p>\n                                                La vasque olympique, qui a illumin\u00e9 les Jeux l&rsquo;ann\u00e9e derni\u00e8re, est de retour \u00e0 Paris, dans le c\u00e9l\u00e8bre jardin des Tuileries, en plein c\u0153ur de la capitale. Si la m\u00e9t\u00e9o le permet, elle s\u2019allumera ce samedi 21 juin et tous les soirs jusqu\u2019au 14 septembre prochain. Une op\u00e9ration qui se r\u00e9p\u00e9tera tous les ans jusqu\u2019aux JO de Los Angeles en 2028.                    <\/p>\n<p>Fin de journ\u00e9e dans le jardin des Tuileries o\u00f9 chacun profite des plus belles couleurs du soleil. <strong><a href=\"https:\/\/www.rfi.fr\/fr\/sports\/20240731-la-vasque-olympique-du-jardin-des-tuileries-v%C3%A9ritable-ph%C3%A9nom%C3%A8ne-des-jo\" target=\"_self\" rel=\"noopener\">La vasque et le ballon gonfl\u00e9 \u00e0 l\u2019h\u00e9lium <\/a><\/strong>sont install\u00e9s depuis quelques jours d\u00e9j\u00e0. Louise immortalise la sc\u00e8ne avec son t\u00e9l\u00e9phone. \u00ab\u00a0On en garde tous un tr\u00e8s bon souvenir ! C\u2019est un monument \u00e0 part enti\u00e8re que l\u2019on vient visiter \u00e0 Paris d\u00e9sormais, donc je suis tr\u00e8s contente de son retour !\u00a0\u00bb, s\u2019exclame la jeune femme.<\/p>\n<p>Un retour loin d\u2019\u00eatre une \u00e9vidence sur le papier. La tradition veut, en effet, que le feu olympique soit \u00e9teint jusqu\u2019au d\u00e9but des jeux suivants. \u00ab\u00a0Il fallait que l\u2019on pose deux questions au Comit\u00e9 international olympique (CIO), explique Mathieu Lehanneur, le concepteur de la vasque. Peut-on garder la flamme ? Si on la garde, doit-on changer sa couleur ? Le CIO a r\u00e9pondu favorablement pour la garder telle qu\u2019elle \u00e9tait\u00a0\u00bb, savoure-t-il.<\/p>\n<p>Une flamme identique, une vasque de m\u00eame dimension, un ballon neuf mais similaire \u00e0 celui de l\u2019an dernier&#8230; la seule diff\u00e9rence notable, c\u2019est la structure globale, beaucoup plus r\u00e9sistante. \u00ab\u00a0C\u2019est la m\u00eame carrosserie avec un nouveau moteur, explique encore Mathieu Lehanneur. On passe d\u2019une exposition de trois semaines l\u2019ann\u00e9e derni\u00e8re pendant les <a href=\"https:\/\/www.rfi.fr\/fr\/tag\/jeux-olympiques\/\" target=\"_self\" rel=\"noopener\"><strong>Jeux olympiques<\/strong> <\/a>et <strong><a href=\"https:\/\/www.rfi.fr\/fr\/tag\/jeux-paralympiques-2024\/\" target=\"_self\" rel=\"noopener\">paralympiques<\/a><\/strong>, \u00e0 neuf mois cumul\u00e9s sur les trois prochaines ann\u00e9es. Donc il fallait totalement fiabiliser le syst\u00e8me.\u00a0\u00bb<\/p>\n<p>        <img decoding=\"async\" fetchpriority=\"low\" src=\"https:\/\/www.europesays.com\/fr\/wp-content\/uploads\/2025\/06\/Photo-2-3.jpeg\" alt=\"Des ouvriers s'affairent autour des cordages de la vasque olympique. Ce soir-l\u00e0, trois tests de levage sont r\u00e9alis\u00e9s avec et sans la flamme, pour \u00eatre fin pr\u00eat ce samedi 21 juin.\"   style=\"max-height:638px\" loading=\"lazy\" class=\"m-figure__img lazy\"\/><\/p>\n<p>                Des ouvriers s&rsquo;affairent autour des cordages de la vasque olympique. Ce soir-l\u00e0, trois tests de levage sont r\u00e9alis\u00e9s avec et sans la flamme, pour \u00eatre fin pr\u00eat ce samedi 21 juin.                \u00a9 Baptiste Coulon\/RFI            <\/p>\n<p>         Une vasque allum\u00e9e pour la premi\u00e8re fois depuis un an <\/p>\n<p>Le syst\u00e8me, nous le d\u00e9couvrons justement. J\u00e9r\u00f4me Giacomoni, cofondateur de la soci\u00e9t\u00e9 Aerophile qui a con\u00e7u le ballon, nous conduit au c\u0153ur de la machine, sous la vasque olympique, dans un d\u00e9dale d&rsquo;armatures. \u00ab\u00a0Ici, vous avez le treuil, pointe-t-il. Ce treuil permet de freiner le ballon lorsqu\u2019il monte et de le tirer lorsqu\u2019il descend. L\u00e0, vous avez le moteur \u00e9lectrique qui agit \u00e0 la fa\u00e7on d\u2019une pompe, qui lui-m\u00eame actionne des valves, qui elles-m\u00eames mettent de l\u2019huile sous pression et font tourner le treuil. On est dans une petite usine !\u00a0\u00bb<\/p>\n<p>Ce soir-l\u00e0, la m\u00e9t\u00e9o est id\u00e9ale pour mener les tests de levage. \u00ab\u00a0Il faut s\u2019assurer que l\u2019\u00e9clairage est \u00e0 sa puissance maximale et que le treuil se d\u00e9roule correctement jusqu\u2019\u00e0 la hauteur maximale de 60 m\u00e8tres\u00a0\u00bb, souligne J\u00e9r\u00f4me Giacomoni. \u00ab\u00a0C\u2019est bon, on peut allumer\u00a0\u00bb, confirme l\u2019un des ouvriers du chantier au talkie-walkie.<\/p>\n<p>Il est 1h du matin, Paris dort lorsque la vasque se r\u00e9veille pour la premi\u00e8re fois depuis un an et s\u2019\u00e9l\u00e8ve sous les yeux de son cr\u00e9ateur, Mathieu Lehanneur : \u00ab\u00a0C\u2019est tr\u00e8s \u00e9mouvant parce que \u00e7a fait presque un an qu\u2019on ne l\u2019a pas vu vivre ! Et ce cadre avec le jardin des Tuileries\u2026 \u00c7a me fait et \u00e7a me fera toujours quelque chose\u2026\u00a0\u00bb Cette ann\u00e9e, pas besoin de r\u00e9servation : l\u2019acc\u00e8s \u00e0 la vasque sera libre et gratuit.<\/p>\n","protected":false},"excerpt":{"rendered":"La vasque olympique, qui a illumin\u00e9 les Jeux l&rsquo;ann\u00e9e derni\u00e8re, est de retour \u00e0 Paris, dans le c\u00e9l\u00e8bre&hellip;\n","protected":false},"author":2,"featured_media":189527,"comment_status":"","ping_status":"","sticky":false,"template":"","format":"standard","meta":{"footnotes":""},"categories":[1888],"tags":[11,1777,674,1011,27,22107,12,626,5920,25],"class_list":{"0":"post-189526","1":"post","2":"type-post","3":"status-publish","4":"format-standard","5":"has-post-thumbnail","7":"category-paris","8":"tag-actualites","9":"tag-eu","10":"tag-europe","11":"tag-fr","12":"tag-france","13":"tag-jo-2024","14":"tag-news","15":"tag-paris","16":"tag-reportage-france","17":"tag-republique-francaise"},"share_on_mastodon":{"url":"https:\/\/pubeurope.com\/@fr\/114712510755022584","error":""},"_links":{"self":[{"href":"https:\/\/www.europesays.com\/fr\/wp-json\/wp\/v2\/posts\/189526","targetHints":{"allow":["GET"]}}],"collection":[{"href":"https:\/\/www.europesays.com\/fr\/wp-json\/wp\/v2\/posts"}],"about":[{"href":"https:\/\/www.europesays.com\/fr\/wp-json\/wp\/v2\/types\/post"}],"author":[{"embeddable":true,"href":"https:\/\/www.europesays.com\/fr\/wp-json\/wp\/v2\/users\/2"}],"replies":[{"embeddable":true,"href":"https:\/\/www.europesays.com\/fr\/wp-json\/wp\/v2\/comments?post=189526"}],"version-history":[{"count":0,"href":"https:\/\/www.europesays.com\/fr\/wp-json\/wp\/v2\/posts\/189526\/revisions"}],"wp:featuredmedia":[{"embeddable":true,"href":"https:\/\/www.europesays.com\/fr\/wp-json\/wp\/v2\/media\/189527"}],"wp:attachment":[{"href":"https:\/\/www.europesays.com\/fr\/wp-json\/wp\/v2\/media?parent=189526"}],"wp:term":[{"taxonomy":"category","embeddable":true,"href":"https:\/\/www.europesays.com\/fr\/wp-json\/wp\/v2\/categories?post=189526"},{"taxonomy":"post_tag","embeddable":true,"href":"https:\/\/www.europesays.com\/fr\/wp-json\/wp\/v2\/tags?post=189526"}],"curies":[{"name":"wp","href":"https:\/\/api.w.org\/{rel}","templated":true}]}}