{"id":189528,"date":"2025-06-19T22:59:16","date_gmt":"2025-06-19T22:59:16","guid":{"rendered":"https:\/\/www.europesays.com\/fr\/189528\/"},"modified":"2025-06-19T22:59:16","modified_gmt":"2025-06-19T22:59:16","slug":"africa-corps-le-nouveau-wagner-de-la-russie-en-afrique","status":"publish","type":"post","link":"https:\/\/www.europesays.com\/fr\/189528\/","title":{"rendered":"Africa Corps, le nouveau \u00abWagner\u00bb de la Russie en Afrique"},"content":{"rendered":"<p><strong>ANALYSE <\/strong>&#8211; L\u2019intervention militaire de Moscou entre dans une nouvelle phase, plus assum\u00e9e, mais aussi plus expos\u00e9e.<\/p>\n<p class=\"fig-paragraph\">Quelques jours apr\u00e8s l\u2019annonce du retrait du groupe paramilitaire\u00a0<a href=\"http:\/\/www.lefigaro.fr\/international\/le-kremlin-veut-renforcer-les-liens-militaires-avec-l-afrique-apres-le-depart-de-wagner-du-mali-20250609\" data-fig-type=\"NewsFlash\" data-gtm-custom-categorie=\"navigation\" data-gtm-custom-action=\"crossclick\" data-gtm-custom-label=\"Contextuel\" data-gtm-event=\"customEventSPE\" data-fig-domain=\"LEFIGARO\" target=\"_blank\" rel=\"noopener\">Wagner<\/a>, les troupes russes d\u00e9ploy\u00e9es au Mali sous la nouvelle banni\u00e8re d\u2019Africa Corps ont \u00e9t\u00e9 attaqu\u00e9es dans le nord du pays. Vendredi 13\u00a0juin, un convoi militaire malien escort\u00e9 par des \u00e9l\u00e9ments russes a \u00e9t\u00e9 pris en embuscade par le Front de lib\u00e9ration de l\u2019Azawad (FLA), une coalition de groupes ind\u00e9pendantistes touareg. Les affrontements ont laiss\u00e9 derri\u00e8re eux des dizaines de morts.<\/p>\n<p class=\"fig-paragraph\">Cette attaque marque le bapt\u00eame du feu sanglant d\u2019<a href=\"http:\/\/www.lefigaro.fr\/international\/mali-le-groupe-paramilitaire-russe-wagner-quitte-le-pays-remplace-par-africa-corps-20250608\" data-fig-type=\"NewsFlash\" data-gtm-custom-categorie=\"navigation\" data-gtm-custom-action=\"crossclick\" data-gtm-custom-label=\"Contextuel\" data-gtm-event=\"customEventSPE\" data-fig-domain=\"LEFIGARO\" target=\"_blank\" rel=\"noopener\">Africa Corps<\/a>, rempla\u00e7ant officiel de Wagner au Sahel. Une transition discr\u00e8te, op\u00e9r\u00e9e dans l\u2019ombre depuis la mutinerie d\u2019Evgueni Prigojine, chef de Wagner, \u00e0 l\u2019\u00e9t\u00e9 2023, mais qui scelle une \u00e9volution strat\u00e9gique\u00a0: la Russie ne se cache plus derri\u00e8re une soci\u00e9t\u00e9 militaire priv\u00e9e. Elle assume d\u00e9sormais pleinement sa guerre dans le d\u00e9sert malien.<\/p>\n<p class=\"fig-body-link\">\n            \u00c0 lire aussi<br \/>\n        <a class=\"fig-body-link__link fig-premium-mark\" href=\"http:\/\/www.lefigaro.fr\/international\/vlad-ex-mercenaire-de-wagner-white-rex-ces-encombrants-volontaires-russes-qui-se-battent-aux-cotes-des-ukrainiens-20250215\" data-fig-type=\"Article\" data-gtm-custom-categorie=\"navigation\" data-gtm-custom-action=\"crossclick\" data-gtm-custom-label=\"Contextuel\" data-gtm-event=\"customEventSPE\" data-fig-domain=\"LEFIGARO\" target=\"_blank\" rel=\"noopener\">\u00ab\u00a0Vlad\u00a0\u00bb, ex-mercenaire de Wagner, \u00ab\u00a0White Rex\u00a0\u00bb\u2026 Ces encombrants volontaires russes qui se battent aux c\u00f4t\u00e9s des Ukrainiens<br \/>\n    <\/a>\n<\/p>\n<p class=\"fig-paragraph\">Pour Franklin Nossiter, analyste \u00e0 l\u2019International Crisis Group, \u00ab\u00a0on passe d\u2019un accord entre un r\u00e9gime militaire et une soci\u00e9t\u00e9 militaire priv\u00e9e \u00e0\u2026<\/p>\n<p class=\"fig-premium-paywall__infos\">\n        Cet article est r\u00e9serv\u00e9 aux abonn\u00e9s.        Il vous reste 87% \u00e0 d\u00e9couvrir.\n    <\/p>\n<p>                <img  data- alt=\"Le Figaro\" class=\"fig-img--complete fig-img\"\/><\/p>\n<p class=\"fig-premium-paywall__title\">Vente Flash<\/p>\n<p class=\"fig-premium-paywall__subtitle\">3,99\u20ac par mois pendant 12 mois. Sans engagement.<\/p>\n<p class=\"fig-premium-paywall__connect\">\n                D\u00e9j\u00e0 abonn\u00e9\u00a0?                <a class=\"fig-premium-paywall__connect-link\" href=\"https:\/\/connect.lefigaro.fr\/login?client=horizon_web&amp;type=main&amp;redirect_uri=https%3A%2F%2Fwww.lefigaro.fr%2Finternational%2Fafrica-corps-le-nouveau-wagner-de-la-russie-en-afrique-20250619\" data-js-gtm=\"{&quot;customCategorie&quot;: &quot;conversion&quot;, &quot;customAction&quot;: &quot;before_Landing_Connexion_paywall_auto&quot;, &quot;customLabel&quot;: &quot;bGVmaWdhcm8uZnJfXzFmMDRkMGNlLWE2ODMtNjJhMi05MmE1LWIxNjE5ZmNlMjk4Yl9fQXJ0aWNsZQ==_Africa Corps, le nouveau \u00abWagner\u00bb de la Russie en Afrique_146&quot;, &quot;customIDSPE&quot;: &quot;bGVmaWdhcm8uZnJfXzFmMDRkMGNlLWE2ODMtNjJhMi05MmE1LWIxNjE5ZmNlMjk4Yl9fQXJ0aWNsZQ==&quot;, &quot;event&quot;: &quot;customEventSPE&quot;}\" target=\"_blank\" rel=\"noopener\"><br \/>\n                    Connectez-vous<br \/>\n                <\/a>\n            <\/p>\n","protected":false},"excerpt":{"rendered":"ANALYSE &#8211; L\u2019intervention militaire de Moscou entre dans une nouvelle phase, plus assum\u00e9e, mais aussi plus expos\u00e9e. Quelques&hellip;\n","protected":false},"author":2,"featured_media":189529,"comment_status":"","ping_status":"","sticky":false,"template":"","format":"standard","meta":{"footnotes":""},"categories":[1591],"tags":[259,11,260,879,1887,14,1136,261,12,262,1885,1886,132,8656],"class_list":{"0":"post-189528","1":"post","2":"type-post","3":"status-publish","4":"format-standard","5":"has-post-thumbnail","7":"category-russie","8":"tag-actualite-internationale","9":"tag-actualites","10":"tag-affaires-etrangeres","11":"tag-afrique","12":"tag-federation-de-russie","13":"tag-international","14":"tag-mali","15":"tag-ministere-des-affaires-etrangeres","16":"tag-news","17":"tag-politique-etrangere","18":"tag-russia","19":"tag-russian-federation","20":"tag-russie","21":"tag-wagner"},"share_on_mastodon":{"url":"https:\/\/pubeurope.com\/@fr\/114712514789058021","error":""},"_links":{"self":[{"href":"https:\/\/www.europesays.com\/fr\/wp-json\/wp\/v2\/posts\/189528","targetHints":{"allow":["GET"]}}],"collection":[{"href":"https:\/\/www.europesays.com\/fr\/wp-json\/wp\/v2\/posts"}],"about":[{"href":"https:\/\/www.europesays.com\/fr\/wp-json\/wp\/v2\/types\/post"}],"author":[{"embeddable":true,"href":"https:\/\/www.europesays.com\/fr\/wp-json\/wp\/v2\/users\/2"}],"replies":[{"embeddable":true,"href":"https:\/\/www.europesays.com\/fr\/wp-json\/wp\/v2\/comments?post=189528"}],"version-history":[{"count":0,"href":"https:\/\/www.europesays.com\/fr\/wp-json\/wp\/v2\/posts\/189528\/revisions"}],"wp:featuredmedia":[{"embeddable":true,"href":"https:\/\/www.europesays.com\/fr\/wp-json\/wp\/v2\/media\/189529"}],"wp:attachment":[{"href":"https:\/\/www.europesays.com\/fr\/wp-json\/wp\/v2\/media?parent=189528"}],"wp:term":[{"taxonomy":"category","embeddable":true,"href":"https:\/\/www.europesays.com\/fr\/wp-json\/wp\/v2\/categories?post=189528"},{"taxonomy":"post_tag","embeddable":true,"href":"https:\/\/www.europesays.com\/fr\/wp-json\/wp\/v2\/tags?post=189528"}],"curies":[{"name":"wp","href":"https:\/\/api.w.org\/{rel}","templated":true}]}}