{"id":189536,"date":"2025-06-19T23:03:27","date_gmt":"2025-06-19T23:03:27","guid":{"rendered":"https:\/\/www.europesays.com\/fr\/189536\/"},"modified":"2025-06-19T23:03:27","modified_gmt":"2025-06-19T23:03:27","slug":"lallemagne-exhorte-liran-a-agir-durgence-en-faveur-dune-solution-diplomatique-anadolu-ajansi","status":"publish","type":"post","link":"https:\/\/www.europesays.com\/fr\/189536\/","title":{"rendered":"L&#039;Allemagne exhorte l&#039;Iran \u00e0 &quot;agir d&#039;urgence&quot; en faveur d&#039;une solution diplomatique &#8211; Anadolu Ajans\u0131"},"content":{"rendered":"<ol>\n<li><a href=\"https:\/\/news.google.com\/rss\/articles\/CBMiwgFBVV95cUxOX2t4SW9NcmlNa0FUYy1iZzRfYVhnbWhsVkV4b2NmX0pZdk1tZUoyOWRPUEd1YmFOQk11S3FYWnU2WDdpN1VnT2F3ZU9vcWZWclhSZ0RLX24zc0tpMFJOSkR3YlZPUjh3Y1dxS3VTM29rQ3lKWDN5cXhFVVJIS3JoQzZfUFg1MjlQLWY4Ry1xVWlaeWx0WE1fOW53VldkWHVDaUNEQUlSd0JFQzVuSm9HTnkwbnFPUDg3aWx3SU1xVnBvUQ?oc=5\" target=\"_blank\" rel=\"nofollow noopener\">L&rsquo;Allemagne exhorte l&rsquo;Iran \u00e0 \u00ab\u00a0agir d&rsquo;urgence\u00a0\u00bb en faveur d&rsquo;une solution diplomatique<\/a>&nbsp;&nbsp;Anadolu Ajans\u0131<\/li>\n<li><a href=\"https:\/\/news.google.com\/rss\/articles\/CBMiuAJBVV95cUxPU2lpcXItLVZSTXdHQ0Q4cG1rM2lmWWV2WDZoMUtZQ0xaTGN1QUgxZ2s2WWVScXFZU0V6VElPcVl6YjdhX1RHWDdsYnl5d3ItWWFPT0FBcWdVa1d0YldZd0IyY2pLXzM5NjRWTFpHVUZDSTV1U0d2clVjbExGLVA3YXBCQjhvT0owNFVBbUlPdzAxSnp4Yi1lNXZ6dm9GVTc5NWN1RWp0YnJIYk9ReEIxREYzeFpOV0dVaEY0Mk5lQzVWRnJiMW9uQVBraU1WOGpNdkhKTExxc1UxTTZDdzdWamVCYnBqMFAySlA3dGpKWjZ1enFzT1ZKZkNpRzM5ZjBpRWd1LWM2MUlZamtqMmo0Rlo0T0tNQWNVeG4wdVRiUFBqbW9uc3ljWFJWcHdTOG5FcHJaRDAxUUc?oc=5\" target=\"_blank\" rel=\"nofollow noopener\">En direct, Isra\u00ebl-Iran : \u00ab Notre priorit\u00e9, c\u2019est d\u2019assurer la s\u00e9curit\u00e9 des Fran\u00e7ais sur place \u00bb, affirme Jean-No\u00ebl Barrot<\/a>&nbsp;&nbsp;Le Monde.fr<\/li>\n<li><a href=\"https:\/\/news.google.com\/rss\/articles\/CBMiywFBVV95cUxQcW1hY3RPeTV3cGFJZFlIS3ZWZ21hOGJrXzE5bjJQeHRjRW1UUHZpQk9BRi1MdVpQemFTa3ZVWndSbWRJVDhhSlZSZ2JiU3FTSU5nVXM2dWJkRmpySDJoaWpQc3dDeC0zMW5BUW5EbVdHYXc1Vno4d29iLVpXRmQza2NSQmY0WEMza0pNVTFlVXRjRzZ6ejh0U0FyN1ZrZXlJMURkaWNqZF9TUmgtOF8taUNuRURnbGJkRVpjRFk2TzRTOEcteTVjY3V6cw?oc=5\" target=\"_blank\" rel=\"nofollow noopener\">Le fil du jour. Isra\u00ebl menace Khamenei, l\u2019Europe et l\u2019Iran vont discuter \u00e0 Gen\u00e8ve<\/a>&nbsp;&nbsp;Mediapart<\/li>\n<li><a href=\"https:\/\/news.google.com\/rss\/articles\/CBMiigJBVV95cUxQX1pqaVhlNS1fVkV2NDBIUllkVWhJcXBYZDNwUmNaSWZRTDBzQVI3WlBIcjN0TUhuaVZCRHBWQWxOdzZEbGs1MnZfSzB3UEY2LXJrZUU5R29DYk9NU0tzS3pmLXh4WkJDMXE0X242UndhRnBkUjR3ckZpS01pMDhxOHpSUUpKVG5ZV0hqLW5RajY5Y1k4aXhLQjFldGNUUWhaVUxsTHlzSzNmeE1aeTdVUXZaUHV2TXRScEc1QWRCR2htVzhtMzZXYWVPZVlSaXNuR20zMzJHc0FMV3c1bldNeS1BeHh6aWhEdzAyTVNrT2RKUU9ERVprUkpzWHNFZk5XY0psUTMxdW9Fdw?oc=5\" target=\"_blank\" rel=\"nofollow noopener\">Guerre Isra\u00ebl-Iran : tous les ressortissants fran\u00e7ais en Iran pourront quitter le pays \u00ab\u00a0sans visa\u00a0\u00bb, affirme Jean-No\u00ebl Barrot<\/a>&nbsp;&nbsp;Orange<\/li>\n<li><a href=\"https:\/\/news.google.com\/rss\/articles\/CBMi5wFBVV95cUxNNHpMa2NxNkpkMzlqS0RJU3BKekdLVVRzY08zYWliLXptWFpkbEYxTlUweV9GYUEtNjA3U1FCc2g1VHM2NVY4NHpFTUFRd1JpUHBRd2dxMTRjbTRnR0hOQnFGZzlRbncyc0tOMFVOVFJNNjF1ZW5RcDhjdDhkNmh1TXR2dVR1ZFJlU0NkNzYwWkpKeHJuWVJydnFsU1ozekdTZlhqZFZ1WHlleWw2cWRWWi0yeVNiQ1JKQmEtRjlpTDRoNGtVeFoxM0pIVFB5SzhmVld4dmc3eEVxa3ZCXzB5ZGd0UzJnWlk?oc=5\" target=\"_blank\" rel=\"nofollow noopener\">Retailleau a re\u00e7u des repr\u00e9sentants de la communaut\u00e9 juive \u00ab\u00a0extr\u00eamement inquiets\u00a0\u00bb<\/a>&nbsp;&nbsp;France 24<\/li>\n<\/ol>\n","protected":false},"excerpt":{"rendered":"L&rsquo;Allemagne exhorte l&rsquo;Iran \u00e0 \u00ab\u00a0agir d&rsquo;urgence\u00a0\u00bb en faveur d&rsquo;une solution diplomatique&nbsp;&nbsp;Anadolu Ajans\u0131 En direct, Isra\u00ebl-Iran : \u00ab Notre&hellip;\n","protected":false},"author":2,"featured_media":189537,"comment_status":"","ping_status":"","sticky":false,"template":"","format":"standard","meta":{"footnotes":""},"categories":[1587],"tags":[11,672,1785,1804,1805,1803,1777,674,1801,3019,3819,12,1802],"class_list":{"0":"post-189536","1":"post","2":"type-post","3":"status-publish","4":"format-standard","5":"has-post-thumbnail","7":"category-allemagne","8":"tag-actualites","9":"tag-allemagne","10":"tag-anadolu-ajansi","11":"tag-bundesrepublik-deutschland","12":"tag-de","13":"tag-deutschland","14":"tag-eu","15":"tag-europe","16":"tag-germany","17":"tag-iran","18":"tag-isral","19":"tag-news","20":"tag-republique-federale-dallemagne"},"share_on_mastodon":{"url":"https:\/\/pubeurope.com\/@fr\/114712530341693770","error":""},"_links":{"self":[{"href":"https:\/\/www.europesays.com\/fr\/wp-json\/wp\/v2\/posts\/189536","targetHints":{"allow":["GET"]}}],"collection":[{"href":"https:\/\/www.europesays.com\/fr\/wp-json\/wp\/v2\/posts"}],"about":[{"href":"https:\/\/www.europesays.com\/fr\/wp-json\/wp\/v2\/types\/post"}],"author":[{"embeddable":true,"href":"https:\/\/www.europesays.com\/fr\/wp-json\/wp\/v2\/users\/2"}],"replies":[{"embeddable":true,"href":"https:\/\/www.europesays.com\/fr\/wp-json\/wp\/v2\/comments?post=189536"}],"version-history":[{"count":0,"href":"https:\/\/www.europesays.com\/fr\/wp-json\/wp\/v2\/posts\/189536\/revisions"}],"wp:featuredmedia":[{"embeddable":true,"href":"https:\/\/www.europesays.com\/fr\/wp-json\/wp\/v2\/media\/189537"}],"wp:attachment":[{"href":"https:\/\/www.europesays.com\/fr\/wp-json\/wp\/v2\/media?parent=189536"}],"wp:term":[{"taxonomy":"category","embeddable":true,"href":"https:\/\/www.europesays.com\/fr\/wp-json\/wp\/v2\/categories?post=189536"},{"taxonomy":"post_tag","embeddable":true,"href":"https:\/\/www.europesays.com\/fr\/wp-json\/wp\/v2\/tags?post=189536"}],"curies":[{"name":"wp","href":"https:\/\/api.w.org\/{rel}","templated":true}]}}