{"id":189540,"date":"2025-06-19T23:05:09","date_gmt":"2025-06-19T23:05:09","guid":{"rendered":"https:\/\/www.europesays.com\/fr\/189540\/"},"modified":"2025-06-19T23:05:09","modified_gmt":"2025-06-19T23:05:09","slug":"atp-queens-carlos-alcaraz-apres-avoir-eu-tres-chaud-contre-jaume-munar-3h30-de-match-etions-nous-sur-terre-battue","status":"publish","type":"post","link":"https:\/\/www.europesays.com\/fr\/189540\/","title":{"rendered":"ATP &#8211; Queen&rsquo;s > Carlos Alcaraz, apr\u00e8s avoir eu tr\u00e8s chaud contre Jaume Munar : \u00ab\u00a03h30 de match, \u00e9tions-nous sur terre battue ?\u00a0\u00bb"},"content":{"rendered":"<p>Carlos Alcaraz n\u2019\u00e9tait pas loin de voir sa s\u00e9rie de victoires cons\u00e9\u00adcu\u00adtives s\u2019ar\u00adr\u00eater, ce jeudi en huiti\u00e8mes de finale de l\u2019ATP 500 du Queen\u2019s.<\/p>\n<p>Oppos\u00e9 \u00e0 son compa\u00adtriote Jaume Munar (59e), pour\u00adtant loin d\u2019\u00eatre un sp\u00e9cia\u00adliste du gazon avec ses trois petites victoires en carri\u00e8re sur cette surface, le double tenant du titre \u00e0 Wimbledon a eu besoin de presque 3h30 de jeu pour s\u2019im\u00adposer et rejoindre les quarts de finale\u00a0: 6\u20134, 6\u20137(7), 7\u20135.<\/p>\n<p>Soulag\u00e9 et heureux apr\u00e8s la balle de match, le r\u00e9cent vain\u00adqueur de Wimbledon a fait un peu d\u2019hu\u00admour au moment de la tradi\u00adtion\u00adnelle signa\u00adture au feutre sur la cam\u00e9ra.\u00a0<\/p>\n<blockquote class=\"twitter-tweet\">\n<p lang=\"en\" dir=\"ltr\">When the match is so long it feels like you\u2019re playing on clay \ud83e\uddf1\ud83e\udd23<a href=\"https:\/\/twitter.com\/carlosalcaraz?ref_src=twsrc%5Etfw\" data-wpel-link=\"external\" target=\"_blank\" rel=\"nofollow external noopener\">@carlosalcaraz<\/a> <a href=\"https:\/\/twitter.com\/hashtag\/HSBCChampionships?src=hash&amp;ref_src=twsrc%5Etfw\" data-wpel-link=\"external\" target=\"_blank\" rel=\"nofollow external noopener\">#HSBCChampionships<\/a> <a href=\"https:\/\/t.co\/oQFPBnjLmW\" data-wpel-link=\"external\" target=\"_blank\" rel=\"nofollow external noopener\">pic.twitter.com\/oQFPBnjLmW<\/a><\/p>\n<p>\u2014 Tennis TV (@TennisTV) <a href=\"https:\/\/twitter.com\/TennisTV\/status\/1935767151673024693?ref_src=twsrc%5Etfw\" data-wpel-link=\"external\" target=\"_blank\" rel=\"nofollow external noopener\">June 19,\u00a02025<\/a><\/p><\/blockquote>\n<p><strong>\u00ab\u202f3h30\u202f? \u00c9tions\u2010nous sur terre battue\u202f\u00bb<\/strong>, s\u2019est amus\u00e9 \u00e0 \u00e9crire celui qui affron\u00adtera le Fran\u00e7ais Arthur Rinderknech ou Reilly Opelka pour une place dans le dernier carr\u00e9.\u00a0<\/p>\n<p class=\"post-published-date\" style=\"color: silver; font-size: 75%; text-align: left;\">Publi\u00e9 le jeudi 19 juin 2025 \u00e0 20:44<\/p>\n<p><script async src=\"https:\/\/platform.twitter.com\/widgets.js\" charset=\"utf-8\"><\/script><\/p>\n","protected":false},"excerpt":{"rendered":"Carlos Alcaraz n\u2019\u00e9tait pas loin de voir sa s\u00e9rie de victoires cons\u00e9\u00adcu\u00adtives s\u2019ar\u00adr\u00eater, ce jeudi en huiti\u00e8mes de&hellip;\n","protected":false},"author":2,"featured_media":189541,"comment_status":"","ping_status":"","sticky":false,"template":"","format":"standard","meta":{"footnotes":""},"categories":[1586],"tags":[11,1744,1777,674,1779,1011,27,12,25,1778,364],"class_list":{"0":"post-189540","1":"post","2":"type-post","3":"status-publish","4":"format-standard","5":"has-post-thumbnail","7":"category-europe","8":"tag-actualites","9":"tag-alcaraz","10":"tag-eu","11":"tag-europe","12":"tag-european-union","13":"tag-fr","14":"tag-france","15":"tag-news","16":"tag-republique-francaise","17":"tag-ue","18":"tag-union-europeenne"},"share_on_mastodon":{"url":"https:\/\/pubeurope.com\/@fr\/114712538302575174","error":""},"_links":{"self":[{"href":"https:\/\/www.europesays.com\/fr\/wp-json\/wp\/v2\/posts\/189540","targetHints":{"allow":["GET"]}}],"collection":[{"href":"https:\/\/www.europesays.com\/fr\/wp-json\/wp\/v2\/posts"}],"about":[{"href":"https:\/\/www.europesays.com\/fr\/wp-json\/wp\/v2\/types\/post"}],"author":[{"embeddable":true,"href":"https:\/\/www.europesays.com\/fr\/wp-json\/wp\/v2\/users\/2"}],"replies":[{"embeddable":true,"href":"https:\/\/www.europesays.com\/fr\/wp-json\/wp\/v2\/comments?post=189540"}],"version-history":[{"count":0,"href":"https:\/\/www.europesays.com\/fr\/wp-json\/wp\/v2\/posts\/189540\/revisions"}],"wp:featuredmedia":[{"embeddable":true,"href":"https:\/\/www.europesays.com\/fr\/wp-json\/wp\/v2\/media\/189541"}],"wp:attachment":[{"href":"https:\/\/www.europesays.com\/fr\/wp-json\/wp\/v2\/media?parent=189540"}],"wp:term":[{"taxonomy":"category","embeddable":true,"href":"https:\/\/www.europesays.com\/fr\/wp-json\/wp\/v2\/categories?post=189540"},{"taxonomy":"post_tag","embeddable":true,"href":"https:\/\/www.europesays.com\/fr\/wp-json\/wp\/v2\/tags?post=189540"}],"curies":[{"name":"wp","href":"https:\/\/api.w.org\/{rel}","templated":true}]}}