{"id":189546,"date":"2025-06-19T23:08:17","date_gmt":"2025-06-19T23:08:17","guid":{"rendered":"https:\/\/www.europesays.com\/fr\/189546\/"},"modified":"2025-06-19T23:08:17","modified_gmt":"2025-06-19T23:08:17","slug":"le-narcotrafiquant-francais-abdelkader-bouguettaia-alias-bibi-extrade-en-france-depuis-dubai","status":"publish","type":"post","link":"https:\/\/www.europesays.com\/fr\/189546\/","title":{"rendered":"Le narcotrafiquant fran\u00e7ais Abdelkader Bouguettaia, alias \u00ab\u00a0Bibi\u00a0\u00bb, extrad\u00e9 en France depuis Duba\u00ef"},"content":{"rendered":"<ul class=\"jsx-862013697 ArticleChapo__List\">\n<li class=\"jsx-862013697 ArticleChapo__List_Item flex\">La France a obtenu l&rsquo;extradition depuis Duba\u00ef de l&rsquo;un de ses ressortissants, le narcotrafiquant Abdelkader Bouguettaia.<\/li>\n<li class=\"jsx-862013697 ArticleChapo__List_Item flex\">Cela faisait plusieurs ann\u00e9es que la justice le r\u00e9clamait \u00e0 Duba\u00ef, la ville o\u00f9 il r\u00e9sidait.<\/li>\n<li class=\"jsx-862013697 ArticleChapo__List_Item flex\">Le trentenaire a \u00e9t\u00e9 condamn\u00e9 en son absence \u00e0 neuf ans de prison \u00e0 Lille en 2023.<\/li>\n<\/ul>\n<p data-module=\"article-paragraph\" class=\"jsx-3046738180 Paragraph\">Mis en cause dans plusieurs dossiers d&rsquo;importation de stup\u00e9fiants, Abdelkader Bouguettaia va \u00eatre extrad\u00e9 par les \u00c9mirats arabes unis vers l&rsquo;Hexagone. Cet important narcotrafiquant \u00e9tait r\u00e9clam\u00e9 depuis plusieurs ann\u00e9es par la France \u00e0 Duba\u00ef \u2013 o\u00f9 il vivait \u2013 a appris l&rsquo;AFP ce jeudi.<\/p>\n<p data-module=\"article-paragraph\" class=\"jsx-3046738180 Paragraph Paragraph__End\">\u00ab\u00a0Un nouveau narcocriminel est extrad\u00e9 vers la France par les \u00c9mirats arabes unis. Condamn\u00e9 \u00e0 trois reprises par la justice fran\u00e7aise entre 2022 et 2023 et vis\u00e9 par deux mandats d&rsquo;arr\u00eat, il devra r\u00e9pondre de ses actes\u00a0\u00bb, a <a href=\"https:\/\/x.com\/GDarmanin\/status\/1935754042665234444\" target=\"_blank\">lanc\u00e9 sur X (nouvelle fen\u00eatre)<\/a> le ministre de la Justice G\u00e9rald Darmanin, sans nommer cet homme de bient\u00f4t 38 ans n\u00e9 au Havre.<\/p>\n<p>Une arriv\u00e9e en France attendue en cette fin de semaine<\/p>\n<p data-module=\"article-paragraph\" class=\"jsx-3046738180 Paragraph\">Sollicit\u00e9, le parquet de Paris et de la Juridiction nationale de lutte contre la criminalit\u00e9 organis\u00e9e (Junalco) n&rsquo;a pas souhait\u00e9 commenter \u00ab\u00a0pour des raisons \u00e9videntes de s\u00e9curit\u00e9\u00a0\u00bb. Cette instance le r\u00e9clame notamment dans un dossier o\u00f9 il est soup\u00e7onn\u00e9 d&rsquo;\u00eatre \u00ab\u00a0l&rsquo;organisateur\u00a0\u00bb de l&rsquo;importation de 2,5 tonnes de coca\u00efne qui devaient \u00eatre livr\u00e9es au Havre.<\/p>\n<p data-module=\"article-paragraph\" class=\"jsx-3046738180 Paragraph Paragraph__End\">Selon une des sources proches du dossier, M. Bouguettaia pourrait arriver en France dans la nuit de jeudi \u00e0 vendredi. \u00ab\u00a0Bibi\u00a0\u00bb, son surnom, avait \u00e9t\u00e9 interpell\u00e9 une premi\u00e8re fois \u00e0 Duba\u00ef en octobre 2023, puis remis en libert\u00e9 en janvier 2024, avant d&rsquo;\u00eatre de nouveau interpell\u00e9. Il attendait depuis une d\u00e9cision concernant son extradition.<\/p>\n<p><a href=\"https:\/\/www.tf1info.fr\/international\/narcotrafic-et-radicalisation-gerald-darmanin-annonce-la-creation-d-une-prison-de-haute-securite-en-guyane-2371501.html\" rel=\"noopener\" class=\"jsx-3308031228 Link flex\" target=\"_blank\"><img decoding=\"async\" src=\"https:\/\/www.europesays.com\/fr\/wp-content\/uploads\/2025\/06\/darmanin-2024-70a415-0@1x.jpeg\" alt=\"AFP\" loading=\"lazy\" importance=\"low\" fetchpriority=\"low\" class=\"\"\/><\/p>\n<p class=\"jsx-3657663356 ReadMoreArticle__Title\">Lire aussi<\/p>\n<p class=\"jsx-3657663356\">Narcotrafic et radicalisation : Darmanin annonce la cr\u00e9ation d&rsquo;une prison de haute s\u00e9curit\u00e9 en Guyane<\/p>\n<p><\/a><\/p>\n<p data-module=\"article-paragraph\" class=\"jsx-3046738180 Paragraph\">Le trentenaire a \u00e9t\u00e9 condamn\u00e9 en son absence \u00e0 neuf ans de prison \u00e0 Lille en 2023 pour l&rsquo;importation d&rsquo;un container renfermant 599 kilos de coca\u00efne qui avait \u00e9t\u00e9 intercept\u00e9 \u00e0 Anvers, en Belgique. Selon une source proche du dossier, il est aussi soup\u00e7onn\u00e9 d&rsquo;\u00eatre le \u00ab\u00a0commanditaire\u00a0\u00bb et \u00ab\u00a0l&rsquo;organisateur\u00a0\u00bb d&rsquo;une importation de 2,5 tonnes de coca\u00efne, d\u00e9couvertes par les autorit\u00e9s \u00e0 Carthag\u00e8ne (Colombie) et qui devaient \u00eatre livr\u00e9es dans le port du Havre. M. Bouguettaia serait par ailleurs est aussi mis en cause dans des dossiers de la Juridiction interr\u00e9gionale sp\u00e9cialis\u00e9e de Lille.<\/p>\n<p data-module=\"article-paragraph\" class=\"jsx-3046738180 Paragraph Paragraph__End\">Duba\u00ef a longtemps \u00e9t\u00e9 vue de France comme un refuge pour narcotrafiquants.\u00a0Un autre narcotrafiquant, Abdel Karim Touil, y avait aussi \u00e9t\u00e9 interpell\u00e9, puis remis en libert\u00e9, avant de parvenir \u00e0 rejoindre le Liban, o\u00f9 il avait de nouveau \u00e9t\u00e9 arr\u00eat\u00e9. Il a \u00e9t\u00e9 extrad\u00e9 en juillet 2024 vers la France. En mars 2021, un autre baron pr\u00e9sum\u00e9 du trafic, Moufide Bouchibi dit \u00ab\u00a0Mouf\u00a0\u00bb, avait \u00e9t\u00e9 interpell\u00e9 puis extrad\u00e9 deux mois plus tard vers la France.<\/p>\n<p>TD avec AFP<\/p>\n","protected":false},"excerpt":{"rendered":"La France a obtenu l&rsquo;extradition depuis Duba\u00ef de l&rsquo;un de ses ressortissants, le narcotrafiquant Abdelkader Bouguettaia. Cela faisait&hellip;\n","protected":false},"author":2,"featured_media":189547,"comment_status":"","ping_status":"","sticky":false,"template":"","format":"standard","meta":{"footnotes":""},"categories":[4],"tags":[1111,11,1921,1011,27,432,1922,303,2954,12,25,887,133,2953],"class_list":{"0":"post-189546","1":"post","2":"type-post","3":"status-publish","4":"format-standard","5":"has-post-thumbnail","7":"category-france","8":"tag-actu","9":"tag-actualites","10":"tag-article-video","11":"tag-fr","12":"tag-france","13":"tag-gerald-darmanin","14":"tag-info","15":"tag-justice","16":"tag-justice-et-faits-divers","17":"tag-news","18":"tag-republique-francaise","19":"tag-trafic-de-drogue","20":"tag-video","21":"tag-video-police"},"share_on_mastodon":{"url":"https:\/\/pubeurope.com\/@fr\/114712550244614461","error":""},"_links":{"self":[{"href":"https:\/\/www.europesays.com\/fr\/wp-json\/wp\/v2\/posts\/189546","targetHints":{"allow":["GET"]}}],"collection":[{"href":"https:\/\/www.europesays.com\/fr\/wp-json\/wp\/v2\/posts"}],"about":[{"href":"https:\/\/www.europesays.com\/fr\/wp-json\/wp\/v2\/types\/post"}],"author":[{"embeddable":true,"href":"https:\/\/www.europesays.com\/fr\/wp-json\/wp\/v2\/users\/2"}],"replies":[{"embeddable":true,"href":"https:\/\/www.europesays.com\/fr\/wp-json\/wp\/v2\/comments?post=189546"}],"version-history":[{"count":0,"href":"https:\/\/www.europesays.com\/fr\/wp-json\/wp\/v2\/posts\/189546\/revisions"}],"wp:featuredmedia":[{"embeddable":true,"href":"https:\/\/www.europesays.com\/fr\/wp-json\/wp\/v2\/media\/189547"}],"wp:attachment":[{"href":"https:\/\/www.europesays.com\/fr\/wp-json\/wp\/v2\/media?parent=189546"}],"wp:term":[{"taxonomy":"category","embeddable":true,"href":"https:\/\/www.europesays.com\/fr\/wp-json\/wp\/v2\/categories?post=189546"},{"taxonomy":"post_tag","embeddable":true,"href":"https:\/\/www.europesays.com\/fr\/wp-json\/wp\/v2\/tags?post=189546"}],"curies":[{"name":"wp","href":"https:\/\/api.w.org\/{rel}","templated":true}]}}