{"id":189562,"date":"2025-06-19T23:18:10","date_gmt":"2025-06-19T23:18:10","guid":{"rendered":"https:\/\/www.europesays.com\/fr\/189562\/"},"modified":"2025-06-19T23:18:10","modified_gmt":"2025-06-19T23:18:10","slug":"exclu-heritage-dalain-delon-un-nouveau-partage-tres-defavorable-a-anouchka-dans-les-tuyaux","status":"publish","type":"post","link":"https:\/\/www.europesays.com\/fr\/189562\/","title":{"rendered":"EXCLU. H\u00e9ritage d&rsquo;Alain Delon : un nouveau partage tr\u00e8s d\u00e9favorable \u00e0 Anouchka dans les tuyaux"},"content":{"rendered":"<p data-start=\"434\" data-end=\"909\">La guerre de succession autour<br \/>\nd\u2019<a href=\"https:\/\/www.closermag.fr\/people\/alain-delon-a-quoi-ressemble-sa-superbe-propriete-de-douchy-ou-il-est-enterre-3359866\" rel=\"nofollow noopener\" target=\"_blank\">Alain<br \/>\nDelon<\/a> prend un nouveau tournant. Selon nos informations<br \/>\nexclusives, la part d\u2019h\u00e9ritage destin\u00e9e \u00e0 Anouchka Delon, longtemps<br \/>\nconsid\u00e9r\u00e9e comme la prot\u00e9g\u00e9e du com\u00e9dien, pourrait \u00eatre<br \/>\ns\u00e9rieusement <strong>revue \u00e0 la baisse<\/strong>. En cause : les<br \/>\nd\u00e9marches judiciaires entam\u00e9es par Charles et Blanche, les enfants<br \/>\nd\u2019<a href=\"https:\/\/www.closermag.fr\/people\/ari-boulogne-pourquoi-le-fils-suppose-dalain-delon-a-ete-discretement-enterre-deux-mois-apres-sa-mort-3331510\" rel=\"nofollow noopener\" target=\"_blank\">Ari<br \/>\nBoulogne<\/a>, qui poursuivent inlassablement leur combat pour faire<br \/>\nreconna\u00eetre la filiation entre leur p\u00e8re d\u00e9c\u00e9d\u00e9 et la l\u00e9gende du 7e<br \/>\nart.<\/p>\n<p data-start=\"911\" data-end=\"1290\">Pour m\u00e9moire, Ari Boulogne,<br \/>\nphotographe et figure marginale, a toujours affirm\u00e9 \u00eatre le fils<br \/>\nd\u2019Alain Delon et de la chanteuse Nico. Une version que l\u2019acteur a<br \/>\ntoujours contest\u00e9e, et que la justice fran\u00e7aise n\u2019a jusqu\u2019\u00e0 pr\u00e9sent<br \/>\njamais valid\u00e9e. Mais aujourd\u2019hui, ses petits-enfants pr\u00e9sum\u00e9s<br \/>\nreviennent \u00e0 la charge avec un nouveau dossier, plus solide, et une<br \/>\nd\u00e9termination intacte.<\/p>\n<p data-start=\"1643\" data-end=\"1684\"><strong data-start=\"1643\" data-end=\"1684\">H\u00e9ritage d&rsquo;Alain Delon : une d\u00e9cision aux lourdes<br \/>\ncons\u00e9quences apr\u00e8s le combat d&rsquo;Ari Boulogne<\/strong><\/p>\n<p data-start=\"1643\" data-end=\"1684\">La justice rendra son verdict<br \/>\nle <strong data-start=\"1325\" data-end=\"1346\">25 septembre<br \/>\n2025<\/strong>, une date d\u00e9j\u00e0 entour\u00e9e en rouge dans l\u2019agenda de la<br \/>\nfamille Delon. Car si la filiation est reconnue et que la justice<br \/>\nautorise les tests ADN, Charles et Blanche pourraient<br \/>\n<strong>pr\u00e9tendre \u00e0 une part de l\u2019h\u00e9ritage<\/strong>\u2026 au d\u00e9triment<br \/>\ndes h\u00e9ritiers officiels : Anthony, Alain-Fabien, et surtout<br \/>\n<a href=\"https:\/\/www.closermag.fr\/people\/alain-delon-sa-fille-anouchka-inconsolable-pour-sa-premiere-fete-des-peres-sans-lui-3555036\" rel=\"nofollow noopener\" target=\"_blank\"><br \/>\nAnouchka<\/a>, la fille cadette.<\/p>\n<p data-start=\"1686\" data-end=\"2149\">Anouchka, qui a souvent pris<br \/>\nla d\u00e9fense de son p\u00e8re, serait particuli\u00e8rement affect\u00e9e par cette<br \/>\n\u00e9ventuelle redistribution. Selon nos informations exclusives, sa<br \/>\npart pourrait passer de <strong>50 \u00e0 30%<\/strong> (soit de 14 \u00e0<br \/>\n8,.5 millions d&rsquo;euros environ). D\u2019autant plus que la gestion du<br \/>\npatrimoine d\u2019Alain Delon, entre r\u00e9sidences prestigieuses, \u0153uvres<br \/>\nd\u2019art et droits d\u2019auteur, repr\u00e9sente une somme colossale. Pour<br \/>\nrappel, l&rsquo;h\u00e9ritage d&rsquo;Alain Delon est en effet estim\u00e9 \u00e0 <strong>50<br \/>\nmillions d&rsquo;euros<\/strong>.<\/p>\n<p data-start=\"1686\" data-end=\"2149\"><strong data-start=\"1643\" data-end=\"1684\">H\u00e9ritage d&rsquo;Alain Delon : quelle part pour les<br \/>\npossibles petits-enfants d&rsquo;Alain Delon ?<\/strong><\/p>\n<p data-start=\"1686\" data-end=\"2149\">La part d&rsquo;Anthony, tout comme<br \/>\ncelle d&rsquo;Alain-Fabien, chuterait de 25 \u00e0 18% (soit de 6,5 \u00e0 5<br \/>\nmillions) tandis que la part de feu Ari s&rsquo;\u00e9l\u00e9verait<br \/>\n<strong>\u00e9galement \u00e0 18% (5 millions d&rsquo;euros)<\/strong> \u00e0 diviser en<br \/>\ndeux pour ses deux enfants.\u00a0En coulisses, les tensions sont<br \/>\npalpables. Et si le clan Delon a toujours affich\u00e9 une unit\u00e9 de<br \/>\nfa\u00e7ade, cette nouvelle proc\u00e9dure vient raviver les rancunes<br \/>\nfamiliales. Cette nouvelle \u00e9tape judiciaire pourrait bien changer<br \/>\nla donne et marquer un tournant dans l\u2019histoire d\u00e9j\u00e0 complexe de la<br \/>\ndynastie Delon.<\/p>\n<p><strong>COMMENT ACHETER CLOSER ? Votre magazine est en vente<br \/>\n\u00e0 partir du vendredi 20 juin 2025 chez votre marchand de journaux,<br \/>\nsur\u00a0 <a id=\"OWA037c6702-9fb9-b61b-8235-7c73c17a6b75\" title=\"URL d&#039;origine: https:\/\/play.google.com\/store\/apps\/details?id=com.immanens.kioskmag&amp;hl=fr. Cliquez ou appuyez si vous faites confiance \u00e0 ce lien.\" href=\"https:\/\/eur01.safelinks.protection.outlook.com\/?url=https%3A%2F%2Fplay.google.com%2Fstore%2Fapps%2Fdetails%3Fid%3Dcom.immanens.kioskmag%26hl%3Dfr&amp;data=05%7C02%7Ceschwartz%40reworldmedia.com%7C7da8932e2dca4b5a4c0f08ddaf0028af%7C1b09a7299d274c9cbadff357eaf62335%7C0%7C0%7C638859137389319090%7CUnknown%7CTWFpbGZsb3d8eyJFbXB0eU1hcGkiOnRydWUsIlYiOiIwLjAuMDAwMCIsIlAiOiJXaW4zMiIsIkFOIjoiTWFpbCIsIldUIjoyfQ%3D%3D%7C0%7C%7C%7C&amp;sdata=qpR71ITCMJ27pnL4UvhyeSFp4SOlFU7TikM4Yqt2tk0%3D&amp;reserved=0\" target=\"_blank\" rel=\"noopener noreferrer nofollow\" data-mrf-recirculation-id=\"Article_9\" data-mrf-link=\"https:\/\/play.google.com\/store\/apps\/details?id=com.immanens.kioskmag&amp;hl=fr\" data-auth=\"NotApplicable\">Android<\/a> ,\u00a0<br \/>\n<a id=\"OWA9812d24e-7535-e06f-d4a3-bb2d289a4c21\" title=\"URL d&#039;origine: https:\/\/apps.apple.com\/fr\/app\/closer-magazine\/id395501531. Cliquez ou appuyez si vous faites confiance \u00e0 ce lien.\" href=\"https:\/\/eur01.safelinks.protection.outlook.com\/?url=https%3A%2F%2Fapps.apple.com%2Ffr%2Fapp%2Fcloser-magazine%2Fid395501531&amp;data=05%7C02%7Ceschwartz%40reworldmedia.com%7C7da8932e2dca4b5a4c0f08ddaf0028af%7C1b09a7299d274c9cbadff357eaf62335%7C0%7C0%7C638859137389333676%7CUnknown%7CTWFpbGZsb3d8eyJFbXB0eU1hcGkiOnRydWUsIlYiOiIwLjAuMDAwMCIsIlAiOiJXaW4zMiIsIkFOIjoiTWFpbCIsIldUIjoyfQ%3D%3D%7C0%7C%7C%7C&amp;sdata=dQ307F%2FFGsiJfMkepJ2dlIfmWhkZ4hPH3jH6qkkyp3s%3D&amp;reserved=0\" target=\"_blank\" rel=\"noopener noreferrer nofollow\" data-mrf-recirculation-id=\"Article_10\" data-mrf-link=\"https:\/\/apps.apple.com\/fr\/app\/closer-magazine\/id395501531\" data-auth=\"NotApplicable\">iPad<\/a> \u00a0et sur\u00a0<br \/>\n<a id=\"LPlnkOWA56a3ddc1-5d52-8d67-6a00-cc446717a2cf\" title=\"URL d&#039;origine: https:\/\/www.kiosquemag.com\/titres\/closer\/offres?utm_source=Closer&amp;utm_medium=article. Cliquez ou appuyez si vous faites confiance \u00e0 ce lien.\" href=\"https:\/\/eur01.safelinks.protection.outlook.com\/?url=https%3A%2F%2Fwww.kiosquemag.com%2Ftitres%2Fcloser%2Foffres%3Futm_source%3DCloser%26utm_medium%3Darticle&amp;data=05%7C02%7Ceschwartz%40reworldmedia.com%7C7da8932e2dca4b5a4c0f08ddaf0028af%7C1b09a7299d274c9cbadff357eaf62335%7C0%7C0%7C638859137389348401%7CUnknown%7CTWFpbGZsb3d8eyJFbXB0eU1hcGkiOnRydWUsIlYiOiIwLjAuMDAwMCIsIlAiOiJXaW4zMiIsIkFOIjoiTWFpbCIsIldUIjoyfQ%3D%3D%7C0%7C%7C%7C&amp;sdata=DypuPZY%2B6ZQ%2BMIMHv6aJrwLob1c0dqhBRyr%2BvhVSGLE%3D&amp;reserved=0\" target=\"_blank\" rel=\"noopener noreferrer nofollow\" data-mrf-recirculation-id=\"Article_11\" data-mrf-link=\"https:\/\/www.kiosquemag.com\/titres\/closer\/offres?utm_source=Closer&amp;utm_medium=article\" data-auth=\"NotApplicable\">KiosqueMag.<\/a><\/strong><\/p>\n","protected":false},"excerpt":{"rendered":"La guerre de succession autour d\u2019Alain Delon prend un nouveau tournant. Selon nos informations exclusives, la part d\u2019h\u00e9ritage&hellip;\n","protected":false},"author":2,"featured_media":189563,"comment_status":"","ping_status":"","sticky":false,"template":"","format":"standard","meta":{"footnotes":""},"categories":[1359],"tags":[19718,548,58,59,1011,27,973],"class_list":{"0":"post-189562","1":"post","2":"type-post","3":"status-publish","4":"format-standard","5":"has-post-thumbnail","7":"category-people","8":"tag-anouchka-delon","9":"tag-article-simple","10":"tag-divertissement","11":"tag-entertainment","12":"tag-fr","13":"tag-france","14":"tag-people"},"share_on_mastodon":{"url":"https:\/\/pubeurope.com\/@fr\/114712589305734144","error":""},"_links":{"self":[{"href":"https:\/\/www.europesays.com\/fr\/wp-json\/wp\/v2\/posts\/189562","targetHints":{"allow":["GET"]}}],"collection":[{"href":"https:\/\/www.europesays.com\/fr\/wp-json\/wp\/v2\/posts"}],"about":[{"href":"https:\/\/www.europesays.com\/fr\/wp-json\/wp\/v2\/types\/post"}],"author":[{"embeddable":true,"href":"https:\/\/www.europesays.com\/fr\/wp-json\/wp\/v2\/users\/2"}],"replies":[{"embeddable":true,"href":"https:\/\/www.europesays.com\/fr\/wp-json\/wp\/v2\/comments?post=189562"}],"version-history":[{"count":0,"href":"https:\/\/www.europesays.com\/fr\/wp-json\/wp\/v2\/posts\/189562\/revisions"}],"wp:featuredmedia":[{"embeddable":true,"href":"https:\/\/www.europesays.com\/fr\/wp-json\/wp\/v2\/media\/189563"}],"wp:attachment":[{"href":"https:\/\/www.europesays.com\/fr\/wp-json\/wp\/v2\/media?parent=189562"}],"wp:term":[{"taxonomy":"category","embeddable":true,"href":"https:\/\/www.europesays.com\/fr\/wp-json\/wp\/v2\/categories?post=189562"},{"taxonomy":"post_tag","embeddable":true,"href":"https:\/\/www.europesays.com\/fr\/wp-json\/wp\/v2\/tags?post=189562"}],"curies":[{"name":"wp","href":"https:\/\/api.w.org\/{rel}","templated":true}]}}