{"id":189564,"date":"2025-06-19T23:19:11","date_gmt":"2025-06-19T23:19:11","guid":{"rendered":"https:\/\/www.europesays.com\/fr\/189564\/"},"modified":"2025-06-19T23:19:11","modified_gmt":"2025-06-19T23:19:11","slug":"on-sest-si-bien-occupe-de-moi-pour-remercier-la-maternite-de-lannion-lartiste-offre-des-tableaux","status":"publish","type":"post","link":"https:\/\/www.europesays.com\/fr\/189564\/","title":{"rendered":"\u00ab\u00a0On s\u2019est si bien occup\u00e9 de moi\u00a0\u00bb\u00a0: pour remercier la maternit\u00e9 de Lannion, l\u2019artiste offre des tableaux"},"content":{"rendered":"<p>Valentine Odile, artiste install\u00e9e \u00e0 Saint-Quay-Perros, sait exprimer sa reconnaissance. Il y a trois mois, \u00e0 la maternit\u00e9 de Lannion, la jeune femme a donn\u00e9 naissance \u00e0 une petite fille. Les circonstances ont fait qu\u2019elle a d\u00fb rester une semaine, avec son b\u00e9b\u00e9, dans les locaux de l\u2019h\u00f4pital : \u00ab On s\u2019est si bien occup\u00e9 de moi ici que j\u2019ai eu envie d\u2019offrir un cadeau au service, qui m\u2019a permis de rentrer chez moi tr\u00e8s zen et bien pr\u00e9par\u00e9e pour m\u2019occuper de ma fille. \u00bb<\/p>\n<p>Cela tombait bien, le service de gyn\u00e9cologie obst\u00e9trique avait besoin d\u2019\u00eatre \u00e9gay\u00e9 par quelques couleurs. Le mardi 17 juin, m\u00e9decin, sages femmes et auxiliaires de pu\u00e9riculture ont accueilli avec le sourire ces tableaux inspir\u00e9s par la c\u00f4te. On passe d\u00e9sormais, d\u00e8s l\u2019arriv\u00e9e \u00e0 l\u2019\u00e9tage du service, devant des tableaux repr\u00e9sentant des animaux marins, crustac\u00e9s, baleines ou oiseaux, et quelques paysages.<\/p>\n","protected":false},"excerpt":{"rendered":"Valentine Odile, artiste install\u00e9e \u00e0 Saint-Quay-Perros, sait exprimer sa reconnaissance. Il y a trois mois, \u00e0 la maternit\u00e9&hellip;\n","protected":false},"author":2,"featured_media":189565,"comment_status":"","ping_status":"","sticky":false,"template":"","format":"standard","meta":{"footnotes":""},"categories":[1358],"tags":[1348,1384,1385,251,1386,58,59,652,1011,27,5862,15761,1585],"class_list":{"0":"post-189564","1":"post","2":"type-post","3":"status-publish","4":"format-standard","5":"has-post-thumbnail","7":"category-arts-et-design","8":"tag-arts","9":"tag-arts-and-design","10":"tag-arts-et-design","11":"tag-culture","12":"tag-design","13":"tag-divertissement","14":"tag-entertainment","15":"tag-famille","16":"tag-fr","17":"tag-france","18":"tag-lannion","19":"tag-maternite","20":"tag-peinture"},"share_on_mastodon":{"url":"https:\/\/pubeurope.com\/@fr\/114712593220816335","error":""},"_links":{"self":[{"href":"https:\/\/www.europesays.com\/fr\/wp-json\/wp\/v2\/posts\/189564","targetHints":{"allow":["GET"]}}],"collection":[{"href":"https:\/\/www.europesays.com\/fr\/wp-json\/wp\/v2\/posts"}],"about":[{"href":"https:\/\/www.europesays.com\/fr\/wp-json\/wp\/v2\/types\/post"}],"author":[{"embeddable":true,"href":"https:\/\/www.europesays.com\/fr\/wp-json\/wp\/v2\/users\/2"}],"replies":[{"embeddable":true,"href":"https:\/\/www.europesays.com\/fr\/wp-json\/wp\/v2\/comments?post=189564"}],"version-history":[{"count":0,"href":"https:\/\/www.europesays.com\/fr\/wp-json\/wp\/v2\/posts\/189564\/revisions"}],"wp:featuredmedia":[{"embeddable":true,"href":"https:\/\/www.europesays.com\/fr\/wp-json\/wp\/v2\/media\/189565"}],"wp:attachment":[{"href":"https:\/\/www.europesays.com\/fr\/wp-json\/wp\/v2\/media?parent=189564"}],"wp:term":[{"taxonomy":"category","embeddable":true,"href":"https:\/\/www.europesays.com\/fr\/wp-json\/wp\/v2\/categories?post=189564"},{"taxonomy":"post_tag","embeddable":true,"href":"https:\/\/www.europesays.com\/fr\/wp-json\/wp\/v2\/tags?post=189564"}],"curies":[{"name":"wp","href":"https:\/\/api.w.org\/{rel}","templated":true}]}}