{"id":189568,"date":"2025-06-19T23:21:09","date_gmt":"2025-06-19T23:21:09","guid":{"rendered":"https:\/\/www.europesays.com\/fr\/189568\/"},"modified":"2025-06-19T23:21:09","modified_gmt":"2025-06-19T23:21:09","slug":"theo-rattrape-par-son-passe-douteux-plusieur","status":"publish","type":"post","link":"https:\/\/www.europesays.com\/fr\/189568\/","title":{"rendered":"Th\u00e9o rattrap\u00e9 par son pass\u00e9 douteux, plusieur &#8230;"},"content":{"rendered":"<p class=\"tls__ed-content__exc\">Th\u00e9o fait d\u00e9j\u00e0 parler de lui dans<br \/>\nla maison des secrets. En cause : d\u2019anciens messages qui refont<br \/>\nsurface sur les r\u00e9seaux.<\/p>\n<p>EN BREF<\/p>\n<ul class=\"bloc_resume_post_list\">\n<li>Le 10 juin 2025, Secret Story a fait son retour sur TF1<br \/>\navec une 13e saison mettant en avant un casting 100 % anonyme,<br \/>\nincluant quatorze candidats dont Th\u00e9o, Marianne et<br \/>\nPimprenelle.<\/li>\n<li>Th\u00e9o est au c\u0153ur d\u00a0\u00bbune pol\u00e9mique apr\u00e8s avoir \u00e9t\u00e9 accus\u00e9<br \/>\nde racisme suite \u00e0 des propos jug\u00e9s d\u00e9plac\u00e9s dans la maison et des<br \/>\ncontenus controvers\u00e9s sur les r\u00e9seaux sociaux, ce qui divise les<br \/>\nfans de l&rsquo;\u00e9mission.<\/li>\n<li>Avec une popularit\u00e9 en chute libre, Th\u00e9o pourrait bien<br \/>\n\u00eatre le premier \u00e9limin\u00e9 de l&rsquo;aventure, un verdict que les<br \/>\nt\u00e9l\u00e9spectateurs attendent avec impatience lors du prime en<br \/>\ndirect.<\/li>\n<\/ul>\n<p><a href=\"https:\/\/www.telestar.fr\/tele-realite\/secret-story\" target=\"_blank\" rel=\"noopener\">Secret<br \/>\nStory<\/a> a fait son grand retour mardi 10 juin 2025 sur <a href=\"https:\/\/www.telestar.fr\/tele_realite\/ethan-secret-story-2025-qui-est-son-frere-legende-vivante-du-football-a-lorigine-de-son-secret-1727148\" target=\"_blank\" rel=\"noopener\"><br \/>\nTF1<\/a>. Pour cette 13e saison, la production a mis\u00e9 sur un casting<br \/>\n100 % anonyme. Finis les influenceurs, place \u00e0 des profils plus<br \/>\nvari\u00e9s. <a href=\"https:\/\/www.telestar.fr\/tele_realite\/secret-story-2025-bientot-un-premier-couple-dans-la-maison-ces-deux-candidats-sont-plus-proches-que-jamais-1727118\" target=\"_blank\" rel=\"noopener\"><br \/>\nQuatorze candidats<\/a> ont rejoint la maison, et le jeu a vite<br \/>\ncommenc\u00e9. Le 17 juin, les trois premiers nomin\u00e9s ont \u00e9t\u00e9 annonc\u00e9s :<br \/>\nTh\u00e9o, Marianne et Pimprenelle. Un des trois quittera l\u2019aventure d\u00e8s<br \/>\nce soir.<\/p>\n<p>Depuis le lancement, des affinit\u00e9s se sont d\u00e9j\u00e0 form\u00e9es. Th\u00e9o<br \/>\ns\u2019est rapproch\u00e9 de Pimprenelle, ce que Marianne n\u2019a pas manqu\u00e9 de<br \/>\nsouligner : \u201cLes gens aiment votre connexion, votre lien\u201d.<br \/>\nLe jeune homme a aussi beaucoup \u00e9chang\u00e9 avec Dr\u00e9a. Mais \u00e0<br \/>\nl\u2019ext\u00e9rieur, l\u2019ambiance est moins calme. Sur les r\u00e9seaux, plusieurs<br \/>\ninternautes ont fouill\u00e9 le pass\u00e9 de Th\u00e9o, et ce qu\u2019ils ont trouv\u00e9<br \/>\nne passe pas du tout.<\/p>\n<blockquote class=\"twitter-tweet\"><p><a class=\"twitter-link\" rel=\"noindex, nofollow noopener\" href=\"https:\/\/twitter.com\/mrwnb\/status\/1933830452617625709\" target=\"_blank\"><\/p><\/blockquote>\n<p>Th\u00e9o : des propos qui d\u00e9rangent<\/p>\n<p>Th\u00e9o a \u00e9t\u00e9 accus\u00e9 de racisme apr\u00e8s une remarque faite dans la<br \/>\nmaison. En s\u2019adressant \u00e0 Anita, il lui a demand\u00e9 : \u201cC\u2019est quoi<br \/>\nton film pr\u00e9f\u00e9r\u00e9 ? Case d\u00e9part ?\u201d. Une phrase qui a vite \u00e9t\u00e9<br \/>\nrep\u00e9r\u00e9e par les t\u00e9l\u00e9spectateurs sur X. Certains l\u2019ont jug\u00e9e<br \/>\nd\u00e9plac\u00e9e, d\u2019autres carr\u00e9ment choquante. Le comportement du candidat<br \/>\ncommence s\u00e9rieusement \u00e0 diviser les fans de l\u2019\u00e9mission.<\/p>\n<p>Mais ce n\u2019est pas tout. D\u2019anciens contenus repost\u00e9s par Th\u00e9o sur<br \/>\nTikTok refont aussi surface. Dans une vid\u00e9o, on voit Miss France<br \/>\n2025, Ang\u00e9lique Angarni-Filopon, suivie d\u2019un plan sur N\u2019Golo Kant\u00e9,<br \/>\npr\u00e9sent\u00e9 comme \u201cla rel\u00e8ve\u201d. \u201cLe racisme banalis\u00e9 \u00e0 la<br \/>\nt\u00e9l\u00e9\u201d, \u201cTh\u00e9o doit sortir de la maison\u201d, peut-on lire<br \/>\nen ligne. Beaucoup demandent son d\u00e9part d\u00e8s ce soir, lors du<br \/>\npremier prime en direct.<\/p>\n<blockquote class=\"twitter-tweet\"><p><a class=\"twitter-link\" rel=\"noindex, nofollow noopener\" href=\"https:\/\/twitter.com\/iamkevndu\/status\/1934312754636062930\" target=\"_blank\"><\/p><\/blockquote>\n<p>Une \u00e9limination d\u00e9j\u00e0 attendue ?<\/p>\n<p>Le comportement de Th\u00e9o ne pla\u00eet pas non plus dans la maison. Il<br \/>\nencha\u00eene les blagues lourdes, surtout envers les filles. Sur X,<br \/>\nplusieurs internautes ont d\u00e9nonc\u00e9 son attitude et ses publications<br \/>\n: \u201cEntre ses propos racistes, son comportement lourd avec les<br \/>\nfilles et ses posts douteux sur les r\u00e9seaux, c\u2019est non\u201d. Sa<br \/>\ncote de popularit\u00e9 semble au plus bas, \u00e0 peine dix jours apr\u00e8s le<br \/>\nlancement.<\/p>\n<p>Ce soir, l\u2019un des trois nomin\u00e9s devra faire ses valises. Et si<br \/>\nTh\u00e9o quittait l\u2019aventure plus t\u00f4t que pr\u00e9vu ? Avec les pol\u00e9miques<br \/>\nqui s\u2019encha\u00eenent, son avenir dans l\u2019\u00e9mission est compromis. Du c\u00f4t\u00e9<br \/>\ndes t\u00e9l\u00e9spectateurs, le verdict semble d\u00e9j\u00e0 tomb\u00e9. Reste \u00e0 savoir<br \/>\nsi le vote du public confirmera la tendance\u2026<\/p>\n<p><script async src=\"https:\/\/platform.twitter.com\/widgets.js\" charset=\"utf-8\"><\/script><\/p>\n","protected":false},"excerpt":{"rendered":"Th\u00e9o fait d\u00e9j\u00e0 parler de lui dans la maison des secrets. En cause : d\u2019anciens messages qui refont&hellip;\n","protected":false},"author":2,"featured_media":189569,"comment_status":"","ping_status":"","sticky":false,"template":"","format":"standard","meta":{"footnotes":""},"categories":[1356],"tags":[548,58,59,1011,27,32739,29901,252,199,1364],"class_list":{"0":"post-189568","1":"post","2":"type-post","3":"status-publish","4":"format-standard","5":"has-post-thumbnail","7":"category-television","8":"tag-article-simple","9":"tag-divertissement","10":"tag-entertainment","11":"tag-fr","12":"tag-france","13":"tag-haine","14":"tag-secret-story","15":"tag-television","16":"tag-tf1","17":"tag-tv"},"share_on_mastodon":{"url":"https:\/\/pubeurope.com\/@fr\/114712601178576217","error":""},"_links":{"self":[{"href":"https:\/\/www.europesays.com\/fr\/wp-json\/wp\/v2\/posts\/189568","targetHints":{"allow":["GET"]}}],"collection":[{"href":"https:\/\/www.europesays.com\/fr\/wp-json\/wp\/v2\/posts"}],"about":[{"href":"https:\/\/www.europesays.com\/fr\/wp-json\/wp\/v2\/types\/post"}],"author":[{"embeddable":true,"href":"https:\/\/www.europesays.com\/fr\/wp-json\/wp\/v2\/users\/2"}],"replies":[{"embeddable":true,"href":"https:\/\/www.europesays.com\/fr\/wp-json\/wp\/v2\/comments?post=189568"}],"version-history":[{"count":0,"href":"https:\/\/www.europesays.com\/fr\/wp-json\/wp\/v2\/posts\/189568\/revisions"}],"wp:featuredmedia":[{"embeddable":true,"href":"https:\/\/www.europesays.com\/fr\/wp-json\/wp\/v2\/media\/189569"}],"wp:attachment":[{"href":"https:\/\/www.europesays.com\/fr\/wp-json\/wp\/v2\/media?parent=189568"}],"wp:term":[{"taxonomy":"category","embeddable":true,"href":"https:\/\/www.europesays.com\/fr\/wp-json\/wp\/v2\/categories?post=189568"},{"taxonomy":"post_tag","embeddable":true,"href":"https:\/\/www.europesays.com\/fr\/wp-json\/wp\/v2\/tags?post=189568"}],"curies":[{"name":"wp","href":"https:\/\/api.w.org\/{rel}","templated":true}]}}