{"id":189574,"date":"2025-06-19T23:24:16","date_gmt":"2025-06-19T23:24:16","guid":{"rendered":"https:\/\/www.europesays.com\/fr\/189574\/"},"modified":"2025-06-19T23:24:16","modified_gmt":"2025-06-19T23:24:16","slug":"antibioresistance-lema-sattaque-a-lazithromycine","status":"publish","type":"post","link":"https:\/\/www.europesays.com\/fr\/189574\/","title":{"rendered":"Antibior\u00e9sistance : l\u2019EMA s\u2019attaque \u00e0 l\u2019azithromycine"},"content":{"rendered":"<p>             <a href=\"https:\/\/ma-sante.news\/wp-content\/uploads\/2025\/06\/restriction-antibiotiques-antibioresistance-menace-europe-Ma-Sante.jpeg\" data-caption=\"En Europe, la r\u00e9sistance de la bact\u00e9rie responsable de la gonorrh\u00e9e \u00e0 l\u2019azithromycine est pass\u00e9e de 9\u202f% en 2019 \u00e0 plus de 25\u202f% en 2022, selon l\u2019ECDC. \u00a9 Adobe Stock\" rel=\"nofollow noopener\" target=\"_blank\"><img loading=\"lazy\" decoding=\"async\" width=\"696\" height=\"463\" class=\"entry-thumb td-modal-image\" src=\"data:image\/svg+xml,%3Csvg%20xmlns=\" http:=\"\" data-lazy- data-lazy- alt=\"Une boite d\u2019azithromycine restreinte \u00e0 l'usage pour lutter contre l'antibior\u00e9sistance.\" title=\"restriction antibiotiques antibiore\u0301sistance menace europe Ma Sante\u0301\" data-lazy-src=\"https:\/\/www.europesays.com\/fr\/wp-content\/uploads\/2025\/06\/restriction-antibiotiques-antibioresistance-menace-europe-Ma-Sante-696x463.jpeg\"\/><\/a>En Europe, la r\u00e9sistance de la bact\u00e9rie responsable de la gonorrh\u00e9e \u00e0 l\u2019azithromycine est pass\u00e9e de 9\u202f% en 2019 \u00e0 plus de 25\u202f% en 2022, selon l\u2019ECDC. \u00a9 Adobe Stock                                    \t\t\t             <a class=\"gofollow\" data-track=\"MjgsMCwxLDYw\" href=\"https:\/\/ma-sante.news\/inscrivez-vous-a-notre-newsletter\/\" rel=\"nofollow noopener\" target=\"_blank\"><img loading=\"lazy\" decoding=\"async\" width=\"1068\" height=\"131\" src=\"data:image\/svg+xml,%3Csvg%20xmlns=\" http:=\"\" data-lazy-src=\"https:\/\/www.europesays.com\/fr\/wp-content\/uploads\/2025\/03\/banniere-newsletter.png\"\/><\/a> <\/p>\n<p>Chaque ann\u00e9e en Europe, les bact\u00e9ries r\u00e9sistantes font plus de 35 000 morts, selon un rapport du Centre europ\u00e9en de pr\u00e9vention et de contr\u00f4le des maladies (ECDC). Ce chiffre d\u00e9passe d\u00e9j\u00e0 certains types de cancer. Et en premi\u00e8re ligne des coupables d\u00e9sign\u00e9s : <a href=\"https:\/\/ma-sante.news\/antibioresistance-menace-antibiotiques\/\" rel=\"nofollow noopener\" target=\"_blank\">les prescriptions excessives d\u2019antibiotiques<\/a>, notamment des macrolides comme l\u2019azithromycine.<\/p>\n<p>Face \u00e0 cette menace invisible mais bien r\u00e9elle, l\u2019Agence europ\u00e9enne des m\u00e9dicaments (EMA) a d\u00e9cid\u00e9 d\u2019agir. Elle veut limiter l\u2019usage de cet antibiotique populaire\u2026 mais parfois mal employ\u00e9.<\/p>\n<p>        Antibior\u00e9sistance : quand les antibiotiques perdent leur pouvoir\u2026    <strong>Qu\u2019est-ce que l\u2019azithromycine, exactement ?<\/strong>    <\/p>\n<p>L\u2019azithromycine est un antibiotique de la famille des macrolides. Il est utilis\u00e9 pour traiter des infections tr\u00e8s fr\u00e9quentes :<\/p>\n<p>C\u2019est un m\u00e9dicament appr\u00e9ci\u00e9 des m\u00e9decins (et des patients) pour sa posologie courte (souvent 3 jours), ses effets rapides, et sa relative tol\u00e9rance.<\/p>\n<p>        <strong>Antibiotiques : trop prescrit, trop souvent\u2026 pour rien<\/strong>    <\/p>\n<p>En France, selon Sant\u00e9 Publique France, la consommation de macrolides a augment\u00e9 de 12,8 % entre 2022 et 2023, apr\u00e8s une baisse durant la pand\u00e9mie. L\u2019azithromycine figure en bonne place parmi les antibiotiques les plus prescrits.<\/p>\n<p>Mais voil\u00e0, il est parfois utilis\u00e9 sans justification m\u00e9dicale solide, notamment pour des infections virales (angines, bronchites) o\u00f9 il n\u2019a aucun effet. R\u00e9sultat ? Les bact\u00e9ries s\u2019habituent, mutent, et deviennent r\u00e9sistantes. C\u2019est ce qu\u2019on appelle<a href=\"https:\/\/ma-sante.news\/antibioresistance-ce-fleau-inquiete-les-autorites-de-sante-europeennes\/\" rel=\"nofollow noopener\" target=\"_blank\"> l\u2019antibior\u00e9sistance, ou r\u00e9sistance aux antibiotiques. Et elle progresse \u00e0 vitesse grand V.<\/a><\/p>\n<p>        Alors, l\u2019EMA restreint l\u2019usage de l\u2019azithromycine pour freiner l\u2019antibior\u00e9sistance\u00a0    <strong>Ce que l\u2019EMA propose concr\u00e8tement<\/strong>    <\/p>\n<p>Le Comit\u00e9 des m\u00e9dicaments \u00e0 usage humain (CHMP) de l\u2019EMA recommande en 2025 :<\/p>\n<ul class=\"wp-block-list\">\n<li>De restreindre les indications : par exemple, r\u00e9server l\u2019azithromycine uniquement aux infections g\u00e9nitales \u00e0 Chlamydia ou aux <a href=\"https:\/\/ma-sante.news\/pneumonie-grippe-covid-19-danger-lyon-pneumocoque\/\" rel=\"nofollow noopener\" target=\"_blank\">cas graves de pneumonie.<\/a><\/li>\n<li>De supprimer certaines utilisations orales, comme le traitement de l\u2019acn\u00e9 mod\u00e9r\u00e9e ou la <a href=\"https:\/\/ma-sante.news\/sante-publique-pollution-air-pourquoi-sante-danger-enquete-sante-publique-france\/\" rel=\"nofollow noopener\" target=\"_blank\">pr\u00e9vention de l\u2019asthme<\/a>.<\/li>\n<li>D\u2019harmoniser les pratiques en Europe, pour \u00e9viter que certains pays ne la prescrivent trop librement.<\/li>\n<\/ul>\n<p>Ce n\u2019est pas une interdiction totale, mais une restriction cibl\u00e9e et justifi\u00e9e, pour pr\u00e9server l\u2019efficacit\u00e9 du m\u00e9dicament.<\/p>\n<p>        <strong>Pourquoi cette restriction des antibiotiques en 2025 est capitale<\/strong>    <\/p>\n<p>L\u2019azithromycine n\u2019est pas seule concern\u00e9e. Cette d\u00e9cision s\u2019inscrit dans un plan plus large pour<a href=\"https:\/\/ma-sante.news\/pourquoi-lantibioresistance-est-elle-lune-des-grandes-menaces-de-demain\/\" rel=\"nofollow noopener\" target=\"_blank\"> restreindre l\u2019usage de certains antibiotiques dits \u201ccritiques\u201d<\/a>. Selon l\u2019OMS, les macrolides comme l\u2019azithromycine font partie des antibiotiques \u201cWatch\u201d : des traitements essentiels, mais \u00e0 r\u00e9server aux cas vraiment n\u00e9cessaires.<\/p>\n<p>L\u2019objectif est d\u2019<a href=\"https:\/\/ma-sante.news\/antibioresistance-fin-antibiotiques-danger-futur\/\" rel=\"nofollow noopener\" target=\"_blank\">\u00e9viter que les antibiotiques de demain ne deviennent inutiles<\/a>. Car si les bact\u00e9ries deviennent r\u00e9sistantes \u00e0 tout, nous perdrons l\u2019un des piliers de la m\u00e9decine moderne : la possibilit\u00e9 de traiter efficacement des infections simples, des complications postop\u00e9ratoires, ou des traitements de chimioth\u00e9rapie.<\/p>\n<p>        Ce que cela change pour vous, patients    <\/p>\n<p>Pas de panique ! Vous aurez toujours acc\u00e8s \u00e0 l\u2019azithromycine\u2026 si vous en avez r\u00e9ellement besoin. Mais attendez-vous \u00e0 ce que votre m\u00e9decin vous pose plus de questions avant de vous en prescrire. Et c\u2019est une bonne chose.<\/p>\n<p>Nos conseils :<\/p>\n<ul class=\"wp-block-list\">\n<li>Ne r\u00e9clamez pas automatiquement un antibiotique pour un rhume ou une toux.<\/li>\n<li>\u00c9coutez l\u2019avis de votre m\u00e9decin : il sait quand un antibiotique est vraiment n\u00e9cessaire.<\/li>\n<li>Respectez toujours la posologie prescrite et terminez votre traitement.<\/li>\n<\/ul>\n<blockquote class=\"wp-block-quote is-layout-flow wp-block-quote-is-layout-flow\">\n<p><strong>\u00c0 SAVOIR\u00a0<\/strong><\/p>\n<p>L\u2019azithromycine peut, dans de rares cas, entra\u00eener des troubles du rythme cardiaque, surtout chez les personnes ayant des ant\u00e9c\u00e9dents cardiaques. Un ECG de contr\u00f4le est recommand\u00e9 avant prescription pour les patients \u00e0 risque, selon plusieurs agences de sant\u00e9.<\/p>\n<\/blockquote>\n<p>  <a class=\"gofollow\" data-track=\"MTIsMCwxLDYw\" href=\"https:\/\/ma-sante.news\/annonceurs\/\" rel=\"nofollow noopener\" target=\"_blank\"><img loading=\"lazy\" decoding=\"async\" width=\"2560\" height=\"2133\" src=\"data:image\/svg+xml,%3Csvg%20xmlns=\" http:=\"\" data-lazy-src=\"https:\/\/www.europesays.com\/fr\/wp-content\/uploads\/2025\/03\/pub-annonceurs-4-scaled.jpg\"\/><\/a>    <img loading=\"lazy\" decoding=\"async\" width=\"755\" height=\"495\" src=\"data:image\/svg+xml,%3Csvg%20xmlns=\" http:=\"\" data-lazy-src=\"https:\/\/www.europesays.com\/fr\/wp-content\/uploads\/2025\/03\/Image1.jpg\"\/>Inscrivez-vous \u00e0 notre newsletter <br \/>Ma Sant\u00e9                      <\/p>\n","protected":false},"excerpt":{"rendered":"En Europe, la r\u00e9sistance de la bact\u00e9rie responsable de la gonorrh\u00e9e \u00e0 l\u2019azithromycine est pass\u00e9e de 9\u202f% en&hellip;\n","protected":false},"author":2,"featured_media":189575,"comment_status":"","ping_status":"","sticky":false,"template":"","format":"standard","meta":{"footnotes":""},"categories":[10],"tags":[32745,1011,27,72,71],"class_list":{"0":"post-189574","1":"post","2":"type-post","3":"status-publish","4":"format-standard","5":"has-post-thumbnail","7":"category-sante","8":"tag-antibioru00e9sistance","9":"tag-fr","10":"tag-france","11":"tag-health","12":"tag-sante"},"share_on_mastodon":{"url":"https:\/\/pubeurope.com\/@fr\/114712613156467360","error":""},"_links":{"self":[{"href":"https:\/\/www.europesays.com\/fr\/wp-json\/wp\/v2\/posts\/189574","targetHints":{"allow":["GET"]}}],"collection":[{"href":"https:\/\/www.europesays.com\/fr\/wp-json\/wp\/v2\/posts"}],"about":[{"href":"https:\/\/www.europesays.com\/fr\/wp-json\/wp\/v2\/types\/post"}],"author":[{"embeddable":true,"href":"https:\/\/www.europesays.com\/fr\/wp-json\/wp\/v2\/users\/2"}],"replies":[{"embeddable":true,"href":"https:\/\/www.europesays.com\/fr\/wp-json\/wp\/v2\/comments?post=189574"}],"version-history":[{"count":0,"href":"https:\/\/www.europesays.com\/fr\/wp-json\/wp\/v2\/posts\/189574\/revisions"}],"wp:featuredmedia":[{"embeddable":true,"href":"https:\/\/www.europesays.com\/fr\/wp-json\/wp\/v2\/media\/189575"}],"wp:attachment":[{"href":"https:\/\/www.europesays.com\/fr\/wp-json\/wp\/v2\/media?parent=189574"}],"wp:term":[{"taxonomy":"category","embeddable":true,"href":"https:\/\/www.europesays.com\/fr\/wp-json\/wp\/v2\/categories?post=189574"},{"taxonomy":"post_tag","embeddable":true,"href":"https:\/\/www.europesays.com\/fr\/wp-json\/wp\/v2\/tags?post=189574"}],"curies":[{"name":"wp","href":"https:\/\/api.w.org\/{rel}","templated":true}]}}