{"id":189585,"date":"2025-06-19T23:31:13","date_gmt":"2025-06-19T23:31:13","guid":{"rendered":"https:\/\/www.europesays.com\/fr\/189585\/"},"modified":"2025-06-19T23:31:13","modified_gmt":"2025-06-19T23:31:13","slug":"en-direct-canicule-16-departements-en-vigilance-orange-a-partir-de-12h","status":"publish","type":"post","link":"https:\/\/www.europesays.com\/fr\/189585\/","title":{"rendered":"EN DIRECT &#8211; Canicule : 16 d\u00e9partements en vigilance orange \u00e0 partir de 12h"},"content":{"rendered":"<ul class=\"jsx-862013697 ArticleChapo__List\">\n<li class=\"jsx-862013697 ArticleChapo__List_Item flex\">Dans son bulletin de 16h ce jeudi, M\u00e9t\u00e9o-France place 16 d\u00e9partements en vigilance orange canicule, de la Manche aux Charentes et autour du Lyonnais.<\/li>\n<li class=\"jsx-862013697 ArticleChapo__List_Item flex\">L&rsquo;alerte est valable \u00e0 partir de vendredi midi.<\/li>\n<li class=\"jsx-862013697 ArticleChapo__List_Item flex\">Suivez les derni\u00e8res informations.<\/li>\n<\/ul>\n<p><a href=\"https:\/\/www.tf1info.fr\/actualite\/meteo-france-canicule-changement-climatique-la-france-face-a-sa-premiere-canicule-d-ampleur-de-2025-14308\/\" rel=\"noopener\" class=\"jsx-484472199 Link jsx-1428418400 jsx-27126556\" target=\"_blank\"><\/p>\n<p style=\"font-weight:400\" class=\"jsx-1837267516\">Suivez la couverture compl\u00e8te<\/p>\n<p style=\"font-weight:800\" class=\"jsx-1837267516\">La France face \u00e0 sa premi\u00e8re canicule d&rsquo;ampleur de 2025<\/p>\n<p><\/a>Les \u00e9l\u00e9ments marquants16:0216 D\u00c9PARTEMENTS EN VIGILANCE ORANGE<\/p>\n<p>Les 16 d\u00e9partements concern\u00e9s par la vigilance orange vendredi \u00e0 midi :\u00a0<\/p>\n<p><strong>Manche <\/strong>(50) ; <strong>Morbihan <\/strong>(56) ; <strong>Ille-et-Vilaine <\/strong>(35) ; <strong>Mayenne <\/strong>(53) ; <strong>Sarthe <\/strong>(72) ; <strong>Loire-Atlantique <\/strong>(44) ; <strong>Maine-et-Loire <\/strong>(49) ; <strong>Indre-et-Loire <\/strong>(37) ; <strong>Vend\u00e9e <\/strong>(85) ; <strong>Deux-S\u00e8vres <\/strong>(79) ; <strong>Vienne <\/strong>(86) ; <strong>Charente-Maritime <\/strong>(17) ; <strong>Charente <\/strong>(16); <strong>Haute-Vienne <\/strong>(87) ; <strong>Rh\u00f4ne <\/strong>(69) et <strong>Is\u00e8re <\/strong>(38).<\/p>\n<blockquote data-testid=\"EmbedTwitter\" id=\"tweet-1935699598711857177-:R76keamij9n79m:\" class=\"jsx-aeff1a1c40f54d7a twitter-tweet flex justify-center items-center\"><p>Pour vendredi 20 juin 2025 : \ud83d\udfe0 16 d\u00e9partements en Vigilance orange Restez prudents et inform\u00e9s : https:\/\/t.co\/JGz4rTUvHP pic.twitter.com\/TgRB0y8ag0 \u2014 VigiM\u00e9t\u00e9oFrance (@VigiMeteoFrance)  June 19, 2025<\/p><\/blockquote>\n<p>Minute par minute<\/p>\n<p>jeudi 19 juin 2025<\/p>\n<p>23:01LA FRANCE A EU CHAUD CE JEUDI<\/p>\n<p>Les fortes chaleurs sont difficiles \u00e0 supporter, en particulier dans les villes. Des temp\u00e9ratures qui interpellent alors que nous sommes officiellement toujours au printemps. TF1 est all\u00e9 \u00e0 la rencontre des Fran\u00e7ais confront\u00e9s \u00e0 ce d\u00e9but de canicule.<\/p>\n<p>Fortes chaleurs : une journ\u00e9e sous 36 \u00b0CSource : JT 20h Semaine<\/p>\n<p><a href=\"https:\/\/www.tf1info.fr\/meteo\/videos\/video-fortes-chaleurs-une-journee-sous-36-c-44356-2378065.html\" rel=\"noopener\" class=\"jsx-484472199 Link\" target=\"_blank\"><img decoding=\"async\" src=\"https:\/\/www.europesays.com\/fr\/wp-content\/uploads\/2025\/06\/fortes-chaleurs-une-journee-sous-36-c-188bda-0@1x.jpeg\" alt=\"\" loading=\"lazy\" importance=\"low\" fetchpriority=\"low\" class=\"\" aria-hidden=\"true\"\/><\/p>\n<p>01:50<\/p>\n<p><\/a>21:34UNE R\u00c9PONSE GRADU\u00c9E<\/p>\n<p>Le retour des fortes chaleurs est l&rsquo;occasion de se pencher sur le fonctionnement des quatre niveaux qui composent le plan canicule. Un dispositif \u00e9labor\u00e9 en 2004 \u00e0 la suite de la canicule de 2003, qui avait fait 15.000 morts.<\/p>\n<p>M\u00e9t\u00e9o et intemp\u00e9ries<img decoding=\"async\" src=\"https:\/\/www.europesays.com\/fr\/wp-content\/uploads\/2025\/06\/thermometre-canicule-illustr-05522a-0@1x.jpeg\" alt=\"Fortes chaleurs : comment fonctionnent les 4 niveaux du plan canicule ?\" loading=\"lazy\" importance=\"low\" fetchpriority=\"low\" class=\"\" aria-hidden=\"true\"\/>21:28La fa\u00e7ade atlantique tr\u00e8s expos\u00e9e vendredi <\/p>\n<p>L&rsquo;observatoire Keraunos d\u00e9voile une carte pr\u00e9visionnelle des temp\u00e9ratures maximales attendues pour la journ\u00e9e de vendredi. Des pointes \u00e0 38 degr\u00e9s sont notamment pr\u00e9vues en Aquitaine et basse vall\u00e9e du Rh\u00f4ne.<\/p>\n<blockquote data-testid=\"EmbedTwitter\" id=\"tweet-1935760957013147981-:R1phkqqamij9n79m:\" class=\"jsx-aeff1a1c40f54d7a twitter-tweet flex justify-center items-center\"><p>Demain vendredi, la chaleur s&rsquo;accentue avec des valeurs proches de 36 \u00e0 37\u00b0C qui devraient remonter jusqu&rsquo;\u00e0 l&rsquo;estuaire de la Loire et les 35\u00b0C jusqu&rsquo;au nord Bretagne. Des pointes \u00e0 38\u00b0C sont pr\u00e9vues en Aquitaine et basse vall\u00e9e du Rh\u00f4ne.  pic.twitter.com\/TT9Z2akbDb \u2014 Keraunos (@KeraunosObs)  June 19, 2025<\/p><\/blockquote>\n<p>19:22L&rsquo;AIR CHAUD REMONTE<\/p>\n<p>M\u00e9t\u00e9o-France partage ce jeudi soir une s\u00e9rie de relev\u00e9s de temp\u00e9rature pour illustrer la remont\u00e9e des masses d&rsquo;air chaudes venues d&rsquo;Espagne. \u00c0 17 heures, on enregistrait par exemple 37,2 degr\u00e9s \u00e0 Vinsobres (26), 36,6 degr\u00e9s \u00e0 La Couronne (16), ou bien encore 36,5 degr\u00e9s \u00e0 Cogolin (83).<\/p>\n<blockquote data-testid=\"EmbedTwitter\" id=\"tweet-1935743243020271748-:R1pi4qqamij9n79m:\" class=\"jsx-aeff1a1c40f54d7a twitter-tweet flex justify-center items-center\"><p>De l\u2019air chaud venu d\u2019Espagne remonte lentement sur le pays d\u00e8s ce jeudi. On a d\u00e9j\u00e0 relev\u00e9 aujourd&rsquo;hui : &#8211; 37,2 \u00b0C \u00e0 Vinsobres (26) &#8211; 36,6 \u00b0C \u00e0 La Couronne (16) &#8211; 36,5 \u00b0C \u00e0 Cogolin (83) (valeurs provisoires 17h) \ud83d\udef0\ufe0f Photo prise le 19\/06\/2025 (M\u00e9t\u00e9o-France \/ METEOSAT-12)  #canicule pic.twitter.com\/Nx7Stvszg8 \u2014 M\u00e9t\u00e9o-France (@meteofrance)  June 19, 2025<\/p><\/blockquote>\n<p>18:45DU SPORT MALGR\u00c9 TOUT<\/p>\n<p>Face \u00e0 la hausse des temp\u00e9ratures, la pratique du sport peut se poursuivre sous certaines conditions. L&rsquo;essentiel est d&rsquo;\u00e9viter les heures les plus br\u00fblantes et les s\u00e9ances intenses, explique un m\u00e9decin du sport \u00e0 TF1info.<\/p>\n<p>Sant\u00e9 et bien \u00eatre<img decoding=\"async\" src=\"https:\/\/www.europesays.com\/fr\/wp-content\/uploads\/2025\/06\/illustration-course-a-pied-744528-0@1x.jpeg\" alt=\"Canicule : comment maintenir une activit\u00e9 sportive malgr\u00e9 les fortes chaleurs\" loading=\"lazy\" importance=\"low\" fetchpriority=\"low\" class=\"\" aria-hidden=\"true\"\/>18:44Les conseils de M\u00e9t\u00e9o-France<\/p>\n<p>\u00c0 l&rsquo;approche d&rsquo;un \u00e9pisode caniculaire, M\u00e9t\u00e9o-France dresse une s\u00e9rie de conseils pour r\u00e9duire les risques li\u00e9s aux tr\u00e8s fortes chaleurs.\u00a0<\/p>\n<ul>\n<li>Boire de l&rsquo;eau plusieurs fois par jour<\/li>\n<li>Continuer \u00e0 manger normalement.<\/li>\n<li>Se mouiller le corps plusieurs fois par jour \u00e0 l\u2019aide d\u2019un brumisateur, d\u2019un gant de toilette ou en prenant des douches ou des bains ti\u00e8des.<\/li>\n<li>Ne pas sortir aux heures les plus chaudes.<\/li>\n<li>Si l&rsquo;on doit sortir, porter un chapeau et des v\u00eatements l\u00e9gers.\u00a0<\/li>\n<li>Essayer de se rendre dans un endroit frais ou climatis\u00e9 deux \u00e0 trois heures par jour.<\/li>\n<li>Limiter les activit\u00e9s physiques et sportives.<\/li>\n<li>Pendant la journ\u00e9e, fermer volets, rideaux et fen\u00eatres. A\u00e9rer la nuit.<\/li>\n<li>Prendre des nouvelles des personnes \u00e2g\u00e9es, souffrant de maladies chroniques ou isol\u00e9es dans son entourage. Les accompagner dans des endroits frais.<\/li>\n<li>En cas de malaise ou de troubles du comportement, appeler un m\u00e9decin.<\/li>\n<\/ul>\n<p>17:48NUCL\u00c9AIRE<\/p>\n<p>Le groupe \u00e9lectricien fran\u00e7ais EDF envisage d&rsquo;abaisser la production dans son parc nucl\u00e9aire \u00e0 compter de mercredi, notamment sur le site de sa centrale du Bugey (Ain), \u00e0 cause du possible impact des temp\u00e9ratures \u00e9lev\u00e9es sur le fleuve Rh\u00f4ne.<\/p>\n<p>\u00ab\u00a0En raison des pr\u00e9visions de temp\u00e9ratures \u00e9lev\u00e9es du Rh\u00f4ne, des restrictions de production sont susceptibles d&rsquo;affecter le parc de production nucl\u00e9aire d&rsquo;EDF \u00e0 partir du mercredi 25 juin, et plus particuli\u00e8rement le site de Bugey\u00a0\u00bb, a indiqu\u00e9 EDF dans un message d&rsquo;information en pr\u00e9cisant que ces pr\u00e9visions seront affin\u00e9es \u00e0 \u00ab\u00a0J-1\u00a0\u00bb alors que M\u00e9t\u00e9o-France a d\u00e9cr\u00e9t\u00e9 la vigilance orange \u00ab\u00a0canicule\u00a0\u00bb \u00e0 partir de vendredi midi dans 16 d\u00e9partements.\u00a0<\/p>\n<p>16:40O\u00d9 ET QUAND ? <\/p>\n<p>Guillaume Woznica, le sp\u00e9cialiste de la m\u00e9t\u00e9o sur LCI (canal 15), vous livre ses pr\u00e9visions dans l&rsquo;article ci-dessous.\u00a0<\/p>\n<p>M\u00e9t\u00e9o et intemp\u00e9ries<img decoding=\"async\" src=\"https:\/\/www.europesays.com\/fr\/wp-content\/uploads\/2025\/06\/chaleur-soleil-thermometre-297286-1@1x.jpeg\" alt=\"Vague de chaleur : 16 d\u00e9partements en vigilance orange canicule, \u00e0 quelles temp\u00e9ratures s'attendre ? \" loading=\"lazy\" importance=\"low\" fetchpriority=\"low\" class=\"\" aria-hidden=\"true\"\/>16:16&Prime;VAGUE DE CHALEUR PR\u00c9COCE\u00a0\u00bb<\/p>\n<p>La \u00ab\u00a0vague de chaleur pr\u00e9coce\u00a0\u00bb, qui arrive sur l&rsquo;ouest de la France, est concomitante avec un \u00e9pisode de canicule, lui aussi &lsquo;pr\u00e9coce\u00a0\u00bb, sur Rh\u00f4ne et Is\u00e8re. Si l&rsquo;\u00e9v\u00e9nement n&rsquo;a pas encore d\u00e9but\u00e9, ce jeudi, demain matin, les temp\u00e9ratures minimales \u00ab\u00a0sont d\u00e9j\u00e0 chaudes, de l&rsquo;ordre de 17 \u00e0 20\u00b0C sur le d\u00e9partement de la Manche, du Rh\u00f4ne et de l&rsquo;Is\u00e8re, de 19 \u00e0 21\u00b0C sur les autres d\u00e9partements en vigilance orange\u00a0\u00bb, note M\u00e9t\u00e9o-France.\u00a0<\/p>\n<p>En journ\u00e9e, les temp\u00e9ratures maximales atteignent g\u00e9n\u00e9ralement 33 \u00e0 36\u00b0C voire 37 \u00e0 38 \u00b0C par endroit. Mais attention, la nuit sera aussi chaude, \u00ab\u00a0tropicale\u00a0\u00bb<a href=\"https:\/\/www.tf1info.fr\/meteo\/canicule-meteo-france-ce-qu-il-faut-attendre-des-nuits-tropicales-prevues-temperatures-nuits-chaudes-2161183.html\" target=\"_blank\" rel=\"noopener\"> selon la qualification m\u00e9t\u00e9orologique <\/a>: \u00ab\u00a0Dans la nuit de vendredi \u00e0 samedi, les minimales sont \u00e0 nouveau \u00e9lev\u00e9es, de 19 \u00e0 22\u00b0C\u00a0\u00bb.<\/p>\n<p>16:0216 D\u00c9PARTEMENTS EN VIGILANCE ORANGE<\/p>\n<p>Les 16 d\u00e9partements concern\u00e9s par la vigilance orange vendredi \u00e0 midi :\u00a0<\/p>\n<p><strong>Manche <\/strong>(50) ; <strong>Morbihan <\/strong>(56) ; <strong>Ille-et-Vilaine <\/strong>(35) ; <strong>Mayenne <\/strong>(53) ; <strong>Sarthe <\/strong>(72) ; <strong>Loire-Atlantique <\/strong>(44) ; <strong>Maine-et-Loire <\/strong>(49) ; <strong>Indre-et-Loire <\/strong>(37) ; <strong>Vend\u00e9e <\/strong>(85) ; <strong>Deux-S\u00e8vres <\/strong>(79) ; <strong>Vienne <\/strong>(86) ; <strong>Charente-Maritime <\/strong>(17) ; <strong>Charente <\/strong>(16); <strong>Haute-Vienne <\/strong>(87) ; <strong>Rh\u00f4ne <\/strong>(69) et <strong>Is\u00e8re <\/strong>(38).<\/p>\n<blockquote data-testid=\"EmbedTwitter\" id=\"tweet-1935699598711857177-:R1pl4qqamij9n79m:\" class=\"jsx-aeff1a1c40f54d7a twitter-tweet flex justify-center items-center\"><p>Pour vendredi 20 juin 2025 : \ud83d\udfe0 16 d\u00e9partements en Vigilance orange Restez prudents et inform\u00e9s : https:\/\/t.co\/JGz4rTUvHP pic.twitter.com\/TgRB0y8ag0 \u2014 VigiM\u00e9t\u00e9oFrance (@VigiMeteoFrance)  June 19, 2025<\/p><\/blockquote>\n<p>16:02BONJOUR \u00c0 TOUS<\/p>\n<p>Bonjour \u00e0 toutes et \u00e0 tous et bienvenue dans ce direct du jeudi 19 juin consacr\u00e9 \u00e0 la vigilance orange canicule d\u00e9clench\u00e9e par M\u00e9t\u00e9o-France \u00e0 partir de vendredi.<\/p>\n<p data-module=\"article-paragraph\" class=\"jsx-3046738180 Paragraph\">La vigilance est de mise pour les personnes les plus fragiles et celles travaillant en ext\u00e9rieur. Ce jeudi, M\u00e9t\u00e9o-France place 16 d\u00e9partements en vigilance orange canicule \u00e0 partir de vendredi 20 juin \u00e0 midi.<\/p>\n<p data-module=\"article-paragraph\" class=\"jsx-3046738180 Paragraph\">La liste des d\u00e9partements concern\u00e9s :\u00a0<\/p>\n<p data-module=\"article-paragraph\" class=\"jsx-3046738180 Paragraph Paragraph__End\"><strong>Manche<\/strong> (50) ; <strong>Morbihan <\/strong>(56) ; <strong>Ille-et-Vilaine <\/strong>(35) ; <strong>Mayenne <\/strong>(53) ; <strong>Sarthe <\/strong>(72) ; <strong>Loire-Atlantique <\/strong>(44) ; <strong>Maine-et-Loire <\/strong>(49) ; <strong>Indre-et-Loire <\/strong>(37) ; <strong>Vend\u00e9e <\/strong>(85) ; <strong>Deux-S\u00e8vres <\/strong>(79) ; <strong>Vienne<\/strong> (86) ; <strong>Charente-Maritime <\/strong>(17) ; <strong>Charente <\/strong>(16) ; <strong>Haute-Vienne <\/strong>(87) ; <strong>Rh\u00f4ne <\/strong>(69) et <strong>Is\u00e8re <\/strong>(38).<\/p>\n<p data-module=\"article-paragraph\" class=\"jsx-3046738180 Paragraph\">Selon M\u00e9t\u00e9o-France, les temp\u00e9ratures <a href=\"https:\/\/www.tf1info.fr\/meteo\/vague-de-chaleur-des-temperatures-caniculaires-attendues-a-partir-de-vendredi-jusqu-a-40-c-en-ile-de-france-2377571.html\" target=\"_blank\" rel=\"noopener\">vont grimper en France<\/a> ces prochains jours jusqu&rsquo;\u00e0 38\u00b0C localement, une vague de chaleur qui atteindra son pic samedi avant un refroidissement attendu dimanche. Les temp\u00e9ratures vont progressivement monter jeudi, puis vendredi, et enfin jusqu&rsquo;\u00e0 la \u00ab\u00a0journ\u00e9e de samedi qui devrait constituer le pic de cet \u00e9pisode, notamment sur la r\u00e9gion de l&rsquo;Ouest, avec des valeurs qui seront fr\u00e9quemment situ\u00e9es entre 34 et 37 voire 38 degr\u00e9s\u00a0\u00bb, a indiqu\u00e9 Fran\u00e7ois Gourand, pr\u00e9visionniste au sein de l&rsquo;\u00e9tablissement public, lors d&rsquo;une conf\u00e9rence de presse.<\/p>\n<p data-module=\"article-paragraph\" class=\"jsx-3046738180 Paragraph Paragraph__End\">La nuit de jeudi \u00e0 vendredi \u00ab\u00a0sera elle-m\u00eame tr\u00e8s chaude sur ces r\u00e9gions de l&rsquo;Ouest, avec des temp\u00e9ratures qui souvent ne descendront pas sous les 20 degr\u00e9s en temp\u00e9ratures minimales\u00a0\u00bb, ph\u00e9nom\u00e8ne nocturne qui devrait encore s&rsquo;accentuer la nuit suivante, a-t-il ajout\u00e9. Le pr\u00e9visionniste s&rsquo;attend ensuite \u00e0 un \u00ab\u00a0rafra\u00eechissement pour la journ\u00e9e de dimanche qui devrait \u00eatre assez marqu\u00e9\u00a0\u00bb, notamment sur l&rsquo;Ouest, avec une chaleur qui devrait cependant persister \u00e0 l&rsquo;est du pays.<\/p>\n<p>La r\u00e9daction de TF1info<\/p>\n<p><script async src=\"https:\/\/platform.twitter.com\/widgets.js\" charset=\"utf-8\"><\/script><\/p>\n","protected":false},"excerpt":{"rendered":"Dans son bulletin de 16h ce jeudi, M\u00e9t\u00e9o-France place 16 d\u00e9partements en vigilance orange canicule, de la Manche&hellip;\n","protected":false},"author":2,"featured_media":189586,"comment_status":"","ping_status":"","sticky":false,"template":"","format":"standard","meta":{"footnotes":""},"categories":[4],"tags":[1111,11,1921,6698,1011,27,1922,32746,11007,12,11008,2119,25,133,11009],"class_list":{"0":"post-189585","1":"post","2":"type-post","3":"status-publish","4":"format-standard","5":"has-post-thumbnail","7":"category-france","8":"tag-actu","9":"tag-actualites","10":"tag-article-video","11":"tag-canicule","12":"tag-fr","13":"tag-france","14":"tag-info","15":"tag-la-france-face-a-sa-premiere-canicule-dampleur-de-2025","16":"tag-meteo-quotidienne","17":"tag-news","18":"tag-phenomenes-meteo","19":"tag-previsions-meteo","20":"tag-republique-francaise","21":"tag-video","22":"tag-video-meteo-et-intemperies"},"share_on_mastodon":{"url":"https:\/\/pubeurope.com\/@fr\/114712640578060258","error":""},"_links":{"self":[{"href":"https:\/\/www.europesays.com\/fr\/wp-json\/wp\/v2\/posts\/189585","targetHints":{"allow":["GET"]}}],"collection":[{"href":"https:\/\/www.europesays.com\/fr\/wp-json\/wp\/v2\/posts"}],"about":[{"href":"https:\/\/www.europesays.com\/fr\/wp-json\/wp\/v2\/types\/post"}],"author":[{"embeddable":true,"href":"https:\/\/www.europesays.com\/fr\/wp-json\/wp\/v2\/users\/2"}],"replies":[{"embeddable":true,"href":"https:\/\/www.europesays.com\/fr\/wp-json\/wp\/v2\/comments?post=189585"}],"version-history":[{"count":0,"href":"https:\/\/www.europesays.com\/fr\/wp-json\/wp\/v2\/posts\/189585\/revisions"}],"wp:featuredmedia":[{"embeddable":true,"href":"https:\/\/www.europesays.com\/fr\/wp-json\/wp\/v2\/media\/189586"}],"wp:attachment":[{"href":"https:\/\/www.europesays.com\/fr\/wp-json\/wp\/v2\/media?parent=189585"}],"wp:term":[{"taxonomy":"category","embeddable":true,"href":"https:\/\/www.europesays.com\/fr\/wp-json\/wp\/v2\/categories?post=189585"},{"taxonomy":"post_tag","embeddable":true,"href":"https:\/\/www.europesays.com\/fr\/wp-json\/wp\/v2\/tags?post=189585"}],"curies":[{"name":"wp","href":"https:\/\/api.w.org\/{rel}","templated":true}]}}