{"id":189601,"date":"2025-06-19T23:40:10","date_gmt":"2025-06-19T23:40:10","guid":{"rendered":"https:\/\/www.europesays.com\/fr\/189601\/"},"modified":"2025-06-19T23:40:10","modified_gmt":"2025-06-19T23:40:10","slug":"previsions-du-vendredi-20-juin-2025","status":"publish","type":"post","link":"https:\/\/www.europesays.com\/fr\/189601\/","title":{"rendered":"pr\u00e9visions du vendredi 20 juin 2025"},"content":{"rendered":"<p>Un splendide soleil va briller sur Montpellier et ce, tout au long de la journ\u00e9e. L&rsquo;\u00e9t\u00e9 s&rsquo;est d\u00e9finitivement install\u00e9 puisque les temp\u00e9ratures s&rsquo;\u00e9chelonneront de 22 \u00e0 31\u00b0C. Un l\u00e9ger vent de nord-est soufflera. Attention \u00e0 la vague de chaud au cours de la matin\u00e9e. Des valeurs de 24 \u00e0 31\u00b0C sont pr\u00e9vues. La ville va ressentir des grosses chaleurs avec des temp\u00e9ratures qui devraient monter \u00e0 31\u00b0C l&rsquo;apr\u00e8s-midi. Les valeurs tourneront autour des 26\u00b0C dans la soir\u00e9e. Durant la nuit de vendredi \u00e0 samedi, le ciel sera clair.<\/p>\n<p>C&rsquo;est un soleil \u00e9clatant qui va briller demain sur Montpellier. Une baisse du mercure est \u00e0 craindre. Les temp\u00e9ratures maximums attendues sont importantes, avec 30\u00b0C. Les valeurs seront comprises entre 22 et 30\u00b0C, un temps r\u00e9solument de saison. Le matin, on pr\u00e9voit des temp\u00e9ratures avoisinant 28\u00b0C. Un vent de nord-est soufflera un peu, avec 11 km\/h. La p\u00e9riode de fortes chaleurs est bien l\u00e0, avec des valeurs qui pourront aller jusqu&rsquo;\u00e0 30\u00b0C demain apr\u00e8s-midi. Les maximales pourront atteindre 30\u00b0C et les minimales seront de 27\u00b0C : c&rsquo;est donc un superbe \u00e9t\u00e9. Une brise d&rsquo;est soufflera doucement dans la soir\u00e9e.<\/p>\n<p>Pour les jours \u00e0 venir, la m\u00e9t\u00e9o ne changera pas. Il va faire un temps assez ensoleill\u00e9 avec des temp\u00e9ratures autour de 30\u00b0C.<\/p>\n<p>Aujourd&rsquo;hui, les jours commencent \u00e0 se raccourcir puisque c&rsquo;est le solstice d&rsquo;\u00e9t\u00e9. Profitez du jour le plus long de l&rsquo;ann\u00e9e pour sortir !<\/p>\n","protected":false},"excerpt":{"rendered":"Un splendide soleil va briller sur Montpellier et ce, tout au long de la journ\u00e9e. L&rsquo;\u00e9t\u00e9 s&rsquo;est d\u00e9finitivement&hellip;\n","protected":false},"author":2,"featured_media":189602,"comment_status":"","ping_status":"","sticky":false,"template":"","format":"standard","meta":{"footnotes":""},"categories":[9599],"tags":[1111,11,1777,674,1011,27,7089,2681,2208,12,2680,2119,25],"class_list":{"0":"post-189601","1":"post","2":"type-post","3":"status-publish","4":"format-standard","5":"has-post-thumbnail","7":"category-montpellier","8":"tag-actu","9":"tag-actualites","10":"tag-eu","11":"tag-europe","12":"tag-fr","13":"tag-france","14":"tag-herault","15":"tag-languedoc-roussillon","16":"tag-montpellier","17":"tag-news","18":"tag-occitanie","19":"tag-previsions-meteo","20":"tag-republique-francaise"},"share_on_mastodon":{"url":"https:\/\/pubeurope.com\/@fr\/114712675834993175","error":""},"_links":{"self":[{"href":"https:\/\/www.europesays.com\/fr\/wp-json\/wp\/v2\/posts\/189601","targetHints":{"allow":["GET"]}}],"collection":[{"href":"https:\/\/www.europesays.com\/fr\/wp-json\/wp\/v2\/posts"}],"about":[{"href":"https:\/\/www.europesays.com\/fr\/wp-json\/wp\/v2\/types\/post"}],"author":[{"embeddable":true,"href":"https:\/\/www.europesays.com\/fr\/wp-json\/wp\/v2\/users\/2"}],"replies":[{"embeddable":true,"href":"https:\/\/www.europesays.com\/fr\/wp-json\/wp\/v2\/comments?post=189601"}],"version-history":[{"count":0,"href":"https:\/\/www.europesays.com\/fr\/wp-json\/wp\/v2\/posts\/189601\/revisions"}],"wp:featuredmedia":[{"embeddable":true,"href":"https:\/\/www.europesays.com\/fr\/wp-json\/wp\/v2\/media\/189602"}],"wp:attachment":[{"href":"https:\/\/www.europesays.com\/fr\/wp-json\/wp\/v2\/media?parent=189601"}],"wp:term":[{"taxonomy":"category","embeddable":true,"href":"https:\/\/www.europesays.com\/fr\/wp-json\/wp\/v2\/categories?post=189601"},{"taxonomy":"post_tag","embeddable":true,"href":"https:\/\/www.europesays.com\/fr\/wp-json\/wp\/v2\/tags?post=189601"}],"curies":[{"name":"wp","href":"https:\/\/api.w.org\/{rel}","templated":true}]}}