{"id":189603,"date":"2025-06-19T23:41:22","date_gmt":"2025-06-19T23:41:22","guid":{"rendered":"https:\/\/www.europesays.com\/fr\/189603\/"},"modified":"2025-06-19T23:41:22","modified_gmt":"2025-06-19T23:41:22","slug":"avez-vous-deja-entendu-parler-de-censomed-utile-pour-les-bobos-de-lete","status":"publish","type":"post","link":"https:\/\/www.europesays.com\/fr\/189603\/","title":{"rendered":"avez-vous d\u00e9j\u00e0 entendu parler de Censomed, utile pour les bobos de l\u2019\u00e9t\u00e9\u00a0?"},"content":{"rendered":"<p>            Par<br \/>\n        <strong><br \/>\n            <a href=\"https:\/\/actu.fr\/auteur\/lea-pippinato\" title=\"Consulter tous les articles de L\u00e9a Pippinato\" target=\"_blank\" rel=\"noopener\">L\u00e9a Pippinato<\/a><br \/>\n        <\/strong><\/p>\n<p>        Publi\u00e9 le<\/p>\n<p>            19 juin 2025 \u00e0 17h29        <\/p>\n<p>L\u2019\u00e9t\u00e9, c\u2019est la saison des activit\u00e9s en plein air. C\u2019est aussi le temps des petits accidents, souvent b\u00e9nins mais toujours ennuyeux. \u00c0 Lattes, comme ailleurs,<strong> les centres Censomed<\/strong> prennent le relais des cabinets d\u00e9bord\u00e9s et des urgences engorg\u00e9es. Entorses, angines, piq\u00fbres d\u2019insectes ou coupures \u00e0 recoudre : ces structures s\u2019imposent comme <strong>une solution pratique et rapide<\/strong>.<\/p>\n<p>    <a href=\"https:\/\/www.google.com\/maps\/embed?pb=!1m18!1m12!1m3!1d2890.5921518550986!2d3.9121412765694106!3d43.57338085758911!2m3!1f0!2f0!3f0!3m2!1i1024!2i768!4f13.1!3m3!1m2!1s0x12b6a57270208553%3A0xdd73c47dcfdd6b0c!2sCensomed%20Lattes!5e0!3m2!1sfr!2sfr!4v1750346664040!5m2!1sfr!2sfr\" title=\"Ouvrie le lien\" target=\"_blank\" rel=\"noopener\">Cliquez ici pour visualiser le contenu<\/a><\/p>\n<p class=\" wall-content\">\u00ab\u00a0C\u2019est une saison o\u00f9 l\u2019on voit beaucoup plus de plaies, d\u2019entorses, de d\u00e9shydratation ou de piq\u00fbres\u00a0\u00bb, confirme <strong>Julien Camblain<\/strong>, m\u00e9decin g\u00e9n\u00e9raliste et cofondateur du Censomed de Lattes. Les consultations estivales sont souvent li\u00e9es \u00e0 des accidents l\u00e9gers : coupures \u00e0 recoudre, \u00e9chardes \u00e0 retirer, br\u00fblures superficielles, chutes en trottinette ou douleurs abdominales provoqu\u00e9es par la chaleur.\u00a0<\/p>\n<p>Des soins rapides et sans rendez-vous<\/p>\n<p class=\" wall-content\">Le Censomed de Lattes, <strong>ouvert depuis le 6 janvier dernier<\/strong>, re\u00e7oit entre 35 et 40 patients par jour. Les consultations se font sans rendez-vous. \u00ab\u00a0On ouvre quelques cr\u00e9neaux sur Doctolib pour \u00eatre visibles, mais \u00e7a reste exceptionnel.\u00a0\u00bb Le centre est ouvert tous les jours, week-ends et jours f\u00e9ri\u00e9s compris, <strong>de 9h \u00e0 19h<\/strong>. \u00ab\u00a0On ferme parfois l\u2019accueil \u00e0 18h si l\u2019affluence est trop forte, car on n\u2019est pas un service d\u2019urgence 24h\/24. On n\u2019a pas de garde la nuit.\u00a0\u00bb Les patients viennent pour des urgences ressenties, souvent l\u00e9g\u00e8res mais parfois plus s\u00e9rieuses. Une douleur au ventre peut cacher une appendicite. Une simple grippe peut se transformer en pneumonie. Chaque cas est \u00e9valu\u00e9 s\u00e9rieusement.<\/p>\n<p class=\" wall-content\">Les centres Censomed se positionnent entre la m\u00e9decine de ville et les urgences hospitali\u00e8res. \u00ab\u00a0On ne remplace pas le m\u00e9decin traitant. On ne fait pas de suivi, ni de renouvellement de traitement\u00a0\u00bb, insiste Julien Camblain. En revanche, ils assurent la prise en charge de pathologies aigu\u00ebs : lombalgies, coliques n\u00e9phr\u00e9tiques, douleurs abdominales, fractures simples, infections virales ou bact\u00e9riennes. Le centre de Lattes dispose de <strong>quatre box adapt\u00e9s<\/strong> : un pour les soins traumatiques, un pour la p\u00e9diatrie, un box de d\u00e9chocage avec oxyg\u00e8ne et \u00e9lectrocardiogramme pour les cas potentiellement graves, et un dernier \u00e9quip\u00e9 pour les personnes \u00e2g\u00e9es ou \u00e0 mobilit\u00e9 r\u00e9duite. Un cinqui\u00e8me espace est r\u00e9serv\u00e9 \u00e0 la radiologie.<\/p>\n<p>Vid\u00e9os : en ce moment sur Actu<br \/>\n    <img   decoding=\"async\" loading=\"lazy\" src=\"https:\/\/www.europesays.com\/fr\/wp-content\/uploads\/2025\/06\/tempimagecu7gxy-960x640.jpg\" alt=\"Le centre dispose d\u2019un appareil de radiologie sur place.\" width=\"960\" height=\"640\"\/><br \/>\n    Le centre dispose d\u2019un appareil de radiologie sur place. (\u00a9M\u00e9tropolitain \/ LP)Un \u00e9quipement complet pour les actes techniques<\/p>\n<p class=\" wall-content\">Le plateau technique permet de r\u00e9aliser un grand nombre d\u2019actes m\u00e9dicaux : radios, sutures, pl\u00e2tres, a\u00e9rosols, perfusions ou encore drainage d\u2019abc\u00e8s. Les m\u00e9decins sont form\u00e9s \u00e0 l\u2019interpr\u00e9tation des radios. Pour les cas complexes, les clich\u00e9s sont envoy\u00e9s au cabinet de radiologie partenaire Imacam. Les r\u00e9sultats arrivent en quelques minutes ou quelques heures. Les prises de sang sont envoy\u00e9es \u00e0 Labosud, trois fois par jour en semaine, deux fois les week-ends. L\u2019\u00e9quipe travaille toujours en bin\u00f4me : un m\u00e9decin et un infirmier. Ce dernier r\u00e9alise les pansements, les bilans, les injections et posent les perfusions.<\/p>\n<p class=\" wall-content\">La consultation co\u00fbte <strong>30 euros<\/strong>, hors actes techniques. \u00ab\u00a0Le remboursement par la S\u00e9curit\u00e9 sociale intervient sous quatre jours. La mutuelle compl\u00e8te ensuite, sous une dizaine de jours.\u00a0\u00bb Contrairement aux urgences, le tiers payant n\u2019est pas syst\u00e9matique. Les patients b\u00e9n\u00e9ficiaires de la <strong>CMU<\/strong> (couverture maladie universelle), de la <strong>C2S<\/strong> (compl\u00e9mentaire sant\u00e9 solidaire) ou ceux en <strong>ALD<\/strong> (affection de longue dur\u00e9e) sont pris en charge uniquement si le motif de la consultation entre dans le cadre de leur pathologie reconnue.<\/p>\n<p>    <img   decoding=\"async\" loading=\"lazy\" src=\"https:\/\/www.europesays.com\/fr\/wp-content\/uploads\/2025\/06\/tempimagejfxa6a-960x640.jpg\" alt=\"Dans la r\u00e9serve, les m\u00e9decins disposent de tout le n\u00e9cessaire pour immobiliser : attelles, r\u00e9sines, pl\u00e2tres...\" width=\"960\" height=\"640\"\/><br \/>\n    Dans la r\u00e9serve, les m\u00e9decins disposent de tout le n\u00e9cessaire pour immobiliser : attelles, r\u00e9sines, pl\u00e2tres\u2026 (\u00a9M\u00e9tropolitain \/ LP)Pas pour tout, mais pour beaucoup<\/p>\n<p class=\" wall-content\">Le Censomed est aussi un relais pr\u00e9cieux pour les pharmacies et le SAMU, qui orientent de plus en plus de patients vers ces centres. En p\u00e9riode de forte affluence dans les h\u00f4pitaux, ou quand les m\u00e9decins g\u00e9n\u00e9ralistes sont injoignables, ces structures deviennent des \u00ab\u00a0tampons\u00a0\u00bb utiles. Les urgences vitales comme les AVC ou les infarctus ne sont pas prises en charge ici. \u00ab\u00a0Dans le doute,<strong> il faut appeler le 15<\/strong>. Si un patient se pr\u00e9sente avec des douleurs thoraciques, on fait l\u2019\u00e9lectro, on administre de l\u2019oxyg\u00e8ne, et on appelle une ambulance si n\u00e9cessaire.\u00a0\u00bb En revanche, les pathologies infectieuses, traumatologiques et respiratoires l\u00e9g\u00e8res sont g\u00e9r\u00e9es sur place. Les enfants sont les bienvenus, tout comme les personnes \u00e2g\u00e9es.<\/p>\n<p>\ud83d\udccd O\u00f9 trouver un centre Censomed ?<\/p>\n<p>Huit centres sont actuellement ouverts dans l\u2019H\u00e9rault et le Gard : <\/p>\n<p>\ud83e\ude7a La Grande-Motte<br \/>\ud83e\ude7a Sommi\u00e8res<br \/>\ud83e\ude7a Montpellier (Beaux-Arts)<br \/>\ud83e\ude7a Agde<br \/>\ud83e\ude7a Jacou<br \/>\ud83e\ude7a Juvignac<br \/>\ud83e\ude7a Grabels<br \/>\ud83e\ude7a Lattes (dernier ouvert)<\/p>\n<p class=\" wall-content\">Fracture du petit orteil, angine d\u2019\u00e9t\u00e9 ou coup de chaleur apr\u00e8s un apr\u00e8s-midi au parc : les Censomed ne font pas de miracle, mais ils soulagent vite et bien. En quelques heures, on entre, on est soign\u00e9, et on repart. Pas mal, pour un \u00e9t\u00e9 tranquille.<\/p>\n<p class=\" wall-content\">Suivez toute l\u2019actualit\u00e9 de vos villes et m\u00e9dias favoris en vous inscrivant \u00e0 <a href=\"https:\/\/moncompte.actu.fr\" title=\"D\u00e9couvez Mon Actu\" rel=\"nofollow noopener\" data-trk=\"{&quot;cta&quot;:{&quot;action&quot;:&quot;https:\\\/\\\/moncompte.actu.fr&quot;,&quot;category&quot;:&quot;mon compte&quot;,&quot;from&quot;:&quot;article footer&quot;,&quot;name&quot;:&quot;Mon actu&quot;,&quot;type&quot;:&quot;cta&quot;}}\" target=\"_blank\">Mon Actu<\/a>.<\/p>\n","protected":false},"excerpt":{"rendered":"Par L\u00e9a Pippinato Publi\u00e9 le 19 juin 2025 \u00e0 17h29 L\u2019\u00e9t\u00e9, c\u2019est la saison des activit\u00e9s en plein&hellip;\n","protected":false},"author":2,"featured_media":189604,"comment_status":"","ping_status":"","sticky":false,"template":"","format":"standard","meta":{"footnotes":""},"categories":[9599],"tags":[1111,11,1777,674,1011,27,226,2208,12,2680,25,71,104,6444],"class_list":{"0":"post-189603","1":"post","2":"type-post","3":"status-publish","4":"format-standard","5":"has-post-thumbnail","7":"category-montpellier","8":"tag-actu","9":"tag-actualites","10":"tag-eu","11":"tag-europe","12":"tag-fr","13":"tag-france","14":"tag-maladie","15":"tag-montpellier","16":"tag-news","17":"tag-occitanie","18":"tag-republique-francaise","19":"tag-sante","20":"tag-societe","21":"tag-urgences"},"share_on_mastodon":{"url":"https:\/\/pubeurope.com\/@fr\/114712679818605014","error":""},"_links":{"self":[{"href":"https:\/\/www.europesays.com\/fr\/wp-json\/wp\/v2\/posts\/189603","targetHints":{"allow":["GET"]}}],"collection":[{"href":"https:\/\/www.europesays.com\/fr\/wp-json\/wp\/v2\/posts"}],"about":[{"href":"https:\/\/www.europesays.com\/fr\/wp-json\/wp\/v2\/types\/post"}],"author":[{"embeddable":true,"href":"https:\/\/www.europesays.com\/fr\/wp-json\/wp\/v2\/users\/2"}],"replies":[{"embeddable":true,"href":"https:\/\/www.europesays.com\/fr\/wp-json\/wp\/v2\/comments?post=189603"}],"version-history":[{"count":0,"href":"https:\/\/www.europesays.com\/fr\/wp-json\/wp\/v2\/posts\/189603\/revisions"}],"wp:featuredmedia":[{"embeddable":true,"href":"https:\/\/www.europesays.com\/fr\/wp-json\/wp\/v2\/media\/189604"}],"wp:attachment":[{"href":"https:\/\/www.europesays.com\/fr\/wp-json\/wp\/v2\/media?parent=189603"}],"wp:term":[{"taxonomy":"category","embeddable":true,"href":"https:\/\/www.europesays.com\/fr\/wp-json\/wp\/v2\/categories?post=189603"},{"taxonomy":"post_tag","embeddable":true,"href":"https:\/\/www.europesays.com\/fr\/wp-json\/wp\/v2\/tags?post=189603"}],"curies":[{"name":"wp","href":"https:\/\/api.w.org\/{rel}","templated":true}]}}