{"id":189605,"date":"2025-06-19T23:44:29","date_gmt":"2025-06-19T23:44:29","guid":{"rendered":"https:\/\/www.europesays.com\/fr\/189605\/"},"modified":"2025-06-19T23:44:29","modified_gmt":"2025-06-19T23:44:29","slug":"grenoble-un-accident-fait-deux-blesses-legers-sur-la-480","status":"publish","type":"post","link":"https:\/\/www.europesays.com\/fr\/189605\/","title":{"rendered":"Grenoble. Un accident fait deux bless\u00e9s l\u00e9gers sur l\u2019A 480"},"content":{"rendered":"<p>Les sapeurs-pompiers ont port\u00e9 secours \u00e0 deux personnes l\u00e9g\u00e8rement bless\u00e9s dans un accident de la circulation qui a impliqu\u00e9 deux v\u00e9hicules sur l\u2019A 480 ce jeudi peu avant 16 heures. La collision s\u2019est produite dans le sens Lyon-Grenoble peu avant l\u2019\u00e9changeur du Rondeau, et a provoqu\u00e9 d\u2019importantes perturbations. Les deux victimes ont \u00e9t\u00e9 transport\u00e9es \u00e0 l\u2019h\u00f4pital.<\/p>\n","protected":false},"excerpt":{"rendered":"Les sapeurs-pompiers ont port\u00e9 secours \u00e0 deux personnes l\u00e9g\u00e8rement bless\u00e9s dans un accident de la circulation qui a&hellip;\n","protected":false},"author":2,"featured_media":189606,"comment_status":"","ping_status":"","sticky":false,"template":"","format":"standard","meta":{"footnotes":""},"categories":[9566],"tags":[119,1111,11,2430,112,1777,674,274,1011,27,2731,2732,108,12,25],"class_list":{"0":"post-189605","1":"post","2":"type-post","3":"status-publish","4":"format-standard","5":"has-post-thumbnail","7":"category-grenoble","8":"tag-accident","9":"tag-actu","10":"tag-actualites","11":"tag-auvergne-rhone-alpes","12":"tag-edition-grenoble-agglomeration","13":"tag-eu","14":"tag-europe","15":"tag-faits-divers-justice","16":"tag-fr","17":"tag-france","18":"tag-grenoble","19":"tag-grenoble-bassin","20":"tag-isere","21":"tag-news","22":"tag-republique-francaise"},"share_on_mastodon":{"url":"https:\/\/pubeurope.com\/@fr\/114712691556735983","error":""},"_links":{"self":[{"href":"https:\/\/www.europesays.com\/fr\/wp-json\/wp\/v2\/posts\/189605","targetHints":{"allow":["GET"]}}],"collection":[{"href":"https:\/\/www.europesays.com\/fr\/wp-json\/wp\/v2\/posts"}],"about":[{"href":"https:\/\/www.europesays.com\/fr\/wp-json\/wp\/v2\/types\/post"}],"author":[{"embeddable":true,"href":"https:\/\/www.europesays.com\/fr\/wp-json\/wp\/v2\/users\/2"}],"replies":[{"embeddable":true,"href":"https:\/\/www.europesays.com\/fr\/wp-json\/wp\/v2\/comments?post=189605"}],"version-history":[{"count":0,"href":"https:\/\/www.europesays.com\/fr\/wp-json\/wp\/v2\/posts\/189605\/revisions"}],"wp:featuredmedia":[{"embeddable":true,"href":"https:\/\/www.europesays.com\/fr\/wp-json\/wp\/v2\/media\/189606"}],"wp:attachment":[{"href":"https:\/\/www.europesays.com\/fr\/wp-json\/wp\/v2\/media?parent=189605"}],"wp:term":[{"taxonomy":"category","embeddable":true,"href":"https:\/\/www.europesays.com\/fr\/wp-json\/wp\/v2\/categories?post=189605"},{"taxonomy":"post_tag","embeddable":true,"href":"https:\/\/www.europesays.com\/fr\/wp-json\/wp\/v2\/tags?post=189605"}],"curies":[{"name":"wp","href":"https:\/\/api.w.org\/{rel}","templated":true}]}}