{"id":189609,"date":"2025-06-19T23:46:09","date_gmt":"2025-06-19T23:46:09","guid":{"rendered":"https:\/\/www.europesays.com\/fr\/189609\/"},"modified":"2025-06-19T23:46:09","modified_gmt":"2025-06-19T23:46:09","slug":"previsions-du-vendredi-20-juin-2025-2","status":"publish","type":"post","link":"https:\/\/www.europesays.com\/fr\/189609\/","title":{"rendered":"pr\u00e9visions du vendredi 20 juin 2025"},"content":{"rendered":"<p>Un magnifique soleil va briller sur Rennes et ce, tout au long de la journ\u00e9e. La chaleur estivale sera bien au rendez-vous puisque les valeurs seront quand m\u00eame de 20\u00b0C au minimum et de 35\u00b0C au plus haut. La ville va subir, le matin, un passage de grosses chaleurs avec des temp\u00e9ratures qui atteindront parfois les 32\u00b0C. Un vent de sud-est soufflera un peu, avec 15 km\/h. Un temps plus chaud est pr\u00e9vu l&rsquo;apr\u00e8s-midi \u00e9tant donn\u00e9 que le mercure va enregistrer une augmentation, remplissant les terrasses de r\u00e9sidents et de touristes venus profiter de l&rsquo;\u00e9t\u00e9. La p\u00e9riode de fortes chaleurs est bien l\u00e0, avec des valeurs qui risqueront de monter jusqu&rsquo;\u00e0 35\u00b0C. La ville va souffrir d&rsquo;importantes chaleurs avec des temp\u00e9ratures qui devraient grimper \u00e0 32\u00b0C le soir. Durant la nuit de vendredi \u00e0 samedi, le ciel sera clair.<\/p>\n<p>Demain, les Rennais comme les vacanciers vont pouvoir profiter d&rsquo;un soleil radieux. Une baisse du mercure est \u00e0 craindre. Attention \u00e0 la vague de chaleur. Des valeurs de 17 \u00e0 36\u00b0C sont attendues. Les temp\u00e9ratures s&rsquo;\u00e9chelonneront entre 17 et 36\u00b0C, un temps bel et bien de saison. D\u00e8s le matin, les valeurs \u00e9volueront entre 22 et 34\u2009\u00b0C. Un vent de sud-est rafra\u00eechira l\u00e9g\u00e8rement l&rsquo;atmosph\u00e8re. Les temp\u00e9ratures vont conna\u00eetre une hausse de plusieurs degr\u00e9s dans l&rsquo;apr\u00e8s-midi. Les touristes comme les locaux pourront sortir sandales et chapeau. Les temp\u00e9ratures maximales pr\u00e9vues sont \u00e9lev\u00e9es, avec 36\u00b0C. Les grosses chaleurs sont install\u00e9es. Avec des valeurs comprises entre 22 et 30\u00b0C. Demain soir, un modeste vent d&rsquo;ouest sera ressenti par les habitants.<\/p>\n<p>Peu d&rsquo;\u00e9volutions au fil des jours. Un ciel ensoleill\u00e9, avec des temp\u00e9ratures de 29\u00b0C environ, est \u00e0 pr\u00e9voir.<\/p>\n<p>L&rsquo;\u00e9t\u00e9 arrive ! Aujourd&rsquo;hui, les journ\u00e9es commencent \u00e0 se raccourcir. En attendant, profitez de ce jour qui sera le plus long de l&rsquo;ann\u00e9e !<\/p>\n","protected":false},"excerpt":{"rendered":"Un magnifique soleil va briller sur Rennes et ce, tout au long de la journ\u00e9e. La chaleur estivale&hellip;\n","protected":false},"author":2,"featured_media":189610,"comment_status":"","ping_status":"","sticky":false,"template":"","format":"standard","meta":{"footnotes":""},"categories":[2821],"tags":[1111,11,829,1777,674,1011,27,848,12,2119,584,25],"class_list":{"0":"post-189609","1":"post","2":"type-post","3":"status-publish","4":"format-standard","5":"has-post-thumbnail","7":"category-rennes","8":"tag-actu","9":"tag-actualites","10":"tag-bretagne","11":"tag-eu","12":"tag-europe","13":"tag-fr","14":"tag-france","15":"tag-ille-et-vilaine","16":"tag-news","17":"tag-previsions-meteo","18":"tag-rennes","19":"tag-republique-francaise"},"share_on_mastodon":{"url":"https:\/\/pubeurope.com\/@fr\/114712699452301649","error":""},"_links":{"self":[{"href":"https:\/\/www.europesays.com\/fr\/wp-json\/wp\/v2\/posts\/189609","targetHints":{"allow":["GET"]}}],"collection":[{"href":"https:\/\/www.europesays.com\/fr\/wp-json\/wp\/v2\/posts"}],"about":[{"href":"https:\/\/www.europesays.com\/fr\/wp-json\/wp\/v2\/types\/post"}],"author":[{"embeddable":true,"href":"https:\/\/www.europesays.com\/fr\/wp-json\/wp\/v2\/users\/2"}],"replies":[{"embeddable":true,"href":"https:\/\/www.europesays.com\/fr\/wp-json\/wp\/v2\/comments?post=189609"}],"version-history":[{"count":0,"href":"https:\/\/www.europesays.com\/fr\/wp-json\/wp\/v2\/posts\/189609\/revisions"}],"wp:featuredmedia":[{"embeddable":true,"href":"https:\/\/www.europesays.com\/fr\/wp-json\/wp\/v2\/media\/189610"}],"wp:attachment":[{"href":"https:\/\/www.europesays.com\/fr\/wp-json\/wp\/v2\/media?parent=189609"}],"wp:term":[{"taxonomy":"category","embeddable":true,"href":"https:\/\/www.europesays.com\/fr\/wp-json\/wp\/v2\/categories?post=189609"},{"taxonomy":"post_tag","embeddable":true,"href":"https:\/\/www.europesays.com\/fr\/wp-json\/wp\/v2\/tags?post=189609"}],"curies":[{"name":"wp","href":"https:\/\/api.w.org\/{rel}","templated":true}]}}