{"id":189613,"date":"2025-06-19T23:48:11","date_gmt":"2025-06-19T23:48:11","guid":{"rendered":"https:\/\/www.europesays.com\/fr\/189613\/"},"modified":"2025-06-19T23:48:11","modified_gmt":"2025-06-19T23:48:11","slug":"previsions-du-vendredi-20-juin-2025-3","status":"publish","type":"post","link":"https:\/\/www.europesays.com\/fr\/189613\/","title":{"rendered":"pr\u00e9visions du vendredi 20 juin 2025"},"content":{"rendered":"<p>Aujourd&rsquo;hui, on anticipe pour Strasbourg des temp\u00e9ratures d&rsquo;environ 21\u00b0C. Un petit vent de nord-est sera ressenti par les habitants. Un bel ensoleillement est attendu le matin. Le ciel sera nuageux dans l&rsquo;apr\u00e8s-midi. D&rsquo;un autre c\u00f4t\u00e9, les temp\u00e9ratures vont enregistrer une augmentation de plusieurs degr\u00e9s. Les valeurs seront de 25\u00b0C au plus bas et de 27\u00b0C au maximum. On passera de vendredi \u00e0 samedi par une nuit claire.<\/p>\n<p>Demain, les Strasbourgeois vont pouvoir b\u00e9n\u00e9ficier d&rsquo;un soleil radieux. Le temps va se r\u00e9chauffer avec une hausse de quelques degr\u00e9s. Les temp\u00e9ratures \u00e9volueront entre 14 et 30\u2009\u00b0C. Il fera en moyenne 22\u00b0C. Un vent de nord-est rafra\u00eechira sensiblement l&rsquo;atmosph\u00e8re. Dans la matin\u00e9e, les temp\u00e9ratures tourneront autour des 23\u00b0C. Les valeurs vont monter pendant l&rsquo;apr\u00e8s-midi de plusieurs degr\u00e9s. Les valeurs maximales annonc\u00e9es sont importantes, avec 30\u00b0C. Les temp\u00e9ratures seront comprises entre 28 et 30\u00b0C.<\/p>\n<p>Les jours qui suivent s&rsquo;annoncent similaires. Pr\u00e9voyez 34\u00b0C en moyenne qui accompagneront des journ\u00e9es ensoleill\u00e9es.<\/p>\n<p>F\u00eatez l&rsquo;arriv\u00e9e de l&rsquo;\u00e9t\u00e9 en musique, aujourd&rsquo;hui, c&rsquo;est le jour le plus long de l&rsquo;ann\u00e9e !<\/p>\n","protected":false},"excerpt":{"rendered":"Aujourd&rsquo;hui, on anticipe pour Strasbourg des temp\u00e9ratures d&rsquo;environ 21\u00b0C. Un petit vent de nord-est sera ressenti par les&hellip;\n","protected":false},"author":2,"featured_media":189614,"comment_status":"","ping_status":"","sticky":false,"template":"","format":"standard","meta":{"footnotes":""},"categories":[2820],"tags":[1111,11,2389,2649,1777,674,1011,27,775,12,2119,25,640],"class_list":{"0":"post-189613","1":"post","2":"type-post","3":"status-publish","4":"format-standard","5":"has-post-thumbnail","7":"category-strasbourg","8":"tag-actu","9":"tag-actualites","10":"tag-alsace","11":"tag-bas-rhin","12":"tag-eu","13":"tag-europe","14":"tag-fr","15":"tag-france","16":"tag-grand-est","17":"tag-news","18":"tag-previsions-meteo","19":"tag-republique-francaise","20":"tag-strasbourg"},"share_on_mastodon":{"url":"https:\/\/pubeurope.com\/@fr\/114712707571015196","error":""},"_links":{"self":[{"href":"https:\/\/www.europesays.com\/fr\/wp-json\/wp\/v2\/posts\/189613","targetHints":{"allow":["GET"]}}],"collection":[{"href":"https:\/\/www.europesays.com\/fr\/wp-json\/wp\/v2\/posts"}],"about":[{"href":"https:\/\/www.europesays.com\/fr\/wp-json\/wp\/v2\/types\/post"}],"author":[{"embeddable":true,"href":"https:\/\/www.europesays.com\/fr\/wp-json\/wp\/v2\/users\/2"}],"replies":[{"embeddable":true,"href":"https:\/\/www.europesays.com\/fr\/wp-json\/wp\/v2\/comments?post=189613"}],"version-history":[{"count":0,"href":"https:\/\/www.europesays.com\/fr\/wp-json\/wp\/v2\/posts\/189613\/revisions"}],"wp:featuredmedia":[{"embeddable":true,"href":"https:\/\/www.europesays.com\/fr\/wp-json\/wp\/v2\/media\/189614"}],"wp:attachment":[{"href":"https:\/\/www.europesays.com\/fr\/wp-json\/wp\/v2\/media?parent=189613"}],"wp:term":[{"taxonomy":"category","embeddable":true,"href":"https:\/\/www.europesays.com\/fr\/wp-json\/wp\/v2\/categories?post=189613"},{"taxonomy":"post_tag","embeddable":true,"href":"https:\/\/www.europesays.com\/fr\/wp-json\/wp\/v2\/tags?post=189613"}],"curies":[{"name":"wp","href":"https:\/\/api.w.org\/{rel}","templated":true}]}}