{"id":189617,"date":"2025-06-19T23:50:22","date_gmt":"2025-06-19T23:50:22","guid":{"rendered":"https:\/\/www.europesays.com\/fr\/189617\/"},"modified":"2025-06-19T23:50:22","modified_gmt":"2025-06-19T23:50:22","slug":"les-as-des-jeux-video-de-la-region-ont-rendez-vous-ce-dimanche-a-monaco","status":"publish","type":"post","link":"https:\/\/www.europesays.com\/fr\/189617\/","title":{"rendered":"Les As des jeux vid\u00e9o de la r\u00e9gion ont rendez-vous ce dimanche \u00e0 Monaco"},"content":{"rendered":"<p>Ce dimanche 22 juin, le gaming r\u00e9gional aura les yeux riv\u00e9s vers Monaco. Et plus pr\u00e9cis\u00e9ment vers le Novotel Monte-Carlo. L\u2019association \u00ab\u00a0Nice Geek\u00a0\u00bb \u2013 qui op\u00e8re dans toute la r\u00e9gion Paca et qui est sp\u00e9cialis\u00e9e dans la \u00ab\u00a0culture geek\u00a0\u00bb \u2013 organise les finales du championnat \u00ab\u00a0The Nice League\u00a0\u00bb toute la journ\u00e9e du dimanche en Principaut\u00e9.<\/p>\n<p>Un tournoi sur PlayStation 5 qui a acquis ses lettres de noblesse, puisque les trois gagnants d\u00e9crocheront un s\u00e9same convoit\u00e9 de tous les joueurs de jeux vid\u00e9o de combat.<\/p>\n<p>16 finalistes sur plus de 200 participants<\/p>\n<p>\u00ab\u00a0L\u2019\u00e9v\u00e8nement ouvre ses portes \u00e0 10h. Il y aura trois tournois. Le premier \u00e0 10h30 sur Street Fighter 6, le deuxi\u00e8me \u00e0 partir de 14h sur Dragon Ball FighterZ et le troisi\u00e8me d\u00e8s 16h sur Tekken 8. Il r\u00e9unit les 16 meilleurs joueurs du championnat sur les plus de 200 engag\u00e9s. Et les trois gagnants vont remporter un pass Evo, une qualification pour le plus grand tournoi de jeux vid\u00e9o de combat du monde, qui se d\u00e9roulera cette fois-ci \u00e0 Nice, en octobre\u00a0\u00bb, amorce Quentin Brondeault, membre de l\u2019association ni\u00e7oise, d\u00e9j\u00e0 venue \u00e0 plusieurs reprises en Principaut\u00e9, notamment \u00e0 l\u2019occasion du mois du jeu vid\u00e9o \u00e0 la M\u00e9diath\u00e8que de Monaco l\u2019an pass\u00e9.<\/p>\n<p>Mais avant de se qualifier pour la finale, les 16 finalistes ont d\u00fb cravacher de longues manches pour atteindre leurs objectifs.<\/p>\n<p>Un espace de jeu en libre acc\u00e8s<\/p>\n<p>\u00ab\u00a0Une fois par mois, on organisait des manches. Six manches. O\u00f9 les joueurs s\u2019affrontaient sur les trois jeux vid\u00e9o cit\u00e9s pr\u00e9c\u00e9demment. Avec le cumul des points sur ces six rounds, on a d\u00e9termin\u00e9 les 16 meilleurs joueurs du championnat. Ce sont des bons joueurs qui demandent \u00e0 gagner en notori\u00e9t\u00e9\u00a0\u00bb, d\u00e9clare l\u2019associatif, qui est par ailleurs salari\u00e9 du Novotel. Outre les trois tournois, l\u2019organisation a \u00e9galement pr\u00e9vu d\u2019installer une zone de jeu en libre acc\u00e8s.<\/p>\n<p>\u00ab\u00a0Avec des consoles en libre-service, comme la Nitendo Switch. Il y aura peut-\u00eatre \u00e9galement un espace \u2018\u2018retrogaming\u2019\u2019. En tout cas, les curieux peuvent venir jouer sur console tout en regardant les finales\u00a0\u00bb, pr\u00e9cise-t-il.<\/p>\n<p>Comp\u00e9titivit\u00e9 et convivialit\u00e9 en perspectives!<\/p>\n<p>Entr\u00e9e gratuite, tarif pr\u00e9f\u00e9rentiel pour le parking de l\u2019h\u00f4tel \u00e0 10 euros la journ\u00e9e.<\/p>\n","protected":false},"excerpt":{"rendered":"Ce dimanche 22 juin, le gaming r\u00e9gional aura les yeux riv\u00e9s vers Monaco. Et plus pr\u00e9cis\u00e9ment vers le&hellip;\n","protected":false},"author":2,"featured_media":189618,"comment_status":"","ping_status":"","sticky":false,"template":"","format":"standard","meta":{"footnotes":""},"categories":[2819],"tags":[1111,11,1777,674,1011,27,1393,12,2401,882,25],"class_list":{"0":"post-189617","1":"post","2":"type-post","3":"status-publish","4":"format-standard","5":"has-post-thumbnail","7":"category-nice","8":"tag-actu","9":"tag-actualites","10":"tag-eu","11":"tag-europe","12":"tag-fr","13":"tag-france","14":"tag-loisirs","15":"tag-news","16":"tag-nice","17":"tag-provence-alpes-cote-dazur","18":"tag-republique-francaise"},"share_on_mastodon":{"url":"https:\/\/pubeurope.com\/@fr\/114712716224455398","error":""},"_links":{"self":[{"href":"https:\/\/www.europesays.com\/fr\/wp-json\/wp\/v2\/posts\/189617","targetHints":{"allow":["GET"]}}],"collection":[{"href":"https:\/\/www.europesays.com\/fr\/wp-json\/wp\/v2\/posts"}],"about":[{"href":"https:\/\/www.europesays.com\/fr\/wp-json\/wp\/v2\/types\/post"}],"author":[{"embeddable":true,"href":"https:\/\/www.europesays.com\/fr\/wp-json\/wp\/v2\/users\/2"}],"replies":[{"embeddable":true,"href":"https:\/\/www.europesays.com\/fr\/wp-json\/wp\/v2\/comments?post=189617"}],"version-history":[{"count":0,"href":"https:\/\/www.europesays.com\/fr\/wp-json\/wp\/v2\/posts\/189617\/revisions"}],"wp:featuredmedia":[{"embeddable":true,"href":"https:\/\/www.europesays.com\/fr\/wp-json\/wp\/v2\/media\/189618"}],"wp:attachment":[{"href":"https:\/\/www.europesays.com\/fr\/wp-json\/wp\/v2\/media?parent=189617"}],"wp:term":[{"taxonomy":"category","embeddable":true,"href":"https:\/\/www.europesays.com\/fr\/wp-json\/wp\/v2\/categories?post=189617"},{"taxonomy":"post_tag","embeddable":true,"href":"https:\/\/www.europesays.com\/fr\/wp-json\/wp\/v2\/tags?post=189617"}],"curies":[{"name":"wp","href":"https:\/\/api.w.org\/{rel}","templated":true}]}}