{"id":189621,"date":"2025-06-19T23:52:12","date_gmt":"2025-06-19T23:52:12","guid":{"rendered":"https:\/\/www.europesays.com\/fr\/189621\/"},"modified":"2025-06-19T23:52:12","modified_gmt":"2025-06-19T23:52:12","slug":"previsions-du-vendredi-20-juin-2025-4","status":"publish","type":"post","link":"https:\/\/www.europesays.com\/fr\/189621\/","title":{"rendered":"pr\u00e9visions du vendredi 20 juin 2025"},"content":{"rendered":"<p>Aujourd&rsquo;hui, un grand soleil brillera sur Nantes. Ce sera un bel \u00e9t\u00e9 : les temp\u00e9ratures afficheront entre 19 et 35\u00b0C. D\u00e8s le matin, les valeurs \u00e9volueront entre 22 et 33\u2009\u00b0C. Un vent d&rsquo;est soufflera doucement. L&rsquo;\u00e9t\u00e9 s&rsquo;installe ! Les temp\u00e9ratures vont monter pendant l&rsquo;apr\u00e8s-midi de plusieurs degr\u00e9s. La ville va subir une vague d&rsquo;importantes chaleurs avec des temp\u00e9ratures qui atteindront parfois les 35\u00b0C. La p\u00e9riode de fortes chaleurs est bien l\u00e0, avec des valeurs qui pourront aller jusqu&rsquo;\u00e0 31\u00b0C le soir. Durant la nuit de vendredi \u00e0 samedi, le ciel sera limpide.<\/p>\n<p>Demain, les Nantais comme les vacanciers vont pouvoir profiter d&rsquo;un soleil magnifique. Les grosses chaleurs sont install\u00e9es. Avec des temp\u00e9ratures situ\u00e9es entre 17 et 36\u00b0C. Les valeurs seront comprises entre 17 et 36\u00b0C, un temps vraiment de saison. Un vent de sud-ouest rafra\u00eechira un peu l&rsquo;atmosph\u00e8re. La ville va ressentir d&rsquo;importantes chaleurs avec des temp\u00e9ratures qui devraient grimper \u00e0 33\u00b0C le matin. Un temps plus chaud est \u00e0 pr\u00e9voir demain apr\u00e8s-midi \u00e9tant donn\u00e9 que les temp\u00e9ratures vont enregistrer une l\u00e9g\u00e8re augmentation, remplissant les terrasses de r\u00e9sidents et de touristes venus profiter de l&rsquo;\u00e9t\u00e9. De tr\u00e8s fortes chaleurs (entre 31\u00b0C et 36\u00b0C) sont attendues. Demain soir, le mercure affichera 24\u00b0C en moyenne.<\/p>\n<p>Les jours passent et se ressemblent. Une m\u00e9t\u00e9o ensoleill\u00e9e, avec des temp\u00e9ratures de 30\u00b0C en moyenne, est pr\u00e9vue.<\/p>\n<p>F\u00eatez l&rsquo;arriv\u00e9e de l&rsquo;\u00e9t\u00e9 en musique, aujourd&rsquo;hui, c&rsquo;est la journ\u00e9e la plus longue de l&rsquo;ann\u00e9e !<\/p>\n","protected":false},"excerpt":{"rendered":"Aujourd&rsquo;hui, un grand soleil brillera sur Nantes. Ce sera un bel \u00e9t\u00e9 : les temp\u00e9ratures afficheront entre 19&hellip;\n","protected":false},"author":2,"featured_media":189622,"comment_status":"","ping_status":"","sticky":false,"template":"","format":"standard","meta":{"footnotes":""},"categories":[2818],"tags":[1111,11,1777,674,1011,27,3047,766,12,2636,2119,25],"class_list":{"0":"post-189621","1":"post","2":"type-post","3":"status-publish","4":"format-standard","5":"has-post-thumbnail","7":"category-nantes","8":"tag-actu","9":"tag-actualites","10":"tag-eu","11":"tag-europe","12":"tag-fr","13":"tag-france","14":"tag-loire-atlantique","15":"tag-nantes","16":"tag-news","17":"tag-pays-de-la-loire","18":"tag-previsions-meteo","19":"tag-republique-francaise"},"share_on_mastodon":{"url":"","error":""},"_links":{"self":[{"href":"https:\/\/www.europesays.com\/fr\/wp-json\/wp\/v2\/posts\/189621","targetHints":{"allow":["GET"]}}],"collection":[{"href":"https:\/\/www.europesays.com\/fr\/wp-json\/wp\/v2\/posts"}],"about":[{"href":"https:\/\/www.europesays.com\/fr\/wp-json\/wp\/v2\/types\/post"}],"author":[{"embeddable":true,"href":"https:\/\/www.europesays.com\/fr\/wp-json\/wp\/v2\/users\/2"}],"replies":[{"embeddable":true,"href":"https:\/\/www.europesays.com\/fr\/wp-json\/wp\/v2\/comments?post=189621"}],"version-history":[{"count":0,"href":"https:\/\/www.europesays.com\/fr\/wp-json\/wp\/v2\/posts\/189621\/revisions"}],"wp:featuredmedia":[{"embeddable":true,"href":"https:\/\/www.europesays.com\/fr\/wp-json\/wp\/v2\/media\/189622"}],"wp:attachment":[{"href":"https:\/\/www.europesays.com\/fr\/wp-json\/wp\/v2\/media?parent=189621"}],"wp:term":[{"taxonomy":"category","embeddable":true,"href":"https:\/\/www.europesays.com\/fr\/wp-json\/wp\/v2\/categories?post=189621"},{"taxonomy":"post_tag","embeddable":true,"href":"https:\/\/www.europesays.com\/fr\/wp-json\/wp\/v2\/tags?post=189621"}],"curies":[{"name":"wp","href":"https:\/\/api.w.org\/{rel}","templated":true}]}}