{"id":189625,"date":"2025-06-19T23:54:15","date_gmt":"2025-06-19T23:54:15","guid":{"rendered":"https:\/\/www.europesays.com\/fr\/189625\/"},"modified":"2025-06-19T23:54:15","modified_gmt":"2025-06-19T23:54:15","slug":"dans-un-ter-arcachon-bordeaux-un-couple-recoit-une-amende-tres-salee-de-la-sncf-pour-un-litige-de-10-centimes","status":"publish","type":"post","link":"https:\/\/www.europesays.com\/fr\/189625\/","title":{"rendered":"Dans un TER Arcachon-Bordeaux, un couple re\u00e7oit une amende tr\u00e8s sal\u00e9e de la SNCF pour un litige de 10 centimes"},"content":{"rendered":"<p>            Par<br \/>\n        <strong><br \/>\n            <a href=\"https:\/\/actu.fr\/auteur\/redaction-bordeaux\" title=\"Consulter tous les articles de R\u00e9daction Bordeaux\" target=\"_blank\" rel=\"noopener\">R\u00e9daction Bordeaux<\/a><br \/>\n        <\/strong><\/p>\n<p>        Publi\u00e9 le<\/p>\n<p>            19 juin 2025 \u00e0 15h48        <\/p>\n<p>Le voyage Biganos \u2013 <a href=\"https:\/\/actu.fr\/bordeaux\/\" target=\"_blank\" rel=\"noopener\">Bordeaux<\/a> leur aura co\u00fbt\u00e9 tr\u00e8s cher. Un couple qui rentrait \u00e0 Paris ce lundi 16\u00a0juin 2025 a pris le mauvais train et \u00e9t\u00e9 verbalis\u00e9 pour <strong>10 centimes d\u2019\u00e9cart<\/strong> sur le prix du billet. Une nouvelle affaire <a href=\"https:\/\/actu.fr\/tag\/amendes\" target=\"_blank\" rel=\"noopener\">d\u2019amende SNCF<\/a> relat\u00e9e par <a href=\"https:\/\/www.leparisien.fr\/economie\/une-aberration-verbalise-par-la-sncf-pour-une-difference-de-10-centimes-sur-le-prix-de-son-billet-19-06-2025-RHAPBHGDANC3HK2W4JKZZUFQ6U.php\" target=\"_blank\" rel=\"noopener\">Le Parisien.<\/a><\/p>\n<p class=\" wall-content\">Le couple avait r\u00e9serv\u00e9 <strong>son voyage Biganos-Paris<\/strong> via Bordeaux, avec la premi\u00e8re partie en TER. Arriv\u00e9s en avance \u00e0 la gare, ils ont pris le premier train r\u00e9gional qui partait \u2013 deux minutes avant leur train pr\u00e9vu. Ils pensent donc \u00eatre en r\u00e8gle, mais le contr\u00f4le des billets ne se passe pas comme pr\u00e9vu.<\/p>\n<p>Un \u00ab\u2009petit prix\u2009\u00bb qui pose probl\u00e8me<\/p>\n<p class=\" wall-content\">Probl\u00e8me\u2009: avec leur statut \u00ab\u2009Grand Voyageur Le Club\u2009\u00bb, ils ont b\u00e9n\u00e9fici\u00e9 d\u2019un <strong>tarif promotionnel<\/strong> et pay\u00e9 leur billet 5\u00a0euros. Un \u00ab\u2009petit prix\u2009\u00bb, explique la contr\u00f4leuse, qui ne les autorise pas \u00e0 changer de train.<\/p>\n<p class=\" wall-content\">\u00ab\u00a0\u00c0 aucun moment nous avons vu qu\u2019il s\u2019agissait d\u2019une promotion\u2009! Ce n\u2019\u00e9tait pas pr\u00e9cis\u00e9 quand nous avons achet\u00e9 le billet combin\u00e9, les conditions d\u2019utilisation non plus\u2009\u00bb, affirme Julien aupr\u00e8s de nos confr\u00e8res. Il explique payer <strong>habituellement 5,10\u00a0euros<\/strong> pour le m\u00eame billet avec sa carte de r\u00e9duction.<\/p>\n<p class=\" wall-content\">L\u2019agent SNCF ne veut rien entendre, Julien et sa compagne re\u00e7oivent une amende de 50\u00a0euros chacun. Comme ils ne r\u00e8glent pas \u00e0 bord, <strong>l\u2019amende double.<\/strong> Mais l\u2019histoire ne s\u2019arr\u00eate pas l\u00e0. Si sa compagne accepte de donner sa carte d\u2019identit\u00e9, Julien s\u2019emporte et refuse. R\u00e9sultat, <strong>cinq agents de la S\u00fbret\u00e9 ferroviaire l\u2019attendent<\/strong> en <a href=\"https:\/\/actu.fr\/tag\/gare-saint-jean\" target=\"_blank\" rel=\"noopener\">gare de Bordeaux<\/a> et lui d\u00e9livrent une amende suppl\u00e9mentaire pour \u00ab\u2009outrage \u00e0 agent\u2009\u00bb apr\u00e8s avoir examin\u00e9 la situation.<\/p>\n<p>Vid\u00e9os : en ce moment sur Actu<\/p>\n<p class=\" wall-content\">\u00ab\u2009Je vais peut-\u00eatre \u00eatre convoqu\u00e9 au commissariat, et je risque une amende jusqu\u2019\u00e0 7\u2009500\u00a0euros, selon les textes en vigueur. <strong>Les 10 centimes les plus chers de ma vie\u2009\u00bb,<\/strong> d\u00e9plore le voyageur aupr\u00e8s de nos confr\u00e8res.<\/p>\n<p class=\" wall-content\">Julien est persuad\u00e9 d\u2019\u00eatre victime d\u2019une injustice, d\u2019un <strong>\u00ab\u2009abus de pouvoir\u2009\u00bb <\/strong>et d\u2019avoir \u00e9t\u00e9 trait\u00e9 comme \u00ab\u2009un d\u00e9linquant\u2009\u00bb.\u00a0Il d\u00e9ment toute \u00ab\u2009parole offensante\u2009\u00bb, alors que la SNCF a affirm\u00e9 au quotidien que <strong>des insultes avaient \u00e9t\u00e9 prof\u00e9r\u00e9es<\/strong> \u00e0 l\u2019encontre de la contr\u00f4leuse.<\/p>\n<p class=\" wall-content\">La compagnie ferroviaire a \u00e9galement soulign\u00e9 que la contr\u00f4leuse avait appliqu\u00e9 la proc\u00e9dure, \u00ab\u2009malgr\u00e9 la faible diff\u00e9rence de prix\u2009\u00bb et qu\u2019elle se montrait <strong>\u00ab\u2009tr\u00e8s compr\u00e9hensive\u2009\u00bb<\/strong> quand les clients faisaient r\u00e9clamation pour annuler une amende.<\/p>\n<p class=\" wall-content\">Suivez toute l\u2019actualit\u00e9 de vos villes et m\u00e9dias favoris en vous inscrivant \u00e0 <a href=\"https:\/\/moncompte.actu.fr\" title=\"D\u00e9couvez Mon Actu\" rel=\"nofollow noopener\" data-trk=\"{&quot;cta&quot;:{&quot;action&quot;:&quot;https:\\\/\\\/moncompte.actu.fr&quot;,&quot;category&quot;:&quot;mon compte&quot;,&quot;from&quot;:&quot;article footer&quot;,&quot;name&quot;:&quot;Mon actu&quot;,&quot;type&quot;:&quot;cta&quot;}}\" target=\"_blank\">Mon Actu<\/a>.<\/p>\n","protected":false},"excerpt":{"rendered":"Par R\u00e9daction Bordeaux Publi\u00e9 le 19 juin 2025 \u00e0 15h48 Le voyage Biganos \u2013 Bordeaux leur aura co\u00fbt\u00e9&hellip;\n","protected":false},"author":2,"featured_media":189626,"comment_status":"","ping_status":"","sticky":false,"template":"","format":"standard","meta":{"footnotes":""},"categories":[2817],"tags":[1111,11,7622,1997,1777,674,1011,27,12,2219,25,2215,104,2803],"class_list":{"0":"post-189625","1":"post","2":"type-post","3":"status-publish","4":"format-standard","5":"has-post-thumbnail","7":"category-bordeaux","8":"tag-actu","9":"tag-actualites","10":"tag-amendes","11":"tag-bordeaux","12":"tag-eu","13":"tag-europe","14":"tag-fr","15":"tag-france","16":"tag-news","17":"tag-nouvelle-aquitaine","18":"tag-republique-francaise","19":"tag-sncf","20":"tag-societe","21":"tag-transport"},"share_on_mastodon":{"url":"https:\/\/pubeurope.com\/@fr\/114712730915241308","error":""},"_links":{"self":[{"href":"https:\/\/www.europesays.com\/fr\/wp-json\/wp\/v2\/posts\/189625","targetHints":{"allow":["GET"]}}],"collection":[{"href":"https:\/\/www.europesays.com\/fr\/wp-json\/wp\/v2\/posts"}],"about":[{"href":"https:\/\/www.europesays.com\/fr\/wp-json\/wp\/v2\/types\/post"}],"author":[{"embeddable":true,"href":"https:\/\/www.europesays.com\/fr\/wp-json\/wp\/v2\/users\/2"}],"replies":[{"embeddable":true,"href":"https:\/\/www.europesays.com\/fr\/wp-json\/wp\/v2\/comments?post=189625"}],"version-history":[{"count":0,"href":"https:\/\/www.europesays.com\/fr\/wp-json\/wp\/v2\/posts\/189625\/revisions"}],"wp:featuredmedia":[{"embeddable":true,"href":"https:\/\/www.europesays.com\/fr\/wp-json\/wp\/v2\/media\/189626"}],"wp:attachment":[{"href":"https:\/\/www.europesays.com\/fr\/wp-json\/wp\/v2\/media?parent=189625"}],"wp:term":[{"taxonomy":"category","embeddable":true,"href":"https:\/\/www.europesays.com\/fr\/wp-json\/wp\/v2\/categories?post=189625"},{"taxonomy":"post_tag","embeddable":true,"href":"https:\/\/www.europesays.com\/fr\/wp-json\/wp\/v2\/tags?post=189625"}],"curies":[{"name":"wp","href":"https:\/\/api.w.org\/{rel}","templated":true}]}}