{"id":189629,"date":"2025-06-19T23:56:11","date_gmt":"2025-06-19T23:56:11","guid":{"rendered":"https:\/\/www.europesays.com\/fr\/189629\/"},"modified":"2025-06-19T23:56:11","modified_gmt":"2025-06-19T23:56:11","slug":"previsions-du-vendredi-20-juin-2025-5","status":"publish","type":"post","link":"https:\/\/www.europesays.com\/fr\/189629\/","title":{"rendered":"pr\u00e9visions du vendredi 20 juin 2025"},"content":{"rendered":"<p>Toulouse aura le plaisir de pouvoir profiter d&rsquo;une belle journ\u00e9e ensoleill\u00e9e. Les maximales atteindront les 36\u00b0C tandis que les minimales seront de 17\u00b0C : c&rsquo;est donc un superbe \u00e9t\u00e9. Le matin, de tr\u00e8s grosses chaleurs (entre 21\u00b0C et 33\u00b0C) sont attendues. Une petite brise de sud-est soufflera. Une m\u00e9t\u00e9o plus chaude est \u00e0 pr\u00e9voir l&rsquo;apr\u00e8s-midi \u00e9tant donn\u00e9 que le mercure va conna\u00eetre une hausse, remplissant les terrasses d&rsquo;habitants et de vacanciers venus profiter de l&rsquo;\u00e9t\u00e9. Les temp\u00e9ratures \u00e9volueront entre 34 et 36\u2009\u00b0C. Les importantes chaleurs sont install\u00e9es. Avec des valeurs \u00e9chelonn\u00e9es entre 27 et 33\u00b0C. Durant votre sommeil, dans la nuit de vendredi \u00e0 samedi, le ciel sera clair.<\/p>\n<p>C&rsquo;est un soleil splendide qui va se montrer demain sur Toulouse. C&rsquo;est une hausse de quelques degr\u00e9s que vont enregistrer les temp\u00e9ratures pour un temps de plus en plus estival. La ville va conna\u00eetre un passage de fortes chaleurs avec des temp\u00e9ratures qui rejoindront parfois les 38\u00b0C. Les valeurs s&rsquo;\u00e9chelonneront entre 21 et 38\u00b0C, un temps r\u00e9solument de saison. La p\u00e9riode de grosses chaleurs est bien l\u00e0, avec des temp\u00e9ratures qui risqueront de monter jusqu&rsquo;\u00e0 35\u00b0C le matin. Un vent d&rsquo;est soufflera l\u00e9g\u00e8rement. L&rsquo;\u00e9t\u00e9 prend ses quartiers ! Les temp\u00e9ratures vont grimper pendant l&rsquo;apr\u00e8s-midi de plusieurs degr\u00e9s. La ville va souffrir d&rsquo;importantes chaleurs avec des valeurs qui devraient monter \u00e0 38\u00b0C. Les temp\u00e9ratures maximums pr\u00e9vues demain soir sont \u00e9lev\u00e9es, avec 35\u00b0C. La ville sera touch\u00e9e par un vent de nord-ouest de 20 km\/h.<\/p>\n<p>Peu d&rsquo;\u00e9volutions pour la suite. Il fera 37\u00b0C en moyenne pour des journ\u00e9es avec une m\u00e9t\u00e9o ensoleill\u00e9e.<\/p>\n<p>Les jours vont commencer \u00e0 raccourcir \u00e0 partir d&rsquo;aujourd&rsquo;hui, la journ\u00e9e la plus longue de l&rsquo;ann\u00e9e. Profitez-en !<\/p>\n","protected":false},"excerpt":{"rendered":"Toulouse aura le plaisir de pouvoir profiter d&rsquo;une belle journ\u00e9e ensoleill\u00e9e. Les maximales atteindront les 36\u00b0C tandis que&hellip;\n","protected":false},"author":2,"featured_media":189630,"comment_status":"","ping_status":"","sticky":false,"template":"","format":"standard","meta":{"footnotes":""},"categories":[2816],"tags":[1111,11,1777,674,1011,27,2722,2721,12,2680,2119,25,2312],"class_list":{"0":"post-189629","1":"post","2":"type-post","3":"status-publish","4":"format-standard","5":"has-post-thumbnail","7":"category-toulouse","8":"tag-actu","9":"tag-actualites","10":"tag-eu","11":"tag-europe","12":"tag-fr","13":"tag-france","14":"tag-haute-garonne","15":"tag-midi-pyrenees","16":"tag-news","17":"tag-occitanie","18":"tag-previsions-meteo","19":"tag-republique-francaise","20":"tag-toulouse"},"share_on_mastodon":{"url":"https:\/\/pubeurope.com\/@fr\/114712738765199062","error":""},"_links":{"self":[{"href":"https:\/\/www.europesays.com\/fr\/wp-json\/wp\/v2\/posts\/189629","targetHints":{"allow":["GET"]}}],"collection":[{"href":"https:\/\/www.europesays.com\/fr\/wp-json\/wp\/v2\/posts"}],"about":[{"href":"https:\/\/www.europesays.com\/fr\/wp-json\/wp\/v2\/types\/post"}],"author":[{"embeddable":true,"href":"https:\/\/www.europesays.com\/fr\/wp-json\/wp\/v2\/users\/2"}],"replies":[{"embeddable":true,"href":"https:\/\/www.europesays.com\/fr\/wp-json\/wp\/v2\/comments?post=189629"}],"version-history":[{"count":0,"href":"https:\/\/www.europesays.com\/fr\/wp-json\/wp\/v2\/posts\/189629\/revisions"}],"wp:featuredmedia":[{"embeddable":true,"href":"https:\/\/www.europesays.com\/fr\/wp-json\/wp\/v2\/media\/189630"}],"wp:attachment":[{"href":"https:\/\/www.europesays.com\/fr\/wp-json\/wp\/v2\/media?parent=189629"}],"wp:term":[{"taxonomy":"category","embeddable":true,"href":"https:\/\/www.europesays.com\/fr\/wp-json\/wp\/v2\/categories?post=189629"},{"taxonomy":"post_tag","embeddable":true,"href":"https:\/\/www.europesays.com\/fr\/wp-json\/wp\/v2\/tags?post=189629"}],"curies":[{"name":"wp","href":"https:\/\/api.w.org\/{rel}","templated":true}]}}