{"id":189633,"date":"2025-06-19T23:58:10","date_gmt":"2025-06-19T23:58:10","guid":{"rendered":"https:\/\/www.europesays.com\/fr\/189633\/"},"modified":"2025-06-19T23:58:10","modified_gmt":"2025-06-19T23:58:10","slug":"previsions-du-vendredi-20-juin-2025-6","status":"publish","type":"post","link":"https:\/\/www.europesays.com\/fr\/189633\/","title":{"rendered":"pr\u00e9visions du vendredi 20 juin 2025"},"content":{"rendered":"<p>Lille va \u00eatre baign\u00e9e de soleil au cours de cette journ\u00e9e. Le thermom\u00e8tre affichera 22\u00b0C en moyenne. Un vent d&rsquo;est soufflera un peu, avec 14 km\/h. Il va faire 22\u00b0C en moyenne le matin. Les temp\u00e9ratures vont monter pendant l&rsquo;apr\u00e8s-midi de plusieurs degr\u00e9s. Les valeurs afficheront entre 26 et 28\u00b0C. Le ciel sera d\u00e9pourvu de nuages dans la nuit de vendredi \u00e0 samedi.<\/p>\n<p>C&rsquo;est un soleil magnifique qui va se montrer demain sur Lille. C&rsquo;est une hausse de quelques degr\u00e9s que vont enregistrer les temp\u00e9ratures. De tr\u00e8s fortes chaleurs (entre 15\u00b0C et 32\u00b0C) sont annonc\u00e9es. Les valeurs seront comprises entre 15 et 32\u00b0C. Une modeste brise de sud-est sera ressentie par les habitants. Dans la matin\u00e9e, les temp\u00e9ratures avoisineront les 25\u00b0C. Les valeurs vont conna\u00eetre une augmentation de plusieurs degr\u00e9s durant l&rsquo;apr\u00e8s-midi. La ville va souffrir des grosses chaleurs avec des temp\u00e9ratures qui pourraient grimper \u00e0 32\u00b0C. D\u00e8s demain soir, les valeurs \u00e9volueront entre 24 et 30\u2009\u00b0C. Il fera environ 27\u00b0C.<\/p>\n<p>Pour les prochains jours, le temps ne changera pas. Pr\u00e9voyez 26\u00b0C en moyenne qui accompagneront des journ\u00e9es ensoleill\u00e9es.<\/p>\n<p>Les jours vont commencer \u00e0 raccourcir \u00e0 compter d&rsquo;aujourd&rsquo;hui, la journ\u00e9e la plus longue de l&rsquo;ann\u00e9e. Profitez-en !<\/p>\n","protected":false},"excerpt":{"rendered":"Lille va \u00eatre baign\u00e9e de soleil au cours de cette journ\u00e9e. Le thermom\u00e8tre affichera 22\u00b0C en moyenne. Un&hellip;\n","protected":false},"author":2,"featured_media":189634,"comment_status":"","ping_status":"","sticky":false,"template":"","format":"standard","meta":{"footnotes":""},"categories":[2815],"tags":[1111,11,1777,674,1011,27,811,1307,12,1308,1309,2119,25],"class_list":{"0":"post-189633","1":"post","2":"type-post","3":"status-publish","4":"format-standard","5":"has-post-thumbnail","7":"category-lille","8":"tag-actu","9":"tag-actualites","10":"tag-eu","11":"tag-europe","12":"tag-fr","13":"tag-france","14":"tag-hauts-de-france","15":"tag-lille","16":"tag-news","17":"tag-nord","18":"tag-nord-pas-de-calais","19":"tag-previsions-meteo","20":"tag-republique-francaise"},"share_on_mastodon":{"url":"https:\/\/pubeurope.com\/@fr\/114712746827244081","error":""},"_links":{"self":[{"href":"https:\/\/www.europesays.com\/fr\/wp-json\/wp\/v2\/posts\/189633","targetHints":{"allow":["GET"]}}],"collection":[{"href":"https:\/\/www.europesays.com\/fr\/wp-json\/wp\/v2\/posts"}],"about":[{"href":"https:\/\/www.europesays.com\/fr\/wp-json\/wp\/v2\/types\/post"}],"author":[{"embeddable":true,"href":"https:\/\/www.europesays.com\/fr\/wp-json\/wp\/v2\/users\/2"}],"replies":[{"embeddable":true,"href":"https:\/\/www.europesays.com\/fr\/wp-json\/wp\/v2\/comments?post=189633"}],"version-history":[{"count":0,"href":"https:\/\/www.europesays.com\/fr\/wp-json\/wp\/v2\/posts\/189633\/revisions"}],"wp:featuredmedia":[{"embeddable":true,"href":"https:\/\/www.europesays.com\/fr\/wp-json\/wp\/v2\/media\/189634"}],"wp:attachment":[{"href":"https:\/\/www.europesays.com\/fr\/wp-json\/wp\/v2\/media?parent=189633"}],"wp:term":[{"taxonomy":"category","embeddable":true,"href":"https:\/\/www.europesays.com\/fr\/wp-json\/wp\/v2\/categories?post=189633"},{"taxonomy":"post_tag","embeddable":true,"href":"https:\/\/www.europesays.com\/fr\/wp-json\/wp\/v2\/tags?post=189633"}],"curies":[{"name":"wp","href":"https:\/\/api.w.org\/{rel}","templated":true}]}}