{"id":189635,"date":"2025-06-19T23:59:26","date_gmt":"2025-06-19T23:59:26","guid":{"rendered":"https:\/\/www.europesays.com\/fr\/189635\/"},"modified":"2025-06-19T23:59:26","modified_gmt":"2025-06-19T23:59:26","slug":"ma-prime-renov-quels-changements-actualites","status":"publish","type":"post","link":"https:\/\/www.europesays.com\/fr\/189635\/","title":{"rendered":"Ma Prime R\u00e9nov&rsquo; : quels changements ? \/ Actualit\u00e9s"},"content":{"rendered":"<p>Le Gouvernement a annonc\u00e9 une suspension temporaire de MaPrimeR\u00e9nov&rsquo;. Quelles cons\u00e9quences pour les Lillois ?<\/p>\n<p>            <img loading=\"lazy\" decoding=\"async\" src=\"\/var\/www\/storage\/images\/mediatheque\/mairie-de-lille\/actualites\/images\/2025\/juin-2025\/renovation-energetique\/3792934-1-fre-FR\/Renovation-energetique_news_image_top.jpg\" width=\"779\" height=\"519\" alt=\"\"\/><\/p>\n<p>Les informations \u00e0 rebondissement ont fait beaucoup de bruit ces derniers jours :<strong>\u00a0le Gouvernement a annonc\u00e9 une suspension temporaire de la plateforme nationale de d\u00e9p\u00f4ts de dossiers de demandes d&rsquo;aides \u00e0 la r\u00e9novation \u00e9nerg\u00e9tique, appel\u00e9e <a href=\"https:\/\/www.maprimerenov.gouv.fr\/prweb\/PRAuth\/app\/AIDES\/BPNVwCpLW8TKW49zoQZpAw*\/!STANDARD\" target=\"_self\" class=\"lien_interne\" rel=\"nofollow noopener\">MaPrimeR\u00e9nov&rsquo;<\/a> (MPR)<\/strong>.\u00a0<\/p>\n<p>Ce que \u00e7a change pour les Lillois<\/p>\n<p>Qu&rsquo;est-ce que \u00e7a change, concr\u00e8tement, pour les Lillois, Hellemmois, Lommois, et habitants de la M\u00e9tropole europ\u00e9enne de Lille ?<\/p>\n<ul class=\"listPuce\">\n<li>\n<strong>Jusqu\u2019au 1er\u00a0juillet 2025, les dossiers MaPrimeR\u00e9nov\u2019 des projets de r\u00e9novation peuvent toujours \u00eatre pr\u00e9par\u00e9s et d\u00e9pos\u00e9s<\/strong>. Au-del\u00e0 du 1er\u00a0juillet, les dossiers pourront continuer \u00e0 \u00eatre pr\u00e9par\u00e9s mais ne pourront \u00eatre d\u00e9pos\u00e9s qu\u2019\u00e0 partir du 15 septembre \u00e0 la r\u00e9ouverture de la plateforme nationale. <br \/>La fermeture concerne\u00a0essentiellement\u00a0\u00e0 ce jour\u00a0MPR \u00ab\u00a0Parcours Accompagn\u00e9\u00a0\u00bb\u00a0et MPR \u00ab\u00a0Parcours Par Geste\u00a0\u00bb. Le d\u00e9p\u00f4t de dossiers pour toutes les autres aides reste possible : \u00ab\u00a0Ma Prime Copro\u00a0\u00bb, \u00ab\u00a0Ma Prime Adapt'\u00a0\u00bb, \u00ab\u00a0Ma Prime Logement D\u00e9cent\u00a0\u00bb, \u00ab\u00a0Loc Avantages\u00a0\u00bb.<\/li>\n<\/ul>\n<ul class=\"listPuce\">\n<li><strong>Les dossiers <a href=\"https:\/\/ameliohabitat.fr\/\" target=\"_self\" class=\"lien_interne\" rel=\"nofollow noopener\">AMELIO<\/a> (service public de la MEL\u00a0pour l&rsquo;am\u00e9lioration de l&rsquo;habitat) d\u00e9j\u00e0 d\u00e9pos\u00e9s (ou d\u00e9pos\u00e9s avant le 1er juillet) continueront d\u2019\u00eatre instruits<\/strong>. Ils suivront leur cours et seront trait\u00e9s normalement, y compris pendant la p\u00e9riode de suspension de la plateforme nationale MaPrimeR\u00e9nov&rsquo;.<\/li>\n<\/ul>\n<ul class=\"listPuce\">\n<li><strong>Les dossiers accompagn\u00e9s par AMELIO sont trait\u00e9s en priorit\u00e9<\/strong>. La MEL, qui instruit localement les aides de l\u2019Anah (Agence nationale de l&rsquo;habitat), concentre ses efforts sur les projets port\u00e9s par les dispositifs programm\u00e9s.<\/li>\n<\/ul>\n<ul class=\"listPuce\">\n<li>\u00c0 ce jour, la MEL a consomm\u00e9 la moiti\u00e9 de son enveloppe annuelle d\u00e9l\u00e9gu\u00e9e par l\u2019Anah. Nous restons donc en capacit\u00e9 de poursuivre le traitement des demandes, \u00e0 un rythme ma\u00eetris\u00e9.<\/li>\n<\/ul>\n<ul class=\"listPuce\">\n<li>\n<strong>Pour rappel, cette suspension estivale des nouveaux d\u00e9p\u00f4ts est,\u00a0selon le Gouvernement,\u00a0une mesure temporaire, pas une remise en cause du dispositif<\/strong>.\u00a0<br \/>L&rsquo;objectif de l&rsquo;Anah est de r\u00e9sorber le stock de dossiers en attente d&rsquo;instruction et de prendre des dispositions pour mieux lutter contre la fraude \u00e0 MaPrimeR\u00e9nov&rsquo; (actuellement, un dossier sur 10 est un dossier frauduleux).<\/li>\n<\/ul>\n<p>Ce que \u00e7a change pour Am\u00e9lio<\/p>\n<p><strong>Depuis le 16 juin et jusqu\u2019au 1er\u00a0juillet, les permanences Conseil AMELIO France R\u00e9nov\u2019, \u00e0 la <a href=\"https:\/\/www.lille.fr\/Nos-equipements\/Maison-de-l-Habitat-Durable\" target=\"_self\" class=\"lien_interne\" rel=\"nofollow noopener\">Maison de l\u2019Habitat Durable<\/a>, sont l\u00e9g\u00e8rement modifi\u00e9es.<\/strong><\/p>\n<ul class=\"listPuce\">\n<li><strong>Les permanences Conseil AMELIO France R\u00e9nov&rsquo; se tiendront uniquement le samedi matin\u00a0<\/strong>sur rendez-vous (en appelant le 03 20 21 27 77). Elles reprendront leur rythme habituel \u00e0 partir du 1er\u00a0juillet.<\/li>\n<li><strong>Les permanences Conseil pour les copropri\u00e9t\u00e9s sont<\/strong>\u00a0<strong>maintenues<\/strong>, le mercredi apr\u00e8s-midi de 14h \u00e0 17h, sur rendez-vous (en appelant le 03 20 21 27 77).<strong>\u00a0<\/strong>\u00a0<\/li>\n<\/ul>\n<p><strong>\u00c0 noter<\/strong>\u00a0: Les permanences architecte-conseil, Solaire en Nord, ADIL et avocat continuent de se tenir normalement, sur rendez-vous en appelant directement la Maison de l\u2019Habitat Durable au 03 59 00 03 59.<\/p>\n<p>Enfin, <strong>Les \u00e9v\u00e9nements propos\u00e9s dans le cadre du\u00a0<\/strong><a href=\"https:\/\/urldefense.com\/v3\/__https:\/www.maisonhabitatdurable-lillemetropole.fr\/evenements__;!!DY3y3TSHDxRwb2ne!ghVUv1ZlVTcjBuQlUFYXLtvAxvP3StKOhXXq7K8aZZHIhTNVOOiDuZ6Nx8X5l-U6ksajOX3nc53hCWOLZyLqOYt8rk5rVGs$\" title=\"https:\/\/urldefense.com\/v3\/__https:\/www.maisonhabitatdurable-lillemetropole.fr\/evenements__;!!DY3y3TSHDxRwb2ne!ghVUv1ZlVTcjBuQlUFYXLtvAxvP3StKOhXXq7K8aZZHIhTNVOOiDuZ6Nx8X5l-U6ksajOX3nc53hCWOLZyLqOYt8rk5rVGs$ (nouvelle fen\u00eatre)\" target=\"_blank\" class=\"lien_interne\" rel=\"nofollow noopener\"><strong>programme d&rsquo;animations de la Maison de l&rsquo;Habitat Durable<\/strong><\/a><strong>\u00a0se poursuivent normalement.<\/strong><\/p>\n","protected":false},"excerpt":{"rendered":"Le Gouvernement a annonc\u00e9 une suspension temporaire de MaPrimeR\u00e9nov&rsquo;. Quelles cons\u00e9quences pour les Lillois ? Les informations \u00e0&hellip;\n","protected":false},"author":2,"featured_media":189636,"comment_status":"","ping_status":"","sticky":false,"template":"","format":"standard","meta":{"footnotes":""},"categories":[2815],"tags":[1111,11,4763,1777,674,1011,27,811,1307,5415,12,25],"class_list":{"0":"post-189635","1":"post","2":"type-post","3":"status-publish","4":"format-standard","5":"has-post-thumbnail","7":"category-lille","8":"tag-actu","9":"tag-actualites","10":"tag-agenda","11":"tag-eu","12":"tag-europe","13":"tag-fr","14":"tag-france","15":"tag-hauts-de-france","16":"tag-lille","17":"tag-mairie","18":"tag-news","19":"tag-republique-francaise"},"share_on_mastodon":{"url":"https:\/\/pubeurope.com\/@fr\/114712750773814111","error":""},"_links":{"self":[{"href":"https:\/\/www.europesays.com\/fr\/wp-json\/wp\/v2\/posts\/189635","targetHints":{"allow":["GET"]}}],"collection":[{"href":"https:\/\/www.europesays.com\/fr\/wp-json\/wp\/v2\/posts"}],"about":[{"href":"https:\/\/www.europesays.com\/fr\/wp-json\/wp\/v2\/types\/post"}],"author":[{"embeddable":true,"href":"https:\/\/www.europesays.com\/fr\/wp-json\/wp\/v2\/users\/2"}],"replies":[{"embeddable":true,"href":"https:\/\/www.europesays.com\/fr\/wp-json\/wp\/v2\/comments?post=189635"}],"version-history":[{"count":0,"href":"https:\/\/www.europesays.com\/fr\/wp-json\/wp\/v2\/posts\/189635\/revisions"}],"wp:featuredmedia":[{"embeddable":true,"href":"https:\/\/www.europesays.com\/fr\/wp-json\/wp\/v2\/media\/189636"}],"wp:attachment":[{"href":"https:\/\/www.europesays.com\/fr\/wp-json\/wp\/v2\/media?parent=189635"}],"wp:term":[{"taxonomy":"category","embeddable":true,"href":"https:\/\/www.europesays.com\/fr\/wp-json\/wp\/v2\/categories?post=189635"},{"taxonomy":"post_tag","embeddable":true,"href":"https:\/\/www.europesays.com\/fr\/wp-json\/wp\/v2\/tags?post=189635"}],"curies":[{"name":"wp","href":"https:\/\/api.w.org\/{rel}","templated":true}]}}