{"id":189637,"date":"2025-06-20T00:00:20","date_gmt":"2025-06-20T00:00:20","guid":{"rendered":"https:\/\/www.europesays.com\/fr\/189637\/"},"modified":"2025-06-20T00:00:20","modified_gmt":"2025-06-20T00:00:20","slug":"a-marseille-lutilite-publique-de-la-ligne-provence-cote-dazur-contestee-en-justice","status":"publish","type":"post","link":"https:\/\/www.europesays.com\/fr\/189637\/","title":{"rendered":"\u00e0 Marseille, l\u2019utilit\u00e9 publique de la Ligne Provence-C\u00f4te d\u2019Azur contest\u00e9e en justice"},"content":{"rendered":"<p>Serpent de mer ferroviaire, <a href=\"https:\/\/www.laprovence.com\/article\/societe\/2787332018335415\/ligne-nouvelle-marseille-nice-un-serpent-de-mer-ferroviaire-relance-par-1-2-milliard-d-euros\" target=\"_blank\" rel=\"noopener\">le projet de Ligne nouvelle Provence-C\u00f4te d\u2019Azur<\/a> (LNPCA) est, depuis\u00a02022, d\u00e9clar\u00e9 d\u2019utilit\u00e9 publique, ce qui rend possible l\u2019acquisition \u00ab\u00a0des parcelles n\u00e9cessaires\u00a0\u00bb \u00e0 sa r\u00e9alisation. Cette utilit\u00e9 publique est contest\u00e9e par le collectif Stop LGV sud Sainte-Baume, dont la requ\u00eate a \u00e9t\u00e9 examin\u00e9e par le tribunal administratif de Marseille, jeudi 19\u00a0juin.<\/p>\n","protected":false},"excerpt":{"rendered":"Serpent de mer ferroviaire, le projet de Ligne nouvelle Provence-C\u00f4te d\u2019Azur (LNPCA) est, depuis\u00a02022, d\u00e9clar\u00e9 d\u2019utilit\u00e9 publique, ce&hellip;\n","protected":false},"author":2,"featured_media":189638,"comment_status":"","ping_status":"","sticky":false,"template":"","format":"standard","meta":{"footnotes":""},"categories":[2814],"tags":[17,1111,11,32749,1777,674,274,1011,27,32750,3052,884,12,1095,882,12299,25,9066],"class_list":{"0":"post-189637","1":"post","2":"type-post","3":"status-publish","4":"format-standard","5":"has-post-thumbnail","7":"category-marseille","8":"tag-17","9":"tag-actu","10":"tag-actualites","11":"tag-deraisonnable","12":"tag-eu","13":"tag-europe","14":"tag-faits-divers-justice","15":"tag-fr","16":"tag-france","17":"tag-lutilite","18":"tag-ligne","19":"tag-marseille","20":"tag-news","21":"tag-projet","22":"tag-provence-alpes-cote-dazur","23":"tag-publique","24":"tag-republique-francaise","25":"tag-un"},"share_on_mastodon":{"url":"https:\/\/pubeurope.com\/@fr\/114712754661042612","error":""},"_links":{"self":[{"href":"https:\/\/www.europesays.com\/fr\/wp-json\/wp\/v2\/posts\/189637","targetHints":{"allow":["GET"]}}],"collection":[{"href":"https:\/\/www.europesays.com\/fr\/wp-json\/wp\/v2\/posts"}],"about":[{"href":"https:\/\/www.europesays.com\/fr\/wp-json\/wp\/v2\/types\/post"}],"author":[{"embeddable":true,"href":"https:\/\/www.europesays.com\/fr\/wp-json\/wp\/v2\/users\/2"}],"replies":[{"embeddable":true,"href":"https:\/\/www.europesays.com\/fr\/wp-json\/wp\/v2\/comments?post=189637"}],"version-history":[{"count":0,"href":"https:\/\/www.europesays.com\/fr\/wp-json\/wp\/v2\/posts\/189637\/revisions"}],"wp:featuredmedia":[{"embeddable":true,"href":"https:\/\/www.europesays.com\/fr\/wp-json\/wp\/v2\/media\/189638"}],"wp:attachment":[{"href":"https:\/\/www.europesays.com\/fr\/wp-json\/wp\/v2\/media?parent=189637"}],"wp:term":[{"taxonomy":"category","embeddable":true,"href":"https:\/\/www.europesays.com\/fr\/wp-json\/wp\/v2\/categories?post=189637"},{"taxonomy":"post_tag","embeddable":true,"href":"https:\/\/www.europesays.com\/fr\/wp-json\/wp\/v2\/tags?post=189637"}],"curies":[{"name":"wp","href":"https:\/\/api.w.org\/{rel}","templated":true}]}}