{"id":189639,"date":"2025-06-20T00:01:29","date_gmt":"2025-06-20T00:01:29","guid":{"rendered":"https:\/\/www.europesays.com\/fr\/189639\/"},"modified":"2025-06-20T00:01:29","modified_gmt":"2025-06-20T00:01:29","slug":"marseille-des-influenceurs-islamistes-denoncent-le-nouveau-maillot-de-lom-orne-dune-croix","status":"publish","type":"post","link":"https:\/\/www.europesays.com\/fr\/189639\/","title":{"rendered":"Marseille : des influenceurs islamistes d\u00e9noncent le nouveau maillot de l\u2019OM orn\u00e9 d\u2019une croix"},"content":{"rendered":"<p class=\"p1\">Pr\u00e9sent ce jeudi 20 juin sur le plateau de <a href=\"https:\/\/www.youtube.com\/watch?v=sSfbW4Im98A\" target=\"_blank\" rel=\"nofollow noopener\">CNews<\/a>, le d\u00e9put\u00e9 Rassemblement national Franck Allisio\u00a0a r\u00e9agi aux critiques visant le nouveau maillot de l\u2019Olympique de Marseille. Deux jours apr\u00e8s sa pr\u00e9sentation officielle, la tunique bleu ciel et blanche, qui arbore une croix stylis\u00e9e inspir\u00e9e du <a href=\"https:\/\/www.valeursactuelles.com\/clubvaleurs\/societe\/marseille-ibn-khaldoun-lecole-de-la-reussite-freriste-subventionnee-par-letat\" target=\"_blank\" rel=\"noopener nofollow\">blason historique de la ville<\/a>, fait l\u2019objet de reproches sur les <a href=\"https:\/\/www.valeursactuelles.com\/politique\/tiktok-snapchat-x-facebook-instagram-interdiction-des-reseaux-sociaux-pour-les-moins-de-15-ans-cest-une-mesure-de-salubrite-mentale-pour-les-lecteurs\" target=\"_blank\" rel=\"noopener nofollow\">r\u00e9seaux sociaux<\/a>. \u00ab Depuis hier, il y a des influenceurs islamistes qui expliquent que, comme il y a une croix sur le tout nouveau maillot de l\u2019OM, il faudrait qu\u2019aucun musulman ne le mette parce que c\u2019est une provocation \u00bb, a affirm\u00e9 le d\u00e9put\u00e9 des Bouches-du-Rh\u00f4ne, r\u00e9cemment <a href=\"https:\/\/www.valeursactuelles.com\/regions\/provence-alpes-cote-dazur\/bouches-du-rhone\/marseille\/politique\/municipales-a-marseille-le-depute-rn-franck-allisio-officiellement-candidat\" target=\"_blank\" rel=\"noopener nofollow\">candidat d\u00e9clar\u00e9 aux municipales de 2026 \u00e0 Marseille<\/a>.<\/p>\n<p><a href=\"https:\/\/www.valeursactuelles.com\/monde\/freres-musulmans-la-suede-se-saisit-du-rapport-francais-et-se-penche-sur-linfiltration-islamiste\" class=\"h-flex h-align-items-center h-border-tb h-ptb-15\" rel=\"nofollow noopener\" target=\"_blank\">A\u00a0LIRE\u00a0Fr\u00e8res musulmans : la Su\u00e8de se saisit du rapport fran\u00e7ais et se penche sur \u00ab\u00a0l\u2019infiltration islamiste\u00a0\u00bb<\/a><\/p>\n<p class=\"p1\">\u00ab Je trouve \u00e7a hallucinant \u00bb, a-t-il poursuivi, en d\u00e9non\u00e7ant des tentatives de pression contre un symbole local fort. Sur ses r\u00e9seaux sociaux, il a ironis\u00e9 : \u00ab C\u2019est quoi la prochaine \u00e9tape ? Voiler la Bonne M\u00e8re ? \u00bb en r\u00e9f\u00e9rence \u00e0 la basilique embl\u00e9matique surplombant la cit\u00e9 phoc\u00e9enne. L\u2019\u00e9lu accuse certains internautes de vouloir remettre en cause l\u2019h\u00e9ritage culturel et visuel de Marseille \u00e0 travers cette critique du maillot.<\/p>\n<p>Des figures identitaires relaient l\u2019information<b\/><\/p>\n<p class=\"p1\">D\u2019autres personnalit\u00e9s proches de la droite identitaire ont r\u00e9agi dans le m\u00eame sens. L\u2019ancien eurod\u00e9put\u00e9 Gilbert Collard a fustig\u00e9 sur <a href=\"https:\/\/x.com\/GilbertCollard\/status\/1935619599229174106\" target=\"_blank\" rel=\"nofollow noopener\">son compte X<\/a> une pol\u00e9mique qu\u2019il juge absurde : \u00ab Une croix subliminale sur le nouveau maillot de l\u2019OM provoque la pol\u00e9mique chez certains supporters\u2026 Qui l\u2019e\u00fbt cru ! \u00bb Damien Rieu, ex-porte-parole de G\u00e9n\u00e9ration identitaire, a relay\u00e9 les propos d\u2019un internaute non certifi\u00e9 suivi par un peu plus de 1 300 abonn\u00e9s sur X (anciennement Twitter), \u00e9crivant : \u00ab Allez hop, les Muslims (sic), vous ne pouvez pas le porter \u00bb.<\/p>\n<blockquote class=\"twitter-tweet\">\n<p dir=\"ltr\" lang=\"fr\">Une croix sur le nouveau maillot de l\u2019OM provoque la pol\u00e9mique chez les supporters musulmans. <a href=\"https:\/\/t.co\/M8r4Zxwtq1\" rel=\"nofollow\">pic.twitter.com\/M8r4Zxwtq1<\/a><\/p>\n<p>\u2014 Damien Rieu (@DamienRieu) <a href=\"https:\/\/twitter.com\/DamienRieu\/status\/1935426463077142747?ref_src=twsrc%5Etfw\" rel=\"nofollow noopener\" target=\"_blank\">June 18, 2025<\/a><\/p>\n<\/blockquote>\n<p class=\"p1\">L\u2019Olympique de Marseille, contact\u00e9 par plusieurs m\u00e9dias, a indiqu\u00e9 qu\u2019il ne ferait pas de commentaire sur ce sujet. Le club avait d\u00e9j\u00e0 utilis\u00e9 la croix d\u2019azur par le pass\u00e9, notamment lors d\u2019une \u00e9dition sp\u00e9ciale pour les 120 ans du club en 2019. Ce motif est aussi visible sur de nombreux b\u00e2timents officiels, dont la fa\u00e7ade de l\u2019h\u00f4tel de ville.<\/p>\n<p>Un d\u00e9bat symbolique sur fond de campagne municipale<b\/><\/p>\n<p class=\"p1\">Cette controverse intervient alors que Franck Allisio a officialis\u00e9 mercredi sa candidature \u00e0 la mairie de Marseille pour 2026. Il souhaite \u00eatre \u00ab le candidat du Rassemblement national \u00bb et de ses \u00ab alli\u00e9s \u00bb pour \u00ab remettre Marseille en ordre \u00bb, que ce soit \u00ab dans nos rues, dans nos \u00e9coles, dans nos transports, dans les poubelles, dans la finance de la ville \u00bb.<\/p>\n<p>                                                                    <script async src=\"https:\/\/platform.twitter.com\/widgets.js\" charset=\"utf-8\"><\/script><\/p>\n","protected":false},"excerpt":{"rendered":"Pr\u00e9sent ce jeudi 20 juin sur le plateau de CNews, le d\u00e9put\u00e9 Rassemblement national Franck Allisio\u00a0a r\u00e9agi aux&hellip;\n","protected":false},"author":2,"featured_media":189640,"comment_status":"","ping_status":"","sticky":false,"template":"","format":"standard","meta":{"footnotes":""},"categories":[2814],"tags":[1111,11,1777,674,63,1011,27,5318,884,12,1176,882,25,6304],"class_list":{"0":"post-189639","1":"post","2":"type-post","3":"status-publish","4":"format-standard","5":"has-post-thumbnail","7":"category-marseille","8":"tag-actu","9":"tag-actualites","10":"tag-eu","11":"tag-europe","12":"tag-football","13":"tag-fr","14":"tag-france","15":"tag-islam","16":"tag-marseille","17":"tag-news","18":"tag-olympique-de-marseille","19":"tag-provence-alpes-cote-dazur","20":"tag-republique-francaise","21":"tag-symbole"},"share_on_mastodon":{"url":"https:\/\/pubeurope.com\/@fr\/114712758419315391","error":""},"_links":{"self":[{"href":"https:\/\/www.europesays.com\/fr\/wp-json\/wp\/v2\/posts\/189639","targetHints":{"allow":["GET"]}}],"collection":[{"href":"https:\/\/www.europesays.com\/fr\/wp-json\/wp\/v2\/posts"}],"about":[{"href":"https:\/\/www.europesays.com\/fr\/wp-json\/wp\/v2\/types\/post"}],"author":[{"embeddable":true,"href":"https:\/\/www.europesays.com\/fr\/wp-json\/wp\/v2\/users\/2"}],"replies":[{"embeddable":true,"href":"https:\/\/www.europesays.com\/fr\/wp-json\/wp\/v2\/comments?post=189639"}],"version-history":[{"count":0,"href":"https:\/\/www.europesays.com\/fr\/wp-json\/wp\/v2\/posts\/189639\/revisions"}],"wp:featuredmedia":[{"embeddable":true,"href":"https:\/\/www.europesays.com\/fr\/wp-json\/wp\/v2\/media\/189640"}],"wp:attachment":[{"href":"https:\/\/www.europesays.com\/fr\/wp-json\/wp\/v2\/media?parent=189639"}],"wp:term":[{"taxonomy":"category","embeddable":true,"href":"https:\/\/www.europesays.com\/fr\/wp-json\/wp\/v2\/categories?post=189639"},{"taxonomy":"post_tag","embeddable":true,"href":"https:\/\/www.europesays.com\/fr\/wp-json\/wp\/v2\/tags?post=189639"}],"curies":[{"name":"wp","href":"https:\/\/api.w.org\/{rel}","templated":true}]}}