{"id":189641,"date":"2025-06-20T00:02:12","date_gmt":"2025-06-20T00:02:12","guid":{"rendered":"https:\/\/www.europesays.com\/fr\/189641\/"},"modified":"2025-06-20T00:02:12","modified_gmt":"2025-06-20T00:02:12","slug":"previsions-du-vendredi-20-juin-2025-7","status":"publish","type":"post","link":"https:\/\/www.europesays.com\/fr\/189641\/","title":{"rendered":"pr\u00e9visions du vendredi 20 juin 2025"},"content":{"rendered":"<p>Un splendide soleil va briller sur Lyon et ce, tout au long de la journ\u00e9e. L&rsquo;\u00e9t\u00e9 s&rsquo;est d\u00e9finitivement install\u00e9 puisque les temp\u00e9ratures iront de 18 \u00e0 32\u00b0C. Une l\u00e9g\u00e8re brise de nord-est soufflera. La matin\u00e9e va \u00eatre tr\u00e8s chaude : jusqu&rsquo;\u00e0 30\u00b0C. Les temp\u00e9ratures vont conna\u00eetre une hausse de plusieurs degr\u00e9s dans l&rsquo;apr\u00e8s-midi. Les vacanciers comme les locaux pourront enfiler sandales et chapeau. La ville va souffrir d&rsquo;importantes chaleurs avec des valeurs qui pourraient grimper \u00e0 32\u00b0C. Dans la soir\u00e9e, les temp\u00e9ratures tourneront autour des 25\u00b0C. Durant la nuit de vendredi \u00e0 samedi, le ciel sera limpide.<\/p>\n<p>Demain, les Lyonnais comme les touristes vont pouvoir b\u00e9n\u00e9ficier d&rsquo;un soleil radieux. Un temps plus chaud est \u00e0 pr\u00e9voir \u00e9tant donn\u00e9 que le mercure va enregistrer une augmentation, remplissant les terrasses d&rsquo;habitants et de vacanciers venus appr\u00e9cier l&rsquo;\u00e9t\u00e9. De tr\u00e8s grosses chaleurs (entre 18\u00b0C et 34\u00b0C) sont annonc\u00e9es. Ce sera un bel \u00e9t\u00e9 : les temp\u00e9ratures seront comprises entre 18 et 34\u00b0C. Attention \u00e0 la vague de chaud au cours de la matin\u00e9e. Des valeurs de 21 \u00e0 32\u00b0C sont attendues. Un l\u00e9ger vent de nord-est sera ressenti par les habitants. Les temp\u00e9ratures, plus estivales, vont conna\u00eetre une hausse de plusieurs degr\u00e9s pendant l&rsquo;apr\u00e8s-midi. Les fortes chaleurs sont pr\u00e9sentes. Avec des temp\u00e9ratures comprises entre 33 et 34\u00b0C. L&rsquo;\u00e9pisode d&rsquo;importantes chaleurs est bien l\u00e0, avec des valeurs qui risqueront de monter jusqu&rsquo;\u00e0 31\u00b0C demain soir. Un vent de sud-ouest soufflera l\u00e9g\u00e8rement, avec 5 km\/h.<\/p>\n<p>Les jours s&rsquo;encha\u00eenent et se ressemblent. Pr\u00e9voyez 35\u00b0C en moyenne qui accompagneront des journ\u00e9es ensoleill\u00e9es.<\/p>\n<p>Aujourd&rsquo;hui sera l&rsquo;occasion id\u00e9ale pour c\u00e9l\u00e9brer le d\u00e9but de l&rsquo;\u00e9t\u00e9 en musique puisqu&rsquo;apr\u00e8s les jours commenceront \u00e0 se raccourcir, c&rsquo;est la journ\u00e9e la plus longue de l&rsquo;ann\u00e9e !<\/p>\n","protected":false},"excerpt":{"rendered":"Un splendide soleil va briller sur Lyon et ce, tout au long de la journ\u00e9e. L&rsquo;\u00e9t\u00e9 s&rsquo;est d\u00e9finitivement&hellip;\n","protected":false},"author":2,"featured_media":189642,"comment_status":"","ping_status":"","sticky":false,"template":"","format":"standard","meta":{"footnotes":""},"categories":[1889],"tags":[1111,11,2430,1777,674,1011,27,2428,12,2119,25,2429,2431],"class_list":{"0":"post-189641","1":"post","2":"type-post","3":"status-publish","4":"format-standard","5":"has-post-thumbnail","7":"category-lyon","8":"tag-actu","9":"tag-actualites","10":"tag-auvergne-rhone-alpes","11":"tag-eu","12":"tag-europe","13":"tag-fr","14":"tag-france","15":"tag-lyon","16":"tag-news","17":"tag-previsions-meteo","18":"tag-republique-francaise","19":"tag-rhone","20":"tag-rhone-alpes"},"share_on_mastodon":{"url":"https:\/\/pubeurope.com\/@fr\/114712762452310464","error":""},"_links":{"self":[{"href":"https:\/\/www.europesays.com\/fr\/wp-json\/wp\/v2\/posts\/189641","targetHints":{"allow":["GET"]}}],"collection":[{"href":"https:\/\/www.europesays.com\/fr\/wp-json\/wp\/v2\/posts"}],"about":[{"href":"https:\/\/www.europesays.com\/fr\/wp-json\/wp\/v2\/types\/post"}],"author":[{"embeddable":true,"href":"https:\/\/www.europesays.com\/fr\/wp-json\/wp\/v2\/users\/2"}],"replies":[{"embeddable":true,"href":"https:\/\/www.europesays.com\/fr\/wp-json\/wp\/v2\/comments?post=189641"}],"version-history":[{"count":0,"href":"https:\/\/www.europesays.com\/fr\/wp-json\/wp\/v2\/posts\/189641\/revisions"}],"wp:featuredmedia":[{"embeddable":true,"href":"https:\/\/www.europesays.com\/fr\/wp-json\/wp\/v2\/media\/189642"}],"wp:attachment":[{"href":"https:\/\/www.europesays.com\/fr\/wp-json\/wp\/v2\/media?parent=189641"}],"wp:term":[{"taxonomy":"category","embeddable":true,"href":"https:\/\/www.europesays.com\/fr\/wp-json\/wp\/v2\/categories?post=189641"},{"taxonomy":"post_tag","embeddable":true,"href":"https:\/\/www.europesays.com\/fr\/wp-json\/wp\/v2\/tags?post=189641"}],"curies":[{"name":"wp","href":"https:\/\/api.w.org\/{rel}","templated":true}]}}