{"id":189659,"date":"2025-06-20T00:11:11","date_gmt":"2025-06-20T00:11:11","guid":{"rendered":"https:\/\/www.europesays.com\/fr\/189659\/"},"modified":"2025-06-20T00:11:11","modified_gmt":"2025-06-20T00:11:11","slug":"invasion-de-lukraine-le-president-zelensky-nomme-un-nouveau-chef-des-forces-terrestres-ukrainiennes","status":"publish","type":"post","link":"https:\/\/www.europesays.com\/fr\/189659\/","title":{"rendered":"Invasion de l&rsquo;Ukraine &#8211; Le pr\u00e9sident Zelensky nomme un nouveau chef des forces terrestres ukrainiennes"},"content":{"rendered":"<p class=\"ap-StoryElement ap-StoryElement--mb ap-StoryText\">Le g\u00e9n\u00e9ral Shapovalov, 47 ans, a \u00e9t\u00e9 attach\u00e9 militaire en Allemagne puis a command\u00e9 le district militaire sud de l&rsquo;Ukraine.<\/p>\n<p class=\"ap-StoryElement ap-StoryElement--mb ap-StoryText\">Dans son adresse quotidienne sur internet, le pr\u00e9sident Zelensky a d\u00e9clar\u00e9 qu&rsquo;il esp\u00e9rait que le g\u00e9n\u00e9ral Shapovalov apporterait une \u00ab\u00a0v\u00e9ritable exp\u00e9rience du combat\u00a0\u00bb \u00e0 ce poste et a appel\u00e9 \u00e0 des changements dans l&rsquo;arm\u00e9e ukrainienne, qui lutte pour repousser les forces de Moscou depuis plus de trois ans.<\/p>\n<p class=\"ap-StoryElement ap-StoryElement--mb ap-StoryText\">\u00ab\u00a0Des changements sont n\u00e9cessaires, c&rsquo;est incontournable\u00a0\u00bb, a d\u00e9clar\u00e9 le chef de l&rsquo;Etat.<\/p>\n","protected":false},"excerpt":{"rendered":"Le g\u00e9n\u00e9ral Shapovalov, 47 ans, a \u00e9t\u00e9 attach\u00e9 militaire en Allemagne puis a command\u00e9 le district militaire sud&hellip;\n","protected":false},"author":2,"featured_media":2837,"comment_status":"","ping_status":"","sticky":false,"template":"","format":"standard","meta":{"footnotes":""},"categories":[1590],"tags":[11,2120,1777,674,12,132,220],"class_list":{"0":"post-189659","1":"post","2":"type-post","3":"status-publish","4":"format-standard","5":"has-post-thumbnail","7":"category-ukraine","8":"tag-actualites","9":"tag-conflit","10":"tag-eu","11":"tag-europe","12":"tag-news","13":"tag-russie","14":"tag-ukraine"},"share_on_mastodon":{"url":"https:\/\/pubeurope.com\/@fr\/114712798248199421","error":""},"_links":{"self":[{"href":"https:\/\/www.europesays.com\/fr\/wp-json\/wp\/v2\/posts\/189659","targetHints":{"allow":["GET"]}}],"collection":[{"href":"https:\/\/www.europesays.com\/fr\/wp-json\/wp\/v2\/posts"}],"about":[{"href":"https:\/\/www.europesays.com\/fr\/wp-json\/wp\/v2\/types\/post"}],"author":[{"embeddable":true,"href":"https:\/\/www.europesays.com\/fr\/wp-json\/wp\/v2\/users\/2"}],"replies":[{"embeddable":true,"href":"https:\/\/www.europesays.com\/fr\/wp-json\/wp\/v2\/comments?post=189659"}],"version-history":[{"count":0,"href":"https:\/\/www.europesays.com\/fr\/wp-json\/wp\/v2\/posts\/189659\/revisions"}],"wp:featuredmedia":[{"embeddable":true,"href":"https:\/\/www.europesays.com\/fr\/wp-json\/wp\/v2\/media\/2837"}],"wp:attachment":[{"href":"https:\/\/www.europesays.com\/fr\/wp-json\/wp\/v2\/media?parent=189659"}],"wp:term":[{"taxonomy":"category","embeddable":true,"href":"https:\/\/www.europesays.com\/fr\/wp-json\/wp\/v2\/categories?post=189659"},{"taxonomy":"post_tag","embeddable":true,"href":"https:\/\/www.europesays.com\/fr\/wp-json\/wp\/v2\/tags?post=189659"}],"curies":[{"name":"wp","href":"https:\/\/api.w.org\/{rel}","templated":true}]}}