{"id":189660,"date":"2025-06-20T00:12:11","date_gmt":"2025-06-20T00:12:11","guid":{"rendered":"https:\/\/www.europesays.com\/fr\/189660\/"},"modified":"2025-06-20T00:12:11","modified_gmt":"2025-06-20T00:12:11","slug":"trump-repousse-a-nouveau-la-vente-de-tiktok","status":"publish","type":"post","link":"https:\/\/www.europesays.com\/fr\/189660\/","title":{"rendered":"Trump repousse \u00e0 nouveau la vente de TikTok"},"content":{"rendered":"<p><a href=\"https:\/\/www.20minutes.fr\/dossier\/donald_trump\" target=\"_blank\" class=\"color-ultramarine c-link\" rel=\"nofollow noopener\">Donald Trump<\/a> vient d\u2019accorder un sursis \u00e0 <a href=\"https:\/\/www.20minutes.fr\/high-tech\/tiktok\/\" target=\"_blank\" class=\"color-ultramarine c-link\" rel=\"nofollow noopener\">TikTok<\/a>. Jeudi, le pr\u00e9sident am\u00e9ricain a annonc\u00e9 un nouveau report de la date butoir pour la vente du <a href=\"https:\/\/www.20minutes.fr\/dossier\/reseaux_sociaux\" target=\"_blank\" class=\"color-ultramarine c-link\" rel=\"nofollow noopener\">r\u00e9seau social<\/a> chinois, prolongeant la pression sur sa maison m\u00e8re ByteDance tout en \u00e9vitant pour l\u2019instant l\u2019interdiction de l\u2019application aux <a href=\"https:\/\/www.20minutes.fr\/monde\/etats-unis\/\" target=\"_blank\" class=\"color-ultramarine c-link\" rel=\"nofollow noopener\">Etats-Unis<\/a>. La nouvelle \u00e9ch\u00e9ance est d\u00e9sormais fix\u00e9e au 17\u00a0septembre.<\/p>\n<p>\u00ab\u00a0TikTok reste disponible pour plus de 170\u00a0millions d\u2019utilisateurs am\u00e9ricains et plus de 7,5\u00a0millions d\u2019entreprises\u00a0\u00bb, s\u2019est r\u00e9jouie l\u2019entreprise dans un communiqu\u00e9, saluant \u00ab\u00a0le leadership du pr\u00e9sident Trump\u00a0\u00bb. Le r\u00e9seau social, qui affirme coop\u00e9rer avec les services du vice-pr\u00e9sident <a href=\"https:\/\/www.20minutes.fr\/monde\/vance\/\" target=\"_blank\" class=\"color-ultramarine c-link\" rel=\"nofollow noopener\">J.D. Vance<\/a> sur ce dossier, n\u2019a toutefois pas \u00e9voqu\u00e9 de cession imminente.<\/p>\n<\/p>\n<p>Troisi\u00e8me report depuis\u00a02024<\/p>\n<p>Ce troisi\u00e8me report intervient alors que l\u2019administration Trump attend encore une r\u00e9ponse officielle de <a href=\"https:\/\/www.20minutes.fr\/dossier\/pekin\" target=\"_blank\" class=\"color-ultramarine c-link\" rel=\"nofollow noopener\">P\u00e9kin<\/a> \u00e0 la proposition de rachat, condition impos\u00e9e par une loi vot\u00e9e au <a href=\"https:\/\/www.20minutes.fr\/dossier\/congres\" target=\"_blank\" class=\"color-ultramarine c-link\" rel=\"nofollow noopener\">Congr\u00e8s<\/a> en\u00a02024. Ce texte menace TikTok d\u2019une interdiction sur le sol am\u00e9ricain si ByteDance ne renonce pas \u00e0 son contr\u00f4le. \u00ab\u00a0Le pr\u00e9sident sait que c\u2019est extr\u00eamement populaire\u00a0\u00bb, a insist\u00e9 la porte-parole de la <a href=\"https:\/\/www.20minutes.fr\/dossier\/maison_blanche\" target=\"_blank\" class=\"color-ultramarine c-link\" rel=\"nofollow noopener\">Maison-Blanche<\/a>, Karoline Leavitt. \u00ab\u00a0Il veut aussi prot\u00e9ger des donn\u00e9es et la <a href=\"https:\/\/www.20minutes.fr\/dossier\/vie_privee\" target=\"_blank\" class=\"color-ultramarine c-link\" rel=\"nofollow noopener\">vie priv\u00e9e<\/a> des Am\u00e9ricains, et il pense pouvoir faire les deux en m\u00eame temps.\u00a0\u00bb<\/p>\n<p><a href=\"https:\/\/www.20minutes.fr\/high-tech\/tiktok\/\" target=\"_blank\" class=\"c-link c-btn c-btn--primary\" rel=\"nofollow noopener\">Notre dossier sur TikTok<\/a><\/p>\n<p>A l\u2019origine, cette loi bipartisane visait \u00e0 pr\u00e9venir tout risque d\u2019espionnage ou de manipulation de l\u2019opinion publique par la <a href=\"https:\/\/www.20minutes.fr\/dossier\/chine\" target=\"_blank\" class=\"color-ultramarine c-link\" rel=\"nofollow noopener\">Chine<\/a>, dans un contexte de m\u00e9fiance croissante envers les grandes plateformes num\u00e9riques contr\u00f4l\u00e9es par des entreprises \u00e9trang\u00e8res. Mais alors que ByteDance n\u2019a toujours pas accept\u00e9 le principe d\u2019une cession, le ton semble s\u2019\u00eatre adouci \u00e0 <a href=\"https:\/\/www.20minutes.fr\/dossier\/washington\" target=\"_blank\" class=\"color-ultramarine c-link\" rel=\"nofollow noopener\">Washington<\/a>, o\u00f9 le dossier n\u2019occupe plus les devants de la sc\u00e8ne politique comme il y a quelques mois.<\/p>\n","protected":false},"excerpt":{"rendered":"Donald Trump vient d\u2019accorder un sursis \u00e0 TikTok. Jeudi, le pr\u00e9sident am\u00e9ricain a annonc\u00e9 un nouveau report de&hellip;\n","protected":false},"author":2,"featured_media":189661,"comment_status":"","ping_status":"","sticky":false,"template":"","format":"standard","meta":{"footnotes":""},"categories":[1589],"tags":[47,11,1071,309,75,73,1866,79,74,12,2484,938,2439,1864,1865,1863,308],"class_list":{"0":"post-189660","1":"post","2":"type-post","3":"status-publish","4":"format-standard","5":"has-post-thumbnail","7":"category-etats-unis","8":"tag-actualite","9":"tag-actualites","10":"tag-application-mobile","11":"tag-chine","12":"tag-donald-trump","13":"tag-etats-unis","14":"tag-etats-unis-damerique","15":"tag-j-d-vance","16":"tag-monde","17":"tag-news","18":"tag-pekin","19":"tag-reseaux-sociaux","20":"tag-tiktok","21":"tag-united-states","22":"tag-united-states-of-america","23":"tag-us","24":"tag-usa"},"share_on_mastodon":{"url":"https:\/\/pubeurope.com\/@fr\/114712801789650963","error":""},"_links":{"self":[{"href":"https:\/\/www.europesays.com\/fr\/wp-json\/wp\/v2\/posts\/189660","targetHints":{"allow":["GET"]}}],"collection":[{"href":"https:\/\/www.europesays.com\/fr\/wp-json\/wp\/v2\/posts"}],"about":[{"href":"https:\/\/www.europesays.com\/fr\/wp-json\/wp\/v2\/types\/post"}],"author":[{"embeddable":true,"href":"https:\/\/www.europesays.com\/fr\/wp-json\/wp\/v2\/users\/2"}],"replies":[{"embeddable":true,"href":"https:\/\/www.europesays.com\/fr\/wp-json\/wp\/v2\/comments?post=189660"}],"version-history":[{"count":0,"href":"https:\/\/www.europesays.com\/fr\/wp-json\/wp\/v2\/posts\/189660\/revisions"}],"wp:featuredmedia":[{"embeddable":true,"href":"https:\/\/www.europesays.com\/fr\/wp-json\/wp\/v2\/media\/189661"}],"wp:attachment":[{"href":"https:\/\/www.europesays.com\/fr\/wp-json\/wp\/v2\/media?parent=189660"}],"wp:term":[{"taxonomy":"category","embeddable":true,"href":"https:\/\/www.europesays.com\/fr\/wp-json\/wp\/v2\/categories?post=189660"},{"taxonomy":"post_tag","embeddable":true,"href":"https:\/\/www.europesays.com\/fr\/wp-json\/wp\/v2\/tags?post=189660"}],"curies":[{"name":"wp","href":"https:\/\/api.w.org\/{rel}","templated":true}]}}