{"id":189664,"date":"2025-06-20T00:14:20","date_gmt":"2025-06-20T00:14:20","guid":{"rendered":"https:\/\/www.europesays.com\/fr\/189664\/"},"modified":"2025-06-20T00:14:20","modified_gmt":"2025-06-20T00:14:20","slug":"arcelormittal-annule-un-important-projet-de-decarbonation-en-allemagne-2","status":"publish","type":"post","link":"https:\/\/www.europesays.com\/fr\/189664\/","title":{"rendered":"ArcelorMittal annule un important projet de d\u00e9carbonation en Allemagne"},"content":{"rendered":"<p>Le deuxi\u00e8me sid\u00e9rurgiste mondial ArcelorMittal a annonc\u00e9 jeudi qu&rsquo;il renon\u00e7ait \u00e0 un important investissement dans la d\u00e9carbonation de ses hauts fourneaux sur deux sites en Allemagne invoquant \u00ab\u00a0le manque de rentabilit\u00e9 d&rsquo;une production d&rsquo;acier \u00e0 faible \u00e9mission de CO2\u00a0\u00bb.<\/p>\n<p>Le groupe \u00ab\u00a0ne peut malheureusement pas donner suite \u00e0 ses projets visant \u00e0 d\u00e9carboner ses usines\u00a0\u00bb de Br\u00eame (nord) et Eisenh\u00fcttenstadt (est), indique un communiqu\u00e9 de l&rsquo;aci\u00e9riste qui stoppe un plan de transformation estim\u00e9 \u00e0 2,5 milliards d&rsquo;euros, dont 1,3 milliard d&rsquo;aides publiques, dans un contexte de crise de l&rsquo;acier europ\u00e9en.<\/p>\n","protected":false},"excerpt":{"rendered":"Le deuxi\u00e8me sid\u00e9rurgiste mondial ArcelorMittal a annonc\u00e9 jeudi qu&rsquo;il renon\u00e7ait \u00e0 un important investissement dans la d\u00e9carbonation de&hellip;\n","protected":false},"author":2,"featured_media":189665,"comment_status":"","ping_status":"","sticky":false,"template":"","format":"standard","meta":{"footnotes":""},"categories":[1587],"tags":[17,7662,11,672,17884,13620,1804,1805,23776,1803,33,1777,674,1801,12699,12,1095,1802],"class_list":{"0":"post-189664","1":"post","2":"type-post","3":"status-publish","4":"format-standard","5":"has-post-thumbnail","7":"category-allemagne","8":"tag-17","9":"tag-acier","10":"tag-actualites","11":"tag-allemagne","12":"tag-annule","13":"tag-arcelormittal","14":"tag-bundesrepublik-deutschland","15":"tag-de","16":"tag-decarbonation","17":"tag-deutschland","18":"tag-economie","19":"tag-eu","20":"tag-europe","21":"tag-germany","22":"tag-important","23":"tag-news","24":"tag-projet","25":"tag-republique-federale-dallemagne"},"share_on_mastodon":{"url":"https:\/\/pubeurope.com\/@fr\/114712811302744677","error":""},"_links":{"self":[{"href":"https:\/\/www.europesays.com\/fr\/wp-json\/wp\/v2\/posts\/189664","targetHints":{"allow":["GET"]}}],"collection":[{"href":"https:\/\/www.europesays.com\/fr\/wp-json\/wp\/v2\/posts"}],"about":[{"href":"https:\/\/www.europesays.com\/fr\/wp-json\/wp\/v2\/types\/post"}],"author":[{"embeddable":true,"href":"https:\/\/www.europesays.com\/fr\/wp-json\/wp\/v2\/users\/2"}],"replies":[{"embeddable":true,"href":"https:\/\/www.europesays.com\/fr\/wp-json\/wp\/v2\/comments?post=189664"}],"version-history":[{"count":0,"href":"https:\/\/www.europesays.com\/fr\/wp-json\/wp\/v2\/posts\/189664\/revisions"}],"wp:featuredmedia":[{"embeddable":true,"href":"https:\/\/www.europesays.com\/fr\/wp-json\/wp\/v2\/media\/189665"}],"wp:attachment":[{"href":"https:\/\/www.europesays.com\/fr\/wp-json\/wp\/v2\/media?parent=189664"}],"wp:term":[{"taxonomy":"category","embeddable":true,"href":"https:\/\/www.europesays.com\/fr\/wp-json\/wp\/v2\/categories?post=189664"},{"taxonomy":"post_tag","embeddable":true,"href":"https:\/\/www.europesays.com\/fr\/wp-json\/wp\/v2\/tags?post=189664"}],"curies":[{"name":"wp","href":"https:\/\/api.w.org\/{rel}","templated":true}]}}