{"id":189668,"date":"2025-06-20T00:16:10","date_gmt":"2025-06-20T00:16:10","guid":{"rendered":"https:\/\/www.europesays.com\/fr\/189668\/"},"modified":"2025-06-20T00:16:10","modified_gmt":"2025-06-20T00:16:10","slug":"lue-va-tenter-de-peser-dans-les-negociations-sur-le-nucleaire-iranien","status":"publish","type":"post","link":"https:\/\/www.europesays.com\/fr\/189668\/","title":{"rendered":"L&rsquo;UE va tenter de peser dans les n\u00e9gociations sur le nucl\u00e9aire iranien"},"content":{"rendered":"<p>AFP Videos &#8211; France<\/p>\n<p><a class=\"Td(n) C($inherit) LineClamp(2,45px) D(f) rapidnofollow\" data-uuid=\"a7f1084f-6fbc-364f-8e6b-4b8e696e0290\" href=\"https:\/\/fr.news.yahoo.com\/russie-na-aucune-chance-pays-120831540.html\" data-ylk=\"elm:hdln;itc:0;pos:1;sec:strm;subsec:moreforyou;cpos:18;ct:video;g:a7f1084f-6fbc-364f-8e6b-4b8e696e0290\" data-hosted-type=\"HOSTED\" target=\"_blank\" rel=\"noopener\">La Russie \u00ab\u00a0n&rsquo;a aucune chance\u00a0\u00bb si les pays de l&rsquo;Otan restent unis, selon Kallas<\/a><\/p>\n<p class=\"M(0) C($summaryColor) Fz(14px) Lh(1.43em) LineClamp(3,60px)\">La Russie est une \u00ab\u00a0menace\u00a0\u00bb pour la s\u00e9curit\u00e9 mondiale mais elle n&rsquo;a \u00ab\u00a0aucune chance\u00a0\u00bb si les pays membres de l&rsquo;Otan restent unis, a estim\u00e9 mercredi la cheffe de la diplomatie de l&rsquo;Union europ\u00e9enne Kaja Kallas.\u00a0\u00bbPendant la Guerre froide, les Etats-Unis et leurs alli\u00e9s ont largement surpass\u00e9 l&rsquo;Union sovi\u00e9tique (&#8230;) Aujourd&rsquo;hui, face \u00e0 l&rsquo;Otan et l&rsquo;UE, la Russie n&rsquo;a aucune chance. Mais nous devons rester unis\u00a0\u00bb, a-t-elle d\u00e9clar\u00e9 depuis le Parlement europ\u00e9en \u00e0 Strasbourg \u00e0 quelques jours d&rsquo;un sommet de l&rsquo;Alliance atlantique \u00e0 La Haye.L&rsquo;Otan\u00a0compte 32 pays, dont 23\u00a0sont aussi membres de l\u2019UE.Les d\u00e9clarations du pr\u00e9sident am\u00e9ricain Donald Trump vis-\u00e0-vis de la Russie seront scrut\u00e9es avec attention lors du sommet des 24 et 25 juin aux Pays-Bas.A l&rsquo;issue du sommet du G7 au Canada, marqu\u00e9 par le d\u00e9part anticip\u00e9 du locataire de la Maison Blanche, les grandes d\u00e9mocraties industrialis\u00e9es n&rsquo;ont pas publi\u00e9 de d\u00e9claration commune d\u00e9non\u00e7ant l'\u00a0\u00bbagression russe\u00a0\u00bb en Ukraine, contrairement aux ann\u00e9es pr\u00e9c\u00e9dentes quand Joe Biden \u00e9tait \u00e0 la t\u00eate des Etats-Unis.Pour Kaja Kallas, il est indispensable que l&rsquo;ensemble des membres de l&rsquo;Otan d\u00e9montrent qu&rsquo;ils sont sur la m\u00eame ligne.\u00a0\u00bbLa Russie est d\u00e9j\u00e0 une menace directe pour l&rsquo;Union europ\u00e9enne\u00a0\u00bb, a-t-elle affirm\u00e9.\u00a0\u00bbCeux qui partagent une fronti\u00e8re avec la Russie ont toujours ressenti plus fortement ses provocations. Ceux d&rsquo;entre nous qui ont subi l&rsquo;imp\u00e9rialisme sovi\u00e9tique le ressentent le plus\u00a0\u00bb, a soulign\u00e9 l&rsquo;ancienne Premi\u00e8re ministre de l&rsquo;Estonie, Etat balte voisin de la Russie.\u00a0\u00ab\u00a0Mais la menace de la Russie pour la s\u00e9curit\u00e9 transatlantique est un probl\u00e8me pour nous tous\u00a0\u00bb, a-t-elle martel\u00e9.jca\/adc\/pz<\/p>\n","protected":false},"excerpt":{"rendered":"AFP Videos &#8211; France La Russie \u00ab\u00a0n&rsquo;a aucune chance\u00a0\u00bb si les pays de l&rsquo;Otan restent unis, selon Kallas&hellip;\n","protected":false},"author":2,"featured_media":189669,"comment_status":"","ping_status":"","sticky":false,"template":"","format":"standard","meta":{"footnotes":""},"categories":[1586],"tags":[11,1777,674,1779,1011,27,7738,2288,12,25,1778,364],"class_list":{"0":"post-189668","1":"post","2":"type-post","3":"status-publish","4":"format-standard","5":"has-post-thumbnail","7":"category-europe","8":"tag-actualites","9":"tag-eu","10":"tag-europe","11":"tag-european-union","12":"tag-fr","13":"tag-france","14":"tag-lunion-europeenne","15":"tag-ministres-des-affaires-etrangeres","16":"tag-news","17":"tag-republique-francaise","18":"tag-ue","19":"tag-union-europeenne"},"share_on_mastodon":{"url":"","error":""},"_links":{"self":[{"href":"https:\/\/www.europesays.com\/fr\/wp-json\/wp\/v2\/posts\/189668","targetHints":{"allow":["GET"]}}],"collection":[{"href":"https:\/\/www.europesays.com\/fr\/wp-json\/wp\/v2\/posts"}],"about":[{"href":"https:\/\/www.europesays.com\/fr\/wp-json\/wp\/v2\/types\/post"}],"author":[{"embeddable":true,"href":"https:\/\/www.europesays.com\/fr\/wp-json\/wp\/v2\/users\/2"}],"replies":[{"embeddable":true,"href":"https:\/\/www.europesays.com\/fr\/wp-json\/wp\/v2\/comments?post=189668"}],"version-history":[{"count":0,"href":"https:\/\/www.europesays.com\/fr\/wp-json\/wp\/v2\/posts\/189668\/revisions"}],"wp:featuredmedia":[{"embeddable":true,"href":"https:\/\/www.europesays.com\/fr\/wp-json\/wp\/v2\/media\/189669"}],"wp:attachment":[{"href":"https:\/\/www.europesays.com\/fr\/wp-json\/wp\/v2\/media?parent=189668"}],"wp:term":[{"taxonomy":"category","embeddable":true,"href":"https:\/\/www.europesays.com\/fr\/wp-json\/wp\/v2\/categories?post=189668"},{"taxonomy":"post_tag","embeddable":true,"href":"https:\/\/www.europesays.com\/fr\/wp-json\/wp\/v2\/tags?post=189668"}],"curies":[{"name":"wp","href":"https:\/\/api.w.org\/{rel}","templated":true}]}}