{"id":189680,"date":"2025-06-20T00:23:13","date_gmt":"2025-06-20T00:23:13","guid":{"rendered":"https:\/\/www.europesays.com\/fr\/189680\/"},"modified":"2025-06-20T00:23:13","modified_gmt":"2025-06-20T00:23:13","slug":"atp-andy-murray-le-fait-que-federer-nadal-et-djokovic-soient-presentes-comme-le-big-3-ne-mempeche-pas-de-dormir-la-nuit-je-ne-pretendrais-jamais-etre-au-meme-niveau-qu","status":"publish","type":"post","link":"https:\/\/www.europesays.com\/fr\/189680\/","title":{"rendered":"ATP > Andy Murray : \u00ab\u00a0Le fait que Federer, Nadal et Djokovic soient pr\u00e9sent\u00e9s comme le \u00ab\u00a0Big 3\u00a0\u00bb ne m&#8217;emp\u00eache pas de dormir la nuit. Je ne pr\u00e9tendrais jamais \u00eatre au m\u00eame niveau qu\u2019eux\u00a0\u00bb"},"content":{"rendered":"<p>Connu pour ses coups de sang sur le court ou encore son humour \u00ab\u202fso british\u202f\u00bb, Andy Murray l\u2019est \u00e9gale\u00adment pour son humilit\u00e9.<\/p>\n<p>R\u00e9cemment inter\u00adrog\u00e9 en marge d\u2019un \u00e9v\u00e8ne\u00adment orga\u00adnis\u00e9 en \u00c9cosse, l\u2019an\u00adcien num\u00e9ro 1 mondial, apr\u00e8s \u00eatre revenu sur sa courte colla\u00adbo\u00adra\u00adtion avec Novak Djokovic, a \u00e9voqu\u00e9 sa rela\u00adtion avec ses trois grands rivaux qui sont r\u00e9gu\u00adli\u00e8\u00adre\u00adment pr\u00e9sent\u00e9s comme le \u00ab\u202fBig\u00a03\u202f\u00bb.<\/p>\n<p>Une appel\u00adla\u00adtion qui ne lui pose aucun probl\u00e8me\u00a0: <strong>\u00ab\u202fCe n\u2019est pas impor\u00adtant. Ce n\u2019est pas quelque chose qui m\u2019emp\u00eache de dormir la nuit. Je suis tout \u00e0 fait conscient que ce que ces gars ont accompli est bien plus grand que tout ce que j\u2019ai fait. Je ne pr\u00e9ten\u00addrais jamais \u00eatre au m\u00eame niveau qu\u2019eux.\u202f\u00bb<\/strong><\/p>\n<p class=\"post-published-date\" style=\"color: silver; font-size: 75%; text-align: left;\">Publi\u00e9 le jeudi 19 juin 2025 \u00e0 19:19<\/p>\n","protected":false},"excerpt":{"rendered":"Connu pour ses coups de sang sur le court ou encore son humour \u00ab\u202fso british\u202f\u00bb, Andy Murray l\u2019est&hellip;\n","protected":false},"author":2,"featured_media":173220,"comment_status":"","ping_status":"","sticky":false,"template":"","format":"standard","meta":{"footnotes":""},"categories":[1415],"tags":[4737,105,2199,1011,27,1960,60,1467],"class_list":{"0":"post-189680","1":"post","2":"type-post","3":"status-publish","4":"format-standard","5":"has-post-thumbnail","7":"category-tennis","8":"tag-andy-murray","9":"tag-djokovic","10":"tag-federer","11":"tag-fr","12":"tag-france","13":"tag-nadal","14":"tag-sports","15":"tag-tennis"},"share_on_mastodon":{"url":"https:\/\/pubeurope.com\/@fr\/114712844858417879","error":""},"_links":{"self":[{"href":"https:\/\/www.europesays.com\/fr\/wp-json\/wp\/v2\/posts\/189680","targetHints":{"allow":["GET"]}}],"collection":[{"href":"https:\/\/www.europesays.com\/fr\/wp-json\/wp\/v2\/posts"}],"about":[{"href":"https:\/\/www.europesays.com\/fr\/wp-json\/wp\/v2\/types\/post"}],"author":[{"embeddable":true,"href":"https:\/\/www.europesays.com\/fr\/wp-json\/wp\/v2\/users\/2"}],"replies":[{"embeddable":true,"href":"https:\/\/www.europesays.com\/fr\/wp-json\/wp\/v2\/comments?post=189680"}],"version-history":[{"count":0,"href":"https:\/\/www.europesays.com\/fr\/wp-json\/wp\/v2\/posts\/189680\/revisions"}],"wp:featuredmedia":[{"embeddable":true,"href":"https:\/\/www.europesays.com\/fr\/wp-json\/wp\/v2\/media\/173220"}],"wp:attachment":[{"href":"https:\/\/www.europesays.com\/fr\/wp-json\/wp\/v2\/media?parent=189680"}],"wp:term":[{"taxonomy":"category","embeddable":true,"href":"https:\/\/www.europesays.com\/fr\/wp-json\/wp\/v2\/categories?post=189680"},{"taxonomy":"post_tag","embeddable":true,"href":"https:\/\/www.europesays.com\/fr\/wp-json\/wp\/v2\/tags?post=189680"}],"curies":[{"name":"wp","href":"https:\/\/api.w.org\/{rel}","templated":true}]}}