{"id":189694,"date":"2025-06-20T00:32:17","date_gmt":"2025-06-20T00:32:17","guid":{"rendered":"https:\/\/www.europesays.com\/fr\/189694\/"},"modified":"2025-06-20T00:32:17","modified_gmt":"2025-06-20T00:32:17","slug":"anne-elisabeth-lemoine-choquee-par-le-comportement-de-bertrand-chameroy-elle-lepingle-en-direct","status":"publish","type":"post","link":"https:\/\/www.europesays.com\/fr\/189694\/","title":{"rendered":"Anne-Elisabeth Lemoine choqu\u00e9e par le comportement de Bertrand Chameroy : elle l\u2019\u00e9pingle en direct"},"content":{"rendered":"<p data-start=\"104\" data-end=\"605\"><a href=\"https:\/\/www.closermag.fr\/people\/roland-garros-anne-elisabeth-lemoine-et-bertrand-chameroy-ne-se-cachent-presque-plus-3552462\" target=\"_blank\" rel=\"noopener\"><br \/>\nAnne-Elisabeth Lemoine<\/a> <strong>choqu\u00e9e<\/strong> par son<br \/>\nchroniqueur <strong>Bertrand Chameroy<\/strong>. Ambiance hilarante<br \/>\nsur le plateau de C \u00e0 vous<br \/>\nce jeudi 19 juin 2025. \u00c0 l\u2019approche du week-end, Bertrand Chameroy<br \/>\na livr\u00e9 une <strong>chronique particuli\u00e8rement d\u00e9jant\u00e9e<\/strong>,<br \/>\ncentr\u00e9e sur les <strong>vid\u00e9os<\/strong> souvenirs post\u00e9es par<br \/>\nEmmanuel Macron \u00e0 son retour du sommet du G7 au<br \/>\n<strong>Canada<\/strong>. <strong>Imitations<\/strong> \u00e0 la cha\u00eene,<br \/>\n<strong>grimaces<\/strong>, <strong>accents<\/strong> forc\u00e9s et<br \/>\n<strong>clins d\u2019\u0153il<\/strong> : le <strong>chroniqueur est all\u00e9 tr\u00e8s<br \/>\n(tr\u00e8s) loin.<\/strong> Au point de d\u00e9sar\u00e7onner Anne-Elisabeth<br \/>\nLemoine, pourtant habitu\u00e9e \u00e0 ses <strong>exc\u00e8s<br \/>\nd\u2019humour.<\/strong><\/p>\n<p data-start=\"607\" data-end=\"1205\">D\u00e8s les premi\u00e8res minutes,<br \/>\n<a href=\"https:\/\/www.closermag.fr\/people\/anne-elisabeth-lemoine-et-bertrand-chameroy-leur-apparition-a-roland-garros-na-echappe-a-personne-3553085\" target=\"_blank\" rel=\"noopener\"><br \/>\nBertrand Chameroy<\/a> parodie le chef de l\u2019\u00c9tat en pleine s\u00e9quence<br \/>\nde communication. \u201cJe vais te dire un truc mon pote, ce que tu<br \/>\nfais dans C \u00e0 vous, c\u2019est g\u00e9nial, parce que l\u2019\u0153il de pierre l\u00e0, tu<br \/>\nvois, tous les soirs, c\u2019est du g\u00e9nie mon pote.\u201d lance-t-il,<br \/>\n<strong>mimant \u00e0 la perfection la voix et les tics du<br \/>\npr\u00e9sident.<\/strong> Un peu plus tard, il tourne en d\u00e9rision le<br \/>\nlangage du pr\u00e9sident \u00e0 propos du Proche-Orient \u201c<strong>Gaza.<br \/>\nTac-tac. J\u2019ai pas encore fait ma bilat<\/strong>.\u2019\u2019 dit<br \/>\n<a href=\"https:\/\/www.closermag.fr\/politique\/emmanuel-macron-loin-de-brigitte-un-echange-intime-capte-en-video-les-explications-sont-alambiquees-3555477\" target=\"_blank\" rel=\"noopener\"><br \/>\nEmmanuel Macron<\/a>. Bertrand Chameroy parodie. \u201c<strong>5\/5.<br \/>\nTac-Tac.<\/strong> Non j\u2019ai <strong>pas encore<br \/>\nfait mon pilate avec Patrick.<\/strong> On a cours \u00e0<br \/>\n13h15.\u201d<\/p>\n<p>Des gestes de singe en direct<br \/>\n: Anne-Elisabeth Lemoine d\u00e9contenanc\u00e9e<\/p>\n<p data-start=\"1285\" data-end=\"1743\">Mais c\u2019est en fin de chronique<br \/>\nque Bertrand Chameroy franchit un <strong>nouveau cap.<\/strong><br \/>\nLors d\u2019une imitation d\u2019Emmanuel Macron en pleine s\u00e9ance de<br \/>\n\u201c<strong>serrage de main<\/strong>\u2019\u2019, le chroniqueur mime<br \/>\ndes <strong>gestes et des bruits de de singe.<\/strong> La s\u00e9quence<br \/>\namuse le public. Mais Anne-Elisabeth Lemoine, entre deux \u00e9clats de<br \/>\nrire, est <strong>choqu\u00e9e<\/strong>. \u201c<strong>Il est devenu fou<br \/>\n!<\/strong>\u2019\u2019<\/p>\n<p data-start=\"1745\" data-end=\"2056\">Bien qu\u2019elle reste<br \/>\n<strong>complice<\/strong> avec son chroniqueur, la pr\u00e9sentatrice<br \/>\nAnne-Elisabeth Lemoine ne <strong>masque pas totalement sa<br \/>\nsurprise<\/strong> face \u00e0 une telle <strong>d\u00e9bauche<\/strong><br \/>\nd\u2019impertinence. Les <strong>limites de la parodie<\/strong> sont<br \/>\nvisiblement franchies pour certains. M\u00eame si les fid\u00e8les de<br \/>\nl\u2019\u00e9mission savent \u00e0 quoi s\u2019attendre chaque soir avec Bertrand<br \/>\nChameroy.<\/p>\n<p>\u201cJe ne serai jamais pr\u00e9sident\u201d<\/p>\n<p data-start=\"2099\" data-end=\"2365\">Toujours aussi<br \/>\n<strong>provocateur<\/strong>, Bertrand Chameroy conclut sa<br \/>\nchronique par une d\u00e9claration lucide et ironique. \u201c<strong>Je<br \/>\nne serai jamais pr\u00e9sident<\/strong>.\u2019\u2019 Un clin d\u2019\u0153il \u00e0 ses<br \/>\nnombreuses caricatures du pouvoir.<\/p>\n<p data-start=\"2367\" data-end=\"2643\" data-is-last-node=\"\" data-is-only-node=\"\">Si cette chronique restera probablement dans<br \/>\nles annales de C \u00e0 vous,<br \/>\nelle rappelle aussi les <strong>risques pris par le<br \/>\nchroniqueur<\/strong> \u00e0 la t\u00e9l\u00e9vision. Et Anne-Elisabeth Lemoine,<br \/>\n<strong>entre ses rires sinc\u00e8res et un regard inquiet<\/strong>, en<br \/>\na parfaitement conscience.<\/p>\n","protected":false},"excerpt":{"rendered":"Anne-Elisabeth Lemoine choqu\u00e9e par son chroniqueur Bertrand Chameroy. Ambiance hilarante sur le plateau de C \u00e0 vous ce&hellip;\n","protected":false},"author":2,"featured_media":189695,"comment_status":"","ping_status":"","sticky":false,"template":"","format":"standard","meta":{"footnotes":""},"categories":[1356],"tags":[5631,548,11343,5632,58,59,1011,27,252,1364],"class_list":{"0":"post-189694","1":"post","2":"type-post","3":"status-publish","4":"format-standard","5":"has-post-thumbnail","7":"category-television","8":"tag-anne-elisabeth-lemoine","9":"tag-article-simple","10":"tag-bertrand-chameroy","11":"tag-c-a-vous","12":"tag-divertissement","13":"tag-entertainment","14":"tag-fr","15":"tag-france","16":"tag-television","17":"tag-tv"},"share_on_mastodon":{"url":"https:\/\/pubeurope.com\/@fr\/114712880466797748","error":""},"_links":{"self":[{"href":"https:\/\/www.europesays.com\/fr\/wp-json\/wp\/v2\/posts\/189694","targetHints":{"allow":["GET"]}}],"collection":[{"href":"https:\/\/www.europesays.com\/fr\/wp-json\/wp\/v2\/posts"}],"about":[{"href":"https:\/\/www.europesays.com\/fr\/wp-json\/wp\/v2\/types\/post"}],"author":[{"embeddable":true,"href":"https:\/\/www.europesays.com\/fr\/wp-json\/wp\/v2\/users\/2"}],"replies":[{"embeddable":true,"href":"https:\/\/www.europesays.com\/fr\/wp-json\/wp\/v2\/comments?post=189694"}],"version-history":[{"count":0,"href":"https:\/\/www.europesays.com\/fr\/wp-json\/wp\/v2\/posts\/189694\/revisions"}],"wp:featuredmedia":[{"embeddable":true,"href":"https:\/\/www.europesays.com\/fr\/wp-json\/wp\/v2\/media\/189695"}],"wp:attachment":[{"href":"https:\/\/www.europesays.com\/fr\/wp-json\/wp\/v2\/media?parent=189694"}],"wp:term":[{"taxonomy":"category","embeddable":true,"href":"https:\/\/www.europesays.com\/fr\/wp-json\/wp\/v2\/categories?post=189694"},{"taxonomy":"post_tag","embeddable":true,"href":"https:\/\/www.europesays.com\/fr\/wp-json\/wp\/v2\/tags?post=189694"}],"curies":[{"name":"wp","href":"https:\/\/api.w.org\/{rel}","templated":true}]}}