{"id":189724,"date":"2025-06-20T00:48:15","date_gmt":"2025-06-20T00:48:15","guid":{"rendered":"https:\/\/www.europesays.com\/fr\/189724\/"},"modified":"2025-06-20T00:48:15","modified_gmt":"2025-06-20T00:48:15","slug":"rendons-tifen-au-rc-toulon","status":"publish","type":"post","link":"https:\/\/www.europesays.com\/fr\/189724\/","title":{"rendered":"Rendons Tifen au RC Toulon !"},"content":{"rendered":"<p>Quelques \u00ab\u00a0approximations\u00a0\u00bb dans les \u00e9l\u00e9ments transmis ont perturb\u00e9 notre article dat\u00e9 du 16\u00a0juin, et consacr\u00e9 au boum\u00a0du rugby \u00e0 Oraison. Les corrections s\u2019imposent\u00a0: Tifen Lesieu, n\u00e9e en 2003, a fr\u00e9quent\u00e9 le club d\u2019Oraison de 2008 \u00e0 2019 avant trois ann\u00e9es au Montpellier H\u00e9rault Rugby. Ces deux derni\u00e8res saisons, elle \u00e9voluait au RC Toulon, avec lequel elle a \u00e9t\u00e9 s\u00e9lectionn\u00e9e comme talonneuse dans l\u2019\u00e9quipe de France des \u2013 de 20 ans. Elle disputera les 5, 11 et 17\u00a0juillet, pr\u00e8s de Cardiff, le 6 Nations Women Summer contre face \u00e0 l\u2019Angleterre, l\u2019Italie et l\u2019Irlande.<\/p>\n","protected":false},"excerpt":{"rendered":"Quelques \u00ab\u00a0approximations\u00a0\u00bb dans les \u00e9l\u00e9ments transmis ont perturb\u00e9 notre article dat\u00e9 du 16\u00a0juin, et consacr\u00e9 au boum\u00a0du rugby&hellip;\n","protected":false},"author":2,"featured_media":189725,"comment_status":"","ping_status":"","sticky":false,"template":"","format":"standard","meta":{"footnotes":""},"categories":[9619],"tags":[1111,11,4521,1777,674,1011,27,17023,12,882,25,479,2310,10430],"class_list":{"0":"post-189724","1":"post","2":"type-post","3":"status-publish","4":"format-standard","5":"has-post-thumbnail","7":"category-toulon","8":"tag-actu","9":"tag-actualites","10":"tag-edition-hautes-alpes-alpes-de-haute-provence","11":"tag-eu","12":"tag-europe","13":"tag-fr","14":"tag-france","15":"tag-manosque","16":"tag-news","17":"tag-provence-alpes-cote-dazur","18":"tag-republique-francaise","19":"tag-rugby","20":"tag-toulon","21":"tag-ubaye-pays-de-seyne"},"share_on_mastodon":{"url":"https:\/\/pubeurope.com\/@fr\/114712943268055774","error":""},"_links":{"self":[{"href":"https:\/\/www.europesays.com\/fr\/wp-json\/wp\/v2\/posts\/189724","targetHints":{"allow":["GET"]}}],"collection":[{"href":"https:\/\/www.europesays.com\/fr\/wp-json\/wp\/v2\/posts"}],"about":[{"href":"https:\/\/www.europesays.com\/fr\/wp-json\/wp\/v2\/types\/post"}],"author":[{"embeddable":true,"href":"https:\/\/www.europesays.com\/fr\/wp-json\/wp\/v2\/users\/2"}],"replies":[{"embeddable":true,"href":"https:\/\/www.europesays.com\/fr\/wp-json\/wp\/v2\/comments?post=189724"}],"version-history":[{"count":0,"href":"https:\/\/www.europesays.com\/fr\/wp-json\/wp\/v2\/posts\/189724\/revisions"}],"wp:featuredmedia":[{"embeddable":true,"href":"https:\/\/www.europesays.com\/fr\/wp-json\/wp\/v2\/media\/189725"}],"wp:attachment":[{"href":"https:\/\/www.europesays.com\/fr\/wp-json\/wp\/v2\/media?parent=189724"}],"wp:term":[{"taxonomy":"category","embeddable":true,"href":"https:\/\/www.europesays.com\/fr\/wp-json\/wp\/v2\/categories?post=189724"},{"taxonomy":"post_tag","embeddable":true,"href":"https:\/\/www.europesays.com\/fr\/wp-json\/wp\/v2\/tags?post=189724"}],"curies":[{"name":"wp","href":"https:\/\/api.w.org\/{rel}","templated":true}]}}