{"id":189728,"date":"2025-06-20T00:50:33","date_gmt":"2025-06-20T00:50:33","guid":{"rendered":"https:\/\/www.europesays.com\/fr\/189728\/"},"modified":"2025-06-20T00:50:33","modified_gmt":"2025-06-20T00:50:33","slug":"plus-fraiche-ma-ville-montpellier-sengage-pour-un-ete-plus-vivable-2","status":"publish","type":"post","link":"https:\/\/www.europesays.com\/fr\/189728\/","title":{"rendered":"Plus fra\u00eeche ma ville : Montpellier s&rsquo;engage pour un \u00e9t\u00e9 plus vivable"},"content":{"rendered":"<p><img loading=\"lazy\" decoding=\"async\" alt=\"\u00a9 L. Severac \/ Montpellier - Sylvain Waserman, pr\u00e9sident de l'Ademe (\u00e0 gauche), et Micha\u00ebl Delafosse, maire de Montpellier, signent la charte &quot; fra\u00eeche ma ville&quot; sur l'esplanade Charles-de-Gaulle, le 21 mai.\" data-zoom-src=\"https:\/\/www.europesays.com\/fr\/wp-content\/uploads\/2025\/06\/initial-1-montpellier-sylvain-waserman-president-ademe-michael-delafosse-maire-montpellier-plus-frai.jpeg\" data-zoomable=\"\" height=\"702\" src=\"https:\/\/www.europesays.com\/fr\/wp-content\/uploads\/2025\/06\/initial-1-montpellier-sylvain-waserman-president-ademe-michael-delafosse-maire-montpellier-plus-frai.jpeg\" width=\"1248\"\/>  <\/p>\n<p class=\"article-desc\">\u00a9 L. Severac \/ Montpellier &#8211; Sylvain Waserman, pr\u00e9sident de l&rsquo;Ademe (\u00e0 gauche), et Micha\u00ebl Delafosse, maire de Montpellier, signent la charte \u00a0\u00bb fra\u00eeche ma ville\u00a0\u00bb sur l&rsquo;esplanade Charles-de-Gaulle, le 21 mai. <\/p>\n<p><strong>Montpellier<\/strong> a franchi une nouvelle \u00e9tape dans sa lutte contre <a href=\"https:\/\/mesinfos.fr\/13000-marseille\/sommet-climate-chance-reflechir-a-un-plan-d-adaptation-face-a-l-urgence-climatique-219626.html\" rel=\"noopener nofollow\" target=\"_blank\">le r\u00e9chauffement climatique<\/a>. Sur l&rsquo;esplanade Charles-de-Gaulle \u00e0 Montpellier, le maire Micha\u00ebl Delafosse et Sylvain Waserman, pr\u00e9sident-directeur g\u00e9n\u00e9ral de l&rsquo;Ademe \u2013 l&rsquo;Agence de la transition \u00e9cologique-, ont sign\u00e9 la <strong>charte nationale \u00ab\u00a0Plus fra\u00eeche ma ville\u00a0\u00bb<\/strong>. Ce partenariat, concr\u00e9tis\u00e9 le 21 mai, vise \u00e0 structurer et \u00e0 renforcer les politiques locales d&rsquo;adaptation au changement climatique, avec un accent particulier sur la lutte contre les \u00eelots de chaleur urbains. <\/p>\n<p>\u00c0 Montpellier, la chaleur n&rsquo;est plus un simple d\u00e9sagr\u00e9ment estival. Avec la multiplication des <strong>\u00e9pisodes caniculaires<\/strong>, la temp\u00e9rature d\u00e9passe parfois les 40\u00b0C en centre-ville. Sylvain Waserman alerte sur l&rsquo;urgence de la situation. \u00ab\u00a0Il est temps de rafra\u00eechir nos centres-villes pour pr\u00e9server la sant\u00e9, le confort et la qualit\u00e9 de vie de tous\u00a0\u00bb, souligne-t-il. Dans ce contexte, la Municipalit\u00e9 entend acc\u00e9l\u00e9rer sa transition vers un urbanisme adapt\u00e9 \u00e0 un climat de plus en plus marqu\u00e9 par les <strong>vagues de s\u00e9cheresse <\/strong>et de <strong>fortes chaleurs<\/strong>.<\/p>\n<p> L&rsquo;esplanade Charles-de-Gaulle, un laboratoire \u00e0 ciel ouvert <img decoding=\"async\" alt=\"\" class=\"img-size-limited\" data-zoomable=\"\" height=\"600\" loading=\"lazy\" src=\"https:\/\/www.europesays.com\/fr\/wp-content\/uploads\/2025\/06\/1750380633_76_2-montpellier-plus-fraiche-ma-ville-180625-aletheia-press-anna-schutz.jpg\" width=\"800\"\/> <\/p>\n<p>Les am\u00e9nagements sur l&rsquo;esplanade Charles-de-Gaulle \u00e0 Montpellier, transform\u00e9e pour mieux faire face aux fortes chaleurs urbaines. \u00a9 Aletheia Press \/ Anna Sch\u00fctz <\/p>\n<p>C&rsquo;est symboliquement sur l&rsquo;esplanade Charles-de-Gaulle, d\u00e9j\u00e0 en cours de transformation, que la charte a \u00e9t\u00e9 sign\u00e9e. Ce vaste espace min\u00e9ral, au c\u0153ur de la ville, fait actuellement l&rsquo;objet de <strong>travaux de v\u00e9g\u00e9talisation <\/strong>et de<strong> d\u00e9simperm\u00e9abilisation<\/strong>, deux axes centraux du plan municipal. \u00ab\u00a0Ici, les travaux men\u00e9s nous permettront de r\u00e9duire les temp\u00e9ratures de 2 \u00e0 7\u00b0C\u00a0\u00bb, explique Micha\u00ebl Delafosse, mettant en avant l&rsquo;impact mesurable de ces am\u00e9nagements. <\/p>\n<p>La charte \u00ab\u00a0Plus fra\u00eeche ma ville\u00a0\u00bb propose une feuille de route claire :<strong> v\u00e9g\u00e9talisation des rues<\/strong>, toitures et fa\u00e7ades ; <strong>d\u00e9veloppement de zones d&rsquo;ombre naturelles<\/strong> ; <strong>gestion de l&rsquo;eau en surface et utilisation de rev\u00eatements perm\u00e9ables<\/strong>. Pour soutenir ces engagements, un outil num\u00e9rique permet de suivre les avanc\u00e9es et de partager les bonnes pratiques entre collectivit\u00e9s.<\/p>\n<p>Sylvain Waserman salue cette mobilisation locale : \u00ab\u00a0Les solutions existent, elles sont connues, efficaces, et la coop\u00e9ration avec les territoires est essentielle pour les g\u00e9n\u00e9raliser.\u00a0\u00bb L&rsquo;enjeu n&rsquo;est plus l&rsquo;exp\u00e9rimentation, mais bien la diffusion rapide des strat\u00e9gies qui fonctionnent. <\/p>\n<p>Une strat\u00e9gie inscrite dans le temps long <\/p>\n<p>La signature de cette charte s&rsquo;inscrit dans la continuit\u00e9 des actions men\u00e9es depuis 2020 par la municipalit\u00e9. <strong>Plantation de 50 000 arbres<\/strong>, transformation de la place Max Rouquette,<a href=\"https:\/\/mesinfos.fr\/74000-annecy\/a-annecy-la-vegetalisation-des-cours-d-ecoles-se-poursuit-207499.html\" rel=\"noopener nofollow\" target=\"_blank\"> v\u00e9g\u00e9talisation des cours d&rsquo;\u00e9cole<\/a> : autant de mesures qui incarnent, selon Micha\u00ebl Delafosse, \u00ab\u00a0la volont\u00e9 de concilier urgence climatique et embellissement de notre cadre de vie\u00a0\u00bb. Cet engagement se veut aussi une r\u00e9ponse concr\u00e8te \u00e0 un \u00e9v\u00e9nement marquant : en 2019, le thermom\u00e8tre affichait 49\u00b0C sur la place de la Com\u00e9die, un symbole des <strong>d\u00e9r\u00e8glements climatiques en cours<\/strong>.<\/p>\n","protected":false},"excerpt":{"rendered":"\u00a9 L. Severac \/ Montpellier &#8211; Sylvain Waserman, pr\u00e9sident de l&rsquo;Ademe (\u00e0 gauche), et Micha\u00ebl Delafosse, maire de&hellip;\n","protected":false},"author":2,"featured_media":188713,"comment_status":"","ping_status":"","sticky":false,"template":"","format":"standard","meta":{"footnotes":""},"categories":[9599],"tags":[1111,11,6698,1777,674,1011,27,2208,12,2680,25,27202],"class_list":{"0":"post-189728","1":"post","2":"type-post","3":"status-publish","4":"format-standard","5":"has-post-thumbnail","7":"category-montpellier","8":"tag-actu","9":"tag-actualites","10":"tag-canicule","11":"tag-eu","12":"tag-europe","13":"tag-fr","14":"tag-france","15":"tag-montpellier","16":"tag-news","17":"tag-occitanie","18":"tag-republique-francaise","19":"tag-vigilance-orange"},"share_on_mastodon":{"url":"https:\/\/pubeurope.com\/@fr\/114712951149808032","error":""},"_links":{"self":[{"href":"https:\/\/www.europesays.com\/fr\/wp-json\/wp\/v2\/posts\/189728","targetHints":{"allow":["GET"]}}],"collection":[{"href":"https:\/\/www.europesays.com\/fr\/wp-json\/wp\/v2\/posts"}],"about":[{"href":"https:\/\/www.europesays.com\/fr\/wp-json\/wp\/v2\/types\/post"}],"author":[{"embeddable":true,"href":"https:\/\/www.europesays.com\/fr\/wp-json\/wp\/v2\/users\/2"}],"replies":[{"embeddable":true,"href":"https:\/\/www.europesays.com\/fr\/wp-json\/wp\/v2\/comments?post=189728"}],"version-history":[{"count":0,"href":"https:\/\/www.europesays.com\/fr\/wp-json\/wp\/v2\/posts\/189728\/revisions"}],"wp:featuredmedia":[{"embeddable":true,"href":"https:\/\/www.europesays.com\/fr\/wp-json\/wp\/v2\/media\/188713"}],"wp:attachment":[{"href":"https:\/\/www.europesays.com\/fr\/wp-json\/wp\/v2\/media?parent=189728"}],"wp:term":[{"taxonomy":"category","embeddable":true,"href":"https:\/\/www.europesays.com\/fr\/wp-json\/wp\/v2\/categories?post=189728"},{"taxonomy":"post_tag","embeddable":true,"href":"https:\/\/www.europesays.com\/fr\/wp-json\/wp\/v2\/tags?post=189728"}],"curies":[{"name":"wp","href":"https:\/\/api.w.org\/{rel}","templated":true}]}}