{"id":189729,"date":"2025-06-20T00:53:16","date_gmt":"2025-06-20T00:53:16","guid":{"rendered":"https:\/\/www.europesays.com\/fr\/189729\/"},"modified":"2025-06-20T00:53:16","modified_gmt":"2025-06-20T00:53:16","slug":"grenoble-tarifs-parcours-de-visites-horaires-on-en-sait-plus-sur-la-reouverture-de-la-tour-perret","status":"publish","type":"post","link":"https:\/\/www.europesays.com\/fr\/189729\/","title":{"rendered":"Grenoble. Tarifs, parcours de visites, horaires\u2026 on en sait plus sur la r\u00e9ouverture de la Tour Perret"},"content":{"rendered":"<p>Envelopp\u00e9e depuis plusieurs mois dans un immense \u00e9chafaudage, la <a href=\"https:\/\/www.ledauphine.com\/d\/le-chantier-de-la-tour-perret-l-un-des-emblemes-de-grenoble-9b489fe4-faa0-4d3f-bccf-c76e6e4a9be1\" target=\"_blank\" rel=\"noopener\">tour con\u00e7ue par Auguste Perret<\/a> continue sa mue \u00e0 l\u2019abri des regards. Au milieu du parc Paul-Mistral, le seul vestige de l\u2019exposition internationale de la houille blanche et du tourisme accueillie dans la capitale des Alpes en 1925, est en travaux depuis plus d\u2019un an. Un chantier titanesque, pour un montant de plus de quinze millions d\u2019euros, qui doit redonner vie \u00e0 l\u2019\u00e9difice en b\u00e9ton arm\u00e9, tr\u00e8s ab\u00eem\u00e9 par le temps.<\/p>\n<p>Un chantier qui est aussi un <a href=\"https:\/\/www.ledauphine.com\/culture-loisirs\/2024\/02\/15\/isere-grenoble-la-tour-perret-a-commence-sa-mue\" target=\"_blank\" rel=\"noopener\"> vrai d\u00e9fi technique<\/a> , tant pour la restauration du b\u00e9ton encore m\u00e9connue, que pour la difficult\u00e9 de travailler tout en vertical. Ces derniers mois, les entreprises en charge de sa restauration se sont attel\u00e9es \u00e0 consolider les huit piliers de la tour, reconstruits avec du nouveau b\u00e9ton ensuite \u00ab\u00a0estamp\u00e9\u00a0\u00bb pour retrouver son aspect d\u2019origine, et \u00e0 r\u00e9parer les \u00e9pines des piliers ext\u00e9rieurs. \u00c0 cinquante m\u00e8tres de haut, les claustras \u00e9cailles, tr\u00e8s endommag\u00e9s, ont aussi pu \u00eatre restaur\u00e9s, comme les paliers des ascenseurs qui emm\u00e8neront bient\u00f4t les visiteurs \u00e0 plusieurs dizaines de m\u00e8tres du sol. Un travail particulier a aussi \u00e9t\u00e9 men\u00e9 sur les claustras du sommet qui ont pu \u00eatre enti\u00e8rement d\u00e9bouch\u00e9s pour laisser passer la lumi\u00e8re\u2026<\/p>\n<p>  Ce qui attend les visiteurs<\/p>\n<p>Des \u00e9l\u00e9ments que pourront \u201cbient\u00f4t\u201d d\u00e9couvrir les futurs visiteurs de la tour. Son ouverture, d\u2019abord pr\u00e9vue pour co\u00efncider avec le centenaire de l\u2019exposition universelle, est d\u00e9sormais programm\u00e9e au <a href=\"https:\/\/www.ledauphine.com\/culture-loisirs\/2025\/01\/15\/la-reouverture-au-public-de-la-tour-perret-repoussee-au-premier-semestre-2026\" target=\"_blank\" rel=\"noopener\">premier semestre 2026<\/a>. La tour sera ouverte au public de septembre \u00e0 mai du mercredi au dimanche, de 10 heures \u00e0 17 heures et de juin \u00e0 ao\u00fbt du mardi au dimanche, de 10 heures \u00e0 19 heures. En juin, des nocturnes seront aussi propos\u00e9es jusqu\u2019\u00e0 22 heures les vendredis pour admirer l\u2019horizon au coucher du soleil.<\/p>\n<p>Plusieurs parcours seront possibles\u00a0: en autonomie, accompagn\u00e9 par un guide ou un m\u00e9diateur du Mus\u00e9um ou alors en version sportive avec une mont\u00e9e via les escaliers le dimanche matin\u00a0! Les visites guid\u00e9es seront ax\u00e9es sur l\u2019architecture, l\u2019histoire et le patrimoine urbain ou, plus ponctuellement, sur la nature avec une observation des paysages alpins et leur histoire g\u00e9ologique.<\/p>\n<p>L\u2019acc\u00e8s \u00e0 la tour \u00e9tant limit\u00e9 \u00e0 51 personnes (dont 19 sur la plateforme d\u2019observation), les visiteurs devront r\u00e9server un cr\u00e9neau horaire lors de l\u2019achat des billets. Les prix seront compris entre 4 et 7\u00a0\u20ac pour l\u2019acc\u00e8s au b\u00e2timent et 5\u00a0\u20ac suppl\u00e9mentaires pour les visites guid\u00e9es.<\/p>\n<p>L\u2019ambition de la Ville est de faire de l\u2019\u00e9difice l\u2019un des dix sites les plus visit\u00e9s en Is\u00e8re avec pr\u00e8s de 45\u00a0000 visiteurs attendus chaque ann\u00e9e.<\/p>\n","protected":false},"excerpt":{"rendered":"Envelopp\u00e9e depuis plusieurs mois dans un immense \u00e9chafaudage, la tour con\u00e7ue par Auguste Perret continue sa mue \u00e0&hellip;\n","protected":false},"author":2,"featured_media":189730,"comment_status":"","ping_status":"","sticky":false,"template":"","format":"standard","meta":{"footnotes":""},"categories":[9566],"tags":[1111,11,2430,4749,1687,112,1777,674,107,1011,27,2731,2732,108,1985,12,2661,25],"class_list":{"0":"post-189729","1":"post","2":"type-post","3":"status-publish","4":"format-standard","5":"has-post-thumbnail","7":"category-grenoble","8":"tag-actu","9":"tag-actualites","10":"tag-auvergne-rhone-alpes","11":"tag-btp-et-chantiers","12":"tag-culture-loisirs","13":"tag-edition-grenoble-agglomeration","14":"tag-eu","15":"tag-europe","16":"tag-fil-info","17":"tag-fr","18":"tag-france","19":"tag-grenoble","20":"tag-grenoble-bassin","21":"tag-isere","22":"tag-metropole-de-grenoble","23":"tag-news","24":"tag-patrimoine-culturel","25":"tag-republique-francaise"},"share_on_mastodon":{"url":"https:\/\/pubeurope.com\/@fr\/114712963094808252","error":""},"_links":{"self":[{"href":"https:\/\/www.europesays.com\/fr\/wp-json\/wp\/v2\/posts\/189729","targetHints":{"allow":["GET"]}}],"collection":[{"href":"https:\/\/www.europesays.com\/fr\/wp-json\/wp\/v2\/posts"}],"about":[{"href":"https:\/\/www.europesays.com\/fr\/wp-json\/wp\/v2\/types\/post"}],"author":[{"embeddable":true,"href":"https:\/\/www.europesays.com\/fr\/wp-json\/wp\/v2\/users\/2"}],"replies":[{"embeddable":true,"href":"https:\/\/www.europesays.com\/fr\/wp-json\/wp\/v2\/comments?post=189729"}],"version-history":[{"count":0,"href":"https:\/\/www.europesays.com\/fr\/wp-json\/wp\/v2\/posts\/189729\/revisions"}],"wp:featuredmedia":[{"embeddable":true,"href":"https:\/\/www.europesays.com\/fr\/wp-json\/wp\/v2\/media\/189730"}],"wp:attachment":[{"href":"https:\/\/www.europesays.com\/fr\/wp-json\/wp\/v2\/media?parent=189729"}],"wp:term":[{"taxonomy":"category","embeddable":true,"href":"https:\/\/www.europesays.com\/fr\/wp-json\/wp\/v2\/categories?post=189729"},{"taxonomy":"post_tag","embeddable":true,"href":"https:\/\/www.europesays.com\/fr\/wp-json\/wp\/v2\/tags?post=189729"}],"curies":[{"name":"wp","href":"https:\/\/api.w.org\/{rel}","templated":true}]}}