{"id":189737,"date":"2025-06-20T00:57:12","date_gmt":"2025-06-20T00:57:12","guid":{"rendered":"https:\/\/www.europesays.com\/fr\/189737\/"},"modified":"2025-06-20T00:57:12","modified_gmt":"2025-06-20T00:57:12","slug":"les-points-souleves-par-lopposition-le-23-juin-2","status":"publish","type":"post","link":"https:\/\/www.europesays.com\/fr\/189737\/","title":{"rendered":"les points soulev\u00e9s par l&rsquo;opposition le 23 juin"},"content":{"rendered":"<p>  Deux questions orales et une r\u00e9solution de Vetter<\/p>\n<p>Le conseiller municipal d\u2019opposition Jean-Philippe Vetter (LR) a d\u00e9pos\u00e9 trois interventions pour le conseil municipal de Strasbourg du lundi 23\u00a0juin. Il interpelle d\u2019abord la municipalit\u00e9 sur <a href=\"https:\/\/www.dna.fr\/economie\/2025\/06\/13\/rue-melanie-la-circulation-l-emporte-sur-les-arbres-et-le-stationnement\" target=\"_blank\" rel=\"nofollow noopener\">l\u2019am\u00e9nagement controvers\u00e9 de la rue M\u00e9lanie<\/a> , qualifi\u00e9 d\u2019\u00ab\u00a0\u00e9chec total\u00a0\u00bb et de \u00ab\u00a0gaspillage\u00a0\u00bb, avec plus d\u2019un million d\u2019euros engag\u00e9s pour 300 m\u00e8tres de piste cyclable, dont 150\u00a0000\u00a0\u20ac de travaux correctifs engag\u00e9s en urgence.<\/p>\n<p>Dans une autre question orale, il alerte sur les cons\u00e9quences du projet immobilier Mercure (quartier Tivoli), pointant des inqui\u00e9tudes sur la densification, la circulation et le d\u00e9ficit d\u2019information des habitants.<\/p>\n<p>Enfin, Jean-Philippe Vetter pr\u00e9sente <a href=\"https:\/\/www.dna.fr\/politique\/2025\/06\/14\/j-ph-vetter-(lr)-appelle-a-la-levee-du-gel-du-jumelage-avec-ramat-gan\" target=\"_blank\" rel=\"nofollow noopener\">une r\u00e9solution de solidarit\u00e9 avec la ville jumel\u00e9e de Ramat Gan<\/a> , en Isra\u00ebl, r\u00e9cemment touch\u00e9e par des bombardements venus d\u2019Iran. Il appelle Strasbourg \u00e0 \u00ab\u00a0r\u00e9tablir\u00a0\u00bb ce jumelage, \u00ab\u00a0\u00e0 accueillir des \u00e9tudiants et jeunes de Ramat Gan, dans un esprit d\u2019\u00e9change et d\u2019hospitalit\u00e9\u00a0\u00bb et \u00e0 envoyer une d\u00e9l\u00e9gation sur place, r\u00e9affirmant les valeurs de dialogue, de paix et de droits humains comme socle de cette coop\u00e9ration.<\/p>\n<p>  Deux motions et trois questions orales des centristes<\/p>\n<p>Lors de ce conseil municipal, les \u00e9lus du groupe Centristes et Progressistes pr\u00e9senteront deux motions port\u00e9es par Pierre Jakubowicz et Rebecca Breitman. La premi\u00e8re vise \u00e0 soutenir l\u2019Initiative citoyenne europ\u00e9enne <a href=\"https:\/\/www.dna.fr\/videos\/un-million-de-signatures-pour-interdire-les-therapies-de-conversion-en-europe-et-maintenant-xfzvs5k\" target=\"_blank\" rel=\"nofollow noopener\">pour l\u2019interdiction des th\u00e9rapies de conversion<\/a> dans l\u2019Union europ\u00e9enne, soulignant l\u2019engagement de Strasbourg pour l\u2019\u00e9galit\u00e9 et <a href=\"https:\/\/www.dna.fr\/societe\/2025\/06\/14\/marche-des-visibilites-une-foule-multicolore-contre-le-facisme-et-l-homophobie\" target=\"_blank\" rel=\"nofollow noopener\">la d\u00e9fense des droits LGBTQI +<\/a>. La seconde appelle \u00e0 la panth\u00e9onisation d\u2019 <a href=\"https:\/\/www.dna.fr\/societe\/2025\/04\/24\/adelaide-hautval-l-alsacienne-amie-des-juifs\" target=\"_blank\" rel=\"nofollow noopener\">Ad\u00e9la\u00efde Hautval<\/a> , Juste parmi les Nations, pour honorer son engagement humaniste durant la Seconde Guerre mondiale.<\/p>\n<p>Trois questions orales seront \u00e9galement pos\u00e9es. L\u2019une port\u00e9e par Pierre Jakubowicz d\u00e9noncera les dysfonctionnements et le surco\u00fbt du r\u00e9am\u00e9nagement de la rue M\u00e9lanie, qualifi\u00e9 de \u00ab\u00a0fiasco\u00a0\u00bb. Une autre, toujours pr\u00e9sent\u00e9e par Pierre Jakubowicz, portera sur le projet immobilier place de Bordeaux, appelant \u00e0 davantage de transparence et de concertation.<\/p>\n<p>Enfin, la situation du <a href=\"https:\/\/www.dna.fr\/economie\/2025\/04\/11\/cite-rotterdam-une-petition-lancee-pour-sauver-le-garage-des-xv\" target=\"_blank\" rel=\"nofollow noopener\">garage du Conseil des Quinze<\/a> , menac\u00e9 par un projet urbain, sera soulev\u00e9e par Nicolas Matt, avec une demande de solutions concr\u00e8tes pour pr\u00e9server cette activit\u00e9 de proximit\u00e9.<\/p>\n<p>  Les socialistes \u00e9pinglent les comptes de la Ville<\/p>\n<p>Le groupe Faire Ensemble alerte sur la situation financi\u00e8re jug\u00e9e pr\u00e9occupante de la Ville de Strasbourg, \u00e0 la lumi\u00e8re du compte administratif et du <a href=\"https:\/\/www.dna.fr\/politique\/2025\/05\/14\/l-endettement-croissant-de-la-ville-passe-au-crible-de-la-chambre-regionale-des-compte\" target=\"_blank\" rel=\"nofollow noopener\">rapport de la Chambre r\u00e9gionale des comptes<\/a> , qui seront pr\u00e9sent\u00e9s lundi au conseil. Selon le groupe, l\u2019ex\u00e9cutif dirig\u00e9 par Jeanne Barseghian depuis 2020 aurait men\u00e9 \u00ab\u00a0des politiques inefficaces\u00a0\u00bb, provoquant \u00ab\u00a0une d\u00e9gradation in\u00e9dite\u00a0\u00bb des finances malgr\u00e9 des \u00ab\u00a0recettes dynamiques li\u00e9es notamment \u00e0 une hausse de la fiscalit\u00e9\u00a0\u00bb. Cette d\u00e9t\u00e9rioration serait principalement due \u00e0 \u00ab\u00a0des d\u00e9penses non ma\u00eetris\u00e9es\u00a0\u00bb plut\u00f4t qu\u2019\u00e0 \u00ab\u00a0un niveau d\u2019investissement \u00e0 la hauteur de la n\u00e9cessaire transition \u00e9cologique et sociale\u00a0\u00bb.<\/p>\n","protected":false},"excerpt":{"rendered":"Deux questions orales et une r\u00e9solution de Vetter Le conseiller municipal d\u2019opposition Jean-Philippe Vetter (LR) a d\u00e9pos\u00e9 trois&hellip;\n","protected":false},"author":2,"featured_media":188979,"comment_status":"","ping_status":"","sticky":false,"template":"","format":"standard","meta":{"footnotes":""},"categories":[2820],"tags":[1111,11,1984,2880,1777,674,107,1011,27,775,12,316,25,640,2879],"class_list":{"0":"post-189737","1":"post","2":"type-post","3":"status-publish","4":"format-standard","5":"has-post-thumbnail","7":"category-strasbourg","8":"tag-actu","9":"tag-actualites","10":"tag-conseil-municipal","11":"tag-edition-strasbourg","12":"tag-eu","13":"tag-europe","14":"tag-fil-info","15":"tag-fr","16":"tag-france","17":"tag-grand-est","18":"tag-news","19":"tag-politique","20":"tag-republique-francaise","21":"tag-strasbourg","22":"tag-strasbourg-ville"},"share_on_mastodon":{"url":"https:\/\/pubeurope.com\/@fr\/114712978679805722","error":""},"_links":{"self":[{"href":"https:\/\/www.europesays.com\/fr\/wp-json\/wp\/v2\/posts\/189737","targetHints":{"allow":["GET"]}}],"collection":[{"href":"https:\/\/www.europesays.com\/fr\/wp-json\/wp\/v2\/posts"}],"about":[{"href":"https:\/\/www.europesays.com\/fr\/wp-json\/wp\/v2\/types\/post"}],"author":[{"embeddable":true,"href":"https:\/\/www.europesays.com\/fr\/wp-json\/wp\/v2\/users\/2"}],"replies":[{"embeddable":true,"href":"https:\/\/www.europesays.com\/fr\/wp-json\/wp\/v2\/comments?post=189737"}],"version-history":[{"count":0,"href":"https:\/\/www.europesays.com\/fr\/wp-json\/wp\/v2\/posts\/189737\/revisions"}],"wp:featuredmedia":[{"embeddable":true,"href":"https:\/\/www.europesays.com\/fr\/wp-json\/wp\/v2\/media\/188979"}],"wp:attachment":[{"href":"https:\/\/www.europesays.com\/fr\/wp-json\/wp\/v2\/media?parent=189737"}],"wp:term":[{"taxonomy":"category","embeddable":true,"href":"https:\/\/www.europesays.com\/fr\/wp-json\/wp\/v2\/categories?post=189737"},{"taxonomy":"post_tag","embeddable":true,"href":"https:\/\/www.europesays.com\/fr\/wp-json\/wp\/v2\/tags?post=189737"}],"curies":[{"name":"wp","href":"https:\/\/api.w.org\/{rel}","templated":true}]}}