{"id":189746,"date":"2025-06-20T01:02:19","date_gmt":"2025-06-20T01:02:19","guid":{"rendered":"https:\/\/www.europesays.com\/fr\/189746\/"},"modified":"2025-06-20T01:02:19","modified_gmt":"2025-06-20T01:02:19","slug":"a-nantes-une-rencontre-artistique-crepusculaire-au-cimetiere-parc","status":"publish","type":"post","link":"https:\/\/www.europesays.com\/fr\/189746\/","title":{"rendered":"\u00c0 Nantes, une rencontre artistique cr\u00e9pusculaire au cimeti\u00e8re-parc"},"content":{"rendered":"<p><a href=\"http:\/\/www.nantes.maville.com\/actu\/actudet_-nantes.-21-nouveaux-ateliers-d-artistes-ilot-des-iles-et-felix-thomas_52716-3479581_actu.Htm\" target=\"_blank\" rel=\"noopener\">Les ateliers Bonus, collectif des talents de la ville de Nantes<\/a>, accompagnent le projet de cr\u00e9ation locale des artistes Eva Habasque et Margaux Bisson, dont la restitution sous la forme d\u2019un banquet aura lieu vendredi 20\u00a0juin, de 20\u00a0h \u00e0 22\u00a0h. Intitul\u00e9 \u00ab\u00a0Je suis venu.e te manquer\u00a0\u00bb, ce projet explore les rituels fun\u00e9raires et la prise en charge du deuil \u00e0 travers une approche sensible et participative.<\/p>\n<p>\u00ab\u00a0Le rituel comme lien social\u00a0\u00bb<\/p>\n<p>Depuis avril, Eva Habasque, artiste arboricultrice, et Margaux Bisson, qui \u00e9tudie \u00a0le rituel comme lien social et de compassion aux vivants\u00a0\u00bb, ont men\u00e9 une recherche associant entretiens, collectes de r\u00e9cits, chants et objets, en collaboration avec quatre associations nantaises engag\u00e9es dans l\u2019accompagnement au deuil (Plan 9, EKR, Na\u00eetre et Vivre, De l\u2019ombre \u00e0 la lumi\u00e8re).<\/p>\n<p><strong>Lire aussi\u00a0:<\/strong> <a href=\"https:\/\/nantes.maville.com\/actu\/actudet_-jardinage-culture...-quand-les-cimetieres-se-reinventent-a-nantes-_8-6839617_actu.Htm\" target=\"_blank\" rel=\"noopener\">Jardinage, culture\u2026 Quand les cimeti\u00e8res se r\u00e9inventent \u00e0 Nantes<\/a><\/p>\n<p>La d\u00e9marche interroge la mani\u00e8re dont nos imaginaires refl\u00e8tent notre rapport \u00e0 la finitude. La restitution prendra la forme d\u2019une exp\u00e9rience immersive et collective lors d\u2019une c\u00e9r\u00e9monie festive, mais solennelle, autour d\u2019un banquet dans<a href=\"https:\/\/nantes.maville.com\/actu\/actudet_--on-va-voir-papi-et-on-se-balade-le-cimetiere-parc-de-nantes-est-aussi-un-lieu-de-promenade-_8-6422238_actu.Htm\" target=\"_blank\" rel=\"noopener\"> l\u2019Arboretum cimeti\u00e8re-parc<\/a>. Si ce pique-nique arty fa\u00e7on gothique vous inspire, pr\u00e9parez un plaid, \u00e0 boire et \u00e0 manger.<\/p>\n<p><strong>Vendredi 20\u00a0juin,<\/strong> \u00e0 partir de 19\u00a0h\u00a050, au 2, chemin de la Justice, \u00e0 Nantes, inscription gratuite dans la limite des places disponibles sur <a href=\"https:\/\/docs.google.com\/forms\/d\/e\/1FAIpQLSdAXZvJ3cweRTD1j-wp3OJg9xixzuOJN5b580G-oJ0GVq8csw\/viewform?pli=1\" target=\"_blank\" rel=\"noopener\">docs.google.com\/forms\/d\/e\/1FAIpQLSdAXZvJ3cweRTD1j-wp3OJg9xixzuOJN5b580G-oJ0GVq8csw\/viewform?pli=1<\/a><\/p>\n<p>\u00a0<\/p>\n","protected":false},"excerpt":{"rendered":"Les ateliers Bonus, collectif des talents de la ville de Nantes, accompagnent le projet de cr\u00e9ation locale des&hellip;\n","protected":false},"author":2,"featured_media":189747,"comment_status":"","ping_status":"","sticky":false,"template":"","format":"standard","meta":{"footnotes":""},"categories":[2818],"tags":[1111,11,29354,32755,32754,1777,674,1011,27,766,12,2636,5486,25],"class_list":{"0":"post-189746","1":"post","2":"type-post","3":"status-publish","4":"format-standard","5":"has-post-thumbnail","7":"category-nantes","8":"tag-actu","9":"tag-actualites","10":"tag-artistique","11":"tag-cimetiere-parc","12":"tag-crepusculaire","13":"tag-eu","14":"tag-europe","15":"tag-fr","16":"tag-france","17":"tag-nantes","18":"tag-news","19":"tag-pays-de-la-loire","20":"tag-rencontre","21":"tag-republique-francaise"},"share_on_mastodon":{"url":"https:\/\/pubeurope.com\/@fr\/114712998295972652","error":""},"_links":{"self":[{"href":"https:\/\/www.europesays.com\/fr\/wp-json\/wp\/v2\/posts\/189746","targetHints":{"allow":["GET"]}}],"collection":[{"href":"https:\/\/www.europesays.com\/fr\/wp-json\/wp\/v2\/posts"}],"about":[{"href":"https:\/\/www.europesays.com\/fr\/wp-json\/wp\/v2\/types\/post"}],"author":[{"embeddable":true,"href":"https:\/\/www.europesays.com\/fr\/wp-json\/wp\/v2\/users\/2"}],"replies":[{"embeddable":true,"href":"https:\/\/www.europesays.com\/fr\/wp-json\/wp\/v2\/comments?post=189746"}],"version-history":[{"count":0,"href":"https:\/\/www.europesays.com\/fr\/wp-json\/wp\/v2\/posts\/189746\/revisions"}],"wp:featuredmedia":[{"embeddable":true,"href":"https:\/\/www.europesays.com\/fr\/wp-json\/wp\/v2\/media\/189747"}],"wp:attachment":[{"href":"https:\/\/www.europesays.com\/fr\/wp-json\/wp\/v2\/media?parent=189746"}],"wp:term":[{"taxonomy":"category","embeddable":true,"href":"https:\/\/www.europesays.com\/fr\/wp-json\/wp\/v2\/categories?post=189746"},{"taxonomy":"post_tag","embeddable":true,"href":"https:\/\/www.europesays.com\/fr\/wp-json\/wp\/v2\/tags?post=189746"}],"curies":[{"name":"wp","href":"https:\/\/api.w.org\/{rel}","templated":true}]}}