{"id":189754,"date":"2025-06-20T01:06:18","date_gmt":"2025-06-20T01:06:18","guid":{"rendered":"https:\/\/www.europesays.com\/fr\/189754\/"},"modified":"2025-06-20T01:06:18","modified_gmt":"2025-06-20T01:06:18","slug":"le-ps-tres-optimiste-pour-aboutir-a-un-accord-avec-la-gauche-mais-sans-lfi","status":"publish","type":"post","link":"https:\/\/www.europesays.com\/fr\/189754\/","title":{"rendered":"le PS \u00ab\u00a0tr\u00e8s optimiste\u00a0\u00bb pour aboutir \u00e0 un accord avec la gauche (mais sans LFI)"},"content":{"rendered":"<p>            Par<br \/>\n        <strong><br \/>\n            <a href=\"https:\/\/actu.fr\/auteur\/gabriel-kenedi\" title=\"Consulter tous les articles de Gabriel Kenedi\" target=\"_blank\" rel=\"noopener\">Gabriel Kenedi<\/a><br \/>\n        <\/strong><\/p>\n<p>        Publi\u00e9 le<\/p>\n<p>            19 juin 2025 \u00e0 19h32        <\/p>\n<p>Quels seront les adversaires de <a href=\"https:\/\/actu.fr\/tag\/jean-luc-moudenc\" target=\"_blank\" rel=\"noopener\"><strong>Jean-Luc Moudenc<\/strong><\/a>, le maire de <strong>Toulouse<\/strong> (ex-LR), aux Municipales 2026 ? \u00c0 moins d\u2019un an de l\u2019\u00e9ch\u00e9ance \u00e9lectorale, bien malin qui pourra dire qui sera sur la ligne de d\u00e9part en mars prochain dans <a href=\"https:\/\/actu.fr\/occitanie\/toulouse_31555\/population-toulouse-compte-desormais-511-684-habitants-et-va-devenir-3e-ville-de-france-tres-rapidement_62022339.html\" target=\"_blank\" rel=\"noopener\">la bient\u00f4t 3\u1d49\u00a0ville de France\u2026<\/a> surtout \u00e0 gauche, o\u00f9 les n\u00e9gociations entre les diff\u00e9rents partis n\u2019ont \u00e0 ce jour pas abouti. Alors que les discussions entam\u00e9es depuis des mois se poursuivent, le <strong>Parti socialiste<\/strong> indique ce jeudi 19 juin 2025 \u00e0 <a href=\"https:\/\/actu.fr\/toulouse\/politique\" target=\"_blank\" rel=\"noopener\">Actu Toulouse<\/a>, par la voix de son chef de file <strong>Fran\u00e7ois Brian\u00e7on<\/strong>, qu\u2019il est <strong>\u00ab\u00a0tr\u00e8s optimiste\u00a0\u00bb<\/strong> sur la possibilit\u00e9 d\u2019arriver \u00e0 un accord\u2026 qui n\u2019inclura pas La France Insoumise de Fran\u00e7ois Piquemal. Qu\u2019en disent les autres ? Enjeux et explications.\u00a0<\/p>\n<p>\u00ab\u00a0On est dans le bon timing pour arriver \u00e0 rassembler la gauche\u00a0\u00bb<\/p>\n<p class=\" wall-content\">\u00ab\u00a0Les discussions avec nos partenaires de gauche se poursuivent\u00a0\u00bb, a assur\u00e9 Fran\u00e7ois Brian\u00e7on face \u00e0 la presse, ce jeudi 19 juin. \u00ab\u00a0On se conna\u00eet, on si\u00e8ge ensemble, on est ensemble dans des luttes, des r\u00e9unions\u2026 <strong>Le dialogue est permanent<\/strong> avec les autres \u00e9lus de gauche\u00a0\u00bb.\u00a0<\/p>\n<blockquote class=\"ac-article-quote wall-content\">\n<p>Notre volont\u00e9, c&rsquo;est de rassembler la gauche qui va \u00eatre d&rsquo;accord avec nous, et qui ait une volont\u00e9 de mener des d\u00e9bats sans brutalit\u00e9, en respectant les valeurs des Toulousaines et des Toulousains, et avec l&rsquo;objectif de leur apporter des r\u00e9ponses.\u00a0On travaille \u00e0 \u00e7a, avec les \u00c9cologistes, les communistes, Generation.S, Place publique, le PRG, les choses se font dans le timing habituel. Il n&rsquo;y a jamais eu \u00e0 ma connaissance une dynamique collective \u00e9lectorale dix mois avant une \u00e9lection&#8230; On est donc dans le bon timing pour arriver \u00e0 rassembler la gauche.\u00a0<\/p>\n<p>    <strong>Fran\u00e7ois Brian\u00e7on<\/strong><br \/>\n        Chef de file du Parti socialiste pour les \u00e9lections municipales \u00e0 Toulouse    <\/p><\/blockquote>\n<p class=\" wall-content\">De son c\u00f4t\u00e9 <strong>S\u00e9bastien Vincini<\/strong>, pr\u00e9sident du D\u00e9partement de la Haute-Garonne, qui devrait prendre tr\u00e8s prochainement une responsabilit\u00e9 au sein de la direction nationale du Parti socialiste, soutient lui aussi ce large rassemblement, \u00ab\u00a0condition sine qua non pour gagner Toulouse\u00a0\u00bb.\u00a0<\/p>\n<p class=\" wall-content\"><strong>\u00ab\u00a0Il n\u2019y aura pas d\u2019accord avec LFI\u00a0\u00bb, assure le PS\u00a0<\/strong><\/p>\n<p class=\" wall-content\">Dans sa liste de partis cit\u00e9s par Fran\u00e7ois Brian\u00e7on, l\u2019omission du d\u00e9put\u00e9 Fran\u00e7ois Piquemal, candidat d\u00e9clar\u00e9 de LFI, n\u2019est <strong>clairement pas un oubli<\/strong>.\u00a0<\/p>\n<p class=\" wall-content\">\u00ab\u00a0Du dialogue, il y en a et il est sympathique et serein\u00a0\u00bb, affirme Fran\u00e7ois Brian\u00e7on. \u00ab\u00a0Mais il y a de notre part, et de la sienne, tr\u00e8s clairement, la volont\u00e9 de porter <strong>deux lignes politiques diff\u00e9rentes<\/strong> \u00e0 cette \u00e9lection et il n\u2019y aura donc <strong>pas d\u2019accord programmatique<\/strong> entre eux et nous. On l\u2019a d\u00e9j\u00e0 dit. Il le sait et on le sait\u2026 C\u2019est donc assum\u00e9 !\u00a0\u00bb<\/p>\n<p class=\" wall-content\">Autre \u00e9l\u00e9ment \u00e0 prendre en compte : pour les socialistes, c\u2019est au PS de mener la t\u00eate de liste d\u2019union de la gauche hors LFI. \u00ab\u00a0On a revendiqu\u00e9 <strong>la t\u00eate de liste \u00e0 Toulouse<\/strong>, au nom d\u2019une r\u00e9alit\u00e9 : un accord politique, pour pouvoir \u00eatre efficace et pertinent, doit correspondre \u00e0 ce que chacun et chacune peut apporter\u00a0\u00bb.\u00a0<\/p>\n<p><img decoding=\"async\" src=\"https:\/\/www.europesays.com\/fr\/wp-content\/uploads\/2025\/06\/francois-piquemal-depute-toulouse-portrait-gl-640x427.jpg\" alt=\"\" width=\"640\" height=\"427\" loading=\"lazy\"\/>Fran\u00e7ois Piquemal \u00ab\u00a0regrette\u00a0\u00bb la d\u00e9cision du parti socialiste <\/p>\n<p>Contact\u00e9 par Actu Toulouse, Fran\u00e7ois Piquemal \u00ab\u00a0regrette\u00a0\u00bb la d\u00e9cision de Fran\u00e7ois Brian\u00e7on et du Parti socialiste de ne pas vouloir d&rsquo;une union d\u00e8s le premier tour avec La France insoumise.<br \/>Si \u00ab\u00a0la porte reste ouverte\u00a0\u00bb avec Fran\u00e7ois Brian\u00e7on, \u00ab\u00a0quelqu&rsquo;un que j&rsquo;estime\u00a0\u00bb, dit Fran\u00e7ois Piquemal, il assure que les n\u00e9gociations \u00ab\u00a0se poursuivent\u00a0\u00bb avec d&rsquo;autres partenaires \u00e0 gauche, sans vouloir donner davantage de d\u00e9tails, \u00ab\u00a0par respect pour les diff\u00e9rentes formations politiques avec qui nous nous sommes en discussion\u00a0\u00bb. <br \/>\u00ab\u00a0Nous, on propose un programme de rupture \u00e0 la politique de Jean-Luc Moudenc et on veut \u00eatre une gauche qui soit solide sur ses appuis, sur la base du programme du Nouveau Front populaire\u00a0\u00bb, mart\u00e8le Fran\u00e7ois Piquemal.<br \/>\u00ab\u00a0Si une union ne peut pas se faire d\u00e8s le premier tour, on donnera rendez-vous aux autres formations de gauche au second tour\u00a0\u00bb, assure encore le d\u00e9put\u00e9 de la quatri\u00e8me circonscription de la Haute-Garonne.<\/p>\n<p>\u00ab\u00a0On est tr\u00e8s optimistes\u00a0\u00bb sur la possibilit\u00e9 d\u2019un accord\u00a0<\/p>\n<p class=\" wall-content\">Et de poursuivre : \u00ab\u00a0Nous, les socialistes, on sait faire de la proximit\u00e9, mener des politiques sociales, \u00e9ducatives, et on a un discours qui peut \u00eatre entendu sur des th\u00e9matiques souvent caricatur\u00e9es comme celle de <strong>la s\u00e9curit\u00e9<\/strong>. On sait que nos amis \u00e9cologistes se battent pour la bifurcation \u00e9cologique et ils ont bien raison. On sait que nos amis communistes travaillent beaucoup sur les dynamiques de sant\u00e9 et de transport. On sait qu\u2019Archipel travaille \u00e9norm\u00e9ment sur les probl\u00e9matiques de d\u00e9mocratie locale et de citoyennet\u00e9. Un accord se construit autour de <strong>la valeur ajout\u00e9e de chacune et de chacun<\/strong>\u00ab\u00a0, expose Fran\u00e7ois Brian\u00e7on, qui conna\u00eet bien les arcanes du Capitole, car il \u00e9tait adjoint aux Sports pendant la mandature de Pierre Cohen (2008-2014).\u00a0<\/p>\n<blockquote class=\"ac-article-quote wall-content\">\n<p>On a donc fait la proposition que les \u00e9cologistes puissent porter \u00e0 la M\u00e9tropole les politiques environnementales. On leur a dit, on en discute. On mettra le temps qu&rsquo;il faut pour aboutir, mais moi, je suis tr\u00e8s, tr\u00e8s optimiste sur la possibilit\u00e9 d&rsquo;arriver \u00e0 un accord. Je sens une volont\u00e9 commune de l&rsquo;ensemble des partenaires.\u00a0<\/p>\n<p>    <strong>Fran\u00e7ois Brian\u00e7on<\/strong>\n            <\/p><\/blockquote>\n<p>\u00ab\u00a0La question de l\u2019incarnation est importante\u00a0\u00bb, dit LFI\u00a0<\/p>\n<p class=\" wall-content\">Si la position du Parti socialiste est donc connue, qu\u2019en pensent les autres partis ?<\/p>\n<p class=\" wall-content\"><strong>Fran\u00e7ois Piquemal<\/strong> dit rester ouvert \u00e0 un accord d\u00e8s le premier tour \u00ab\u00a0sur la base du programme d\u2019une <strong>gauche solide sur ses appuis<\/strong>, le programme du Nouveau Front populaire\u00a0\u00bb. En conf\u00e9rence de presse (qui a eu lieu deux jours avant celle de Fran\u00e7ois Brian\u00e7on, NDLR), <strong>Agathe Roby<\/strong>, cheffe de file de La France insoumise, pr\u00e9cisait :\u00a0<\/p>\n<p class=\" wall-content\">\u00ab\u00a0Il y a une attente pour instaurer une union qui sera la plus large possible. Les discussions prennent du temps. <strong>Cette union n\u2019est pas impossible<\/strong>. On discute. On esp\u00e8re avoir un panorama plus clair des choses \u00e0 la rentr\u00e9e. Le cap qui doit \u00eatre mis en place doit \u00eatre clair. La volont\u00e9, c\u2019est de mettre en place une mairie diff\u00e9rente (de celle de Jean-Luc Moudenc, NDLR), de faire participer la population. \u00c7a nous tient \u00e0 c\u0153ur \u00e0 LFI. Nous pensons aussi que la question de l\u2019incarnation est importante. Ce qui est s\u00fbr, c\u2019est qu\u2019il y aura une opposition coh\u00e9rente par rapport \u00e0 Jean-Luc Moudenc. Mais<strong> je regrette que le PS ait fait une exclusive sur LFI\u00a0\u00bb.\u00a0<\/strong><\/p>\n<p>\u00ab\u00a0Il faut un projet clair\u00a0\u00bb pour Archipel Citoyen\u00a0<\/p>\n<p class=\" wall-content\">Du c\u00f4t\u00e9<strong> d\u2019Archipel Citoyen<\/strong>, on esp\u00e8re qu\u2019un accord interviendra le plus rapidement possible. \u00ab\u00a0Il faut un projet clair. La notori\u00e9t\u00e9, cela se rattrape. Il faut d\u2019abord d\u00e9terminer le p\u00e9rim\u00e8tre du programme, pour avoir le spectre plus large d\u2019union. Dans l\u2019id\u00e9al, cela aurait \u00e9t\u00e9 bien d\u2019avoir cette vision avant l\u2019\u00e9t\u00e9, mais cela ne sera pas possible\u00a0\u00bb, d\u00e9plore<strong> Maxime Le Texier.<\/strong> Le conseiller municipal d\u2019opposition, d\u00e9sign\u00e9 chef de file d\u2019Archipel Citoyen pour ce scrutin, ajoute :\u00a0<\/p>\n<blockquote class=\"ac-article-quote wall-content\">\n<p>La pression monte, et on ne pourra pas aller au-del\u00e0 de septembre. Nos sympathisants nous demandent d\u2019ailleurs qu\u2019en septembre au plus tard, le p\u00e9rim\u00e8tre d\u2019union soit fix\u00e9. Le choix de la personne pourra venir ensuite. Je pense qu\u2019on pourra encore se donner un peu plus de temps.<\/p>\n<p>    <strong>Maxime Le T\u00e9xier<\/strong><br \/>\n        Chef de file d&rsquo;Archipel Citoyen     <\/p><\/blockquote>\n<p>Pour les \u00c9cologistes, \u00ab\u00a0l\u2019\u00e9ch\u00e9ance pr\u00e9sidentielle\u00a0\u00bb complique les discussions<\/p>\n<p class=\" wall-content\">Courtis\u00e9s dans le m\u00eame temps par La France Insoumise, <strong>les \u00c9cologistes<\/strong> savent qu\u2019ils auront dans quelques semaines un choix strat\u00e9gique \u00e0 faire. Interrog\u00e9 par Actu Toulouse\u00a0d\u00e9but juin, le chef de file du parti, <strong>R\u00e9gis Godec<\/strong>, assurait :\u00a0<\/p>\n<p class=\" wall-content\">\u00ab\u00a0On forme toujours le v\u0153u d\u2019avoir une liste commune de la gauche et des \u00e9cologistes \u00e0 Toulouse. Nous sommes en discussions avec l\u2019ensemble des acteurs pour y parvenir. Nous ne pouvons pas nier que nous rencontrons <strong>un certain nombre de difficult\u00e9s<\/strong> depuis le mois de novembre. Ce que l\u2019on constate, c\u2019est qu\u2019il y a des acteurs importants, et notamment la France insoumise et le Parti socialiste, qui ont <strong>les regards riv\u00e9s vers 2027<\/strong>. La proximit\u00e9 de l\u2019\u00e9ch\u00e9ance pr\u00e9sidentielle est forc\u00e9ment un obstacle, parce que dans la future troisi\u00e8me ville de France, on ne peut pas compl\u00e8tement d\u00e9corr\u00e9ler l\u2019enjeu municipal de l\u2019enjeu pr\u00e9sidentiel. <strong>Cela cr\u00e9e des difficult\u00e9s<\/strong> pour cr\u00e9er une liste commune\u00a0\u00bb.<\/p>\n<p class=\" wall-content\">Il ajoutait :\u00a0<\/p>\n<blockquote class=\"ac-article-quote wall-content\">\n<p>Pour autant, on a le souhait de cr\u00e9er le rassemblement le plus large possible, donc on discute avec tous les acteurs. En attendant, on parle des probl\u00e9matiques des Toulousains et de la M\u00e9tropole en parlant de notre projet.<\/p>\n<p>    <strong>R\u00e9gis Godec<\/strong><br \/>\n        Chef de file des Ecologistes.     <\/p><\/blockquote>\n<p class=\" wall-content\"><strong>Trois programmes \u00e0 gauche ? \u00ab\u00a0C\u2019est une possibilit\u00e9\u00a0\u00bb<\/strong><\/p>\n<p class=\" wall-content\">Combien y aura-t-il de<strong> listes \u00e0 gauche<\/strong> en mars prochain ? Sans accord, deux voire trois projets pourraient se pr\u00e9senter devant les Toulousains\u2026\u00a0<\/p>\n<p class=\" wall-content\">Et qui m\u00e8nerait cette \u00e9ventuelle liste d\u2019union de la gauche ? L\u2019un de ces chefs de file ? Ou un quelconque candidat providentiel, susceptible de faire la synth\u00e8se ?<\/p>\n<p class=\" wall-content\">\u00ab\u00a0Qu\u2019il y ait <strong>trois<\/strong> <strong>listes<\/strong> ? C\u2019est une possibilit\u00e9. On la d\u00e9plorerait. Mais elle existe. Notre volont\u00e9, c\u2019est d\u2019avoir une liste commune. \u00c7a s\u2019annonce difficile. Peut-\u00eatre qu\u2019il y aura <strong>deux listes.<\/strong> Ce qui d\u00e9terminera notre choix, <strong>ce ne sont pas les postes qu\u2019on nous aura propos\u00e9s, <\/strong>mais le projet municipal et le projet m\u00e9tropolitain. Si on prend l\u2019exemple du RER M\u00e9tropolitain, nous, on sera largement investis dans une liste qui portera ce projet-l\u00e0\u00a0\u00bb, d\u00e9clare encore R\u00e9gis Godec.\u00a0<\/p>\n<p class=\" wall-content\">\u00ab\u00a0Qu\u2019il soit tout \u00e0 fait judicieux qu\u2019il y ait une personne d\u2019un parti politique <strong>\u00e0 la t\u00eate du Capitole<\/strong> et une personne d\u2019un autre parti politique <strong>\u00e0 la M\u00e9tropole,<\/strong> c\u2019est un point d\u2019accord de l\u2019ensemble des partis de gauche\u00a0\u00bb, rench\u00e9rit l\u2019\u00e9cologiste H\u00e9l\u00e8ne Cabanes.<\/p>\n<p class=\" wall-content\">Qui ajoute : \u00ab\u00a0Aujourd\u2019hui, on est dans une volont\u00e9 d\u2019union. <strong>Et l\u2019union est un combat !<\/strong>\u00ab\u00a0. \u00c0 gauche, sans doute encore un peu plus qu\u2019ailleurs.\u00a0<\/p>\n<p class=\" wall-content\"><strong>Avec David Saint-Sernin\u00a0<\/strong><\/p>\n<p class=\" wall-content\">Suivez toute l\u2019actualit\u00e9 de vos villes et m\u00e9dias favoris en vous inscrivant \u00e0 <a href=\"https:\/\/moncompte.actu.fr\" title=\"D\u00e9couvez Mon Actu\" rel=\"nofollow noopener\" data-trk=\"{&quot;cta&quot;:{&quot;action&quot;:&quot;https:\\\/\\\/moncompte.actu.fr&quot;,&quot;category&quot;:&quot;mon compte&quot;,&quot;from&quot;:&quot;article footer&quot;,&quot;name&quot;:&quot;Mon actu&quot;,&quot;type&quot;:&quot;cta&quot;}}\" target=\"_blank\">Mon Actu<\/a>.<\/p>\n<ul class=\"ac-article-tag wall-content\">\n<li><a href=\"https:\/\/actu.fr\/tag\/capitole\" data-trk=\"{&quot;cta&quot;:{&quot;action&quot;:&quot;Capitole&quot;,&quot;category&quot;:&quot;tag&quot;,&quot;from&quot;:&quot;article footer&quot;,&quot;name&quot;:&quot;Capitole&quot;,&quot;type&quot;:&quot;cta&quot;}}\" target=\"_blank\" rel=\"noopener\">#Capitole<\/a><\/li>\n<li><a href=\"https:\/\/actu.fr\/tag\/municipales-2026\" data-trk=\"{&quot;cta&quot;:{&quot;action&quot;:&quot;Municipales 2026&quot;,&quot;category&quot;:&quot;tag&quot;,&quot;from&quot;:&quot;article footer&quot;,&quot;name&quot;:&quot;Municipales 2026&quot;,&quot;type&quot;:&quot;cta&quot;}}\" target=\"_blank\" rel=\"noopener\">#Municipales 2026<\/a><\/li>\n<\/ul>\n","protected":false},"excerpt":{"rendered":"Par Gabriel Kenedi Publi\u00e9 le 19 juin 2025 \u00e0 19h32 Quels seront les adversaires de Jean-Luc Moudenc, le&hellip;\n","protected":false},"author":2,"featured_media":189755,"comment_status":"","ping_status":"","sticky":false,"template":"","format":"standard","meta":{"footnotes":""},"categories":[2816],"tags":[1111,11,4519,4188,1777,674,1011,27,3434,12,2680,316,25,2312],"class_list":{"0":"post-189754","1":"post","2":"type-post","3":"status-publish","4":"format-standard","5":"has-post-thumbnail","7":"category-toulouse","8":"tag-actu","9":"tag-actualites","10":"tag-capitole","11":"tag-elections-municipales","12":"tag-eu","13":"tag-europe","14":"tag-fr","15":"tag-france","16":"tag-municipales-2026","17":"tag-news","18":"tag-occitanie","19":"tag-politique","20":"tag-republique-francaise","21":"tag-toulouse"},"share_on_mastodon":{"url":"https:\/\/pubeurope.com\/@fr\/114713014003847005","error":""},"_links":{"self":[{"href":"https:\/\/www.europesays.com\/fr\/wp-json\/wp\/v2\/posts\/189754","targetHints":{"allow":["GET"]}}],"collection":[{"href":"https:\/\/www.europesays.com\/fr\/wp-json\/wp\/v2\/posts"}],"about":[{"href":"https:\/\/www.europesays.com\/fr\/wp-json\/wp\/v2\/types\/post"}],"author":[{"embeddable":true,"href":"https:\/\/www.europesays.com\/fr\/wp-json\/wp\/v2\/users\/2"}],"replies":[{"embeddable":true,"href":"https:\/\/www.europesays.com\/fr\/wp-json\/wp\/v2\/comments?post=189754"}],"version-history":[{"count":0,"href":"https:\/\/www.europesays.com\/fr\/wp-json\/wp\/v2\/posts\/189754\/revisions"}],"wp:featuredmedia":[{"embeddable":true,"href":"https:\/\/www.europesays.com\/fr\/wp-json\/wp\/v2\/media\/189755"}],"wp:attachment":[{"href":"https:\/\/www.europesays.com\/fr\/wp-json\/wp\/v2\/media?parent=189754"}],"wp:term":[{"taxonomy":"category","embeddable":true,"href":"https:\/\/www.europesays.com\/fr\/wp-json\/wp\/v2\/categories?post=189754"},{"taxonomy":"post_tag","embeddable":true,"href":"https:\/\/www.europesays.com\/fr\/wp-json\/wp\/v2\/tags?post=189754"}],"curies":[{"name":"wp","href":"https:\/\/api.w.org\/{rel}","templated":true}]}}