{"id":189756,"date":"2025-06-20T01:12:22","date_gmt":"2025-06-20T01:12:22","guid":{"rendered":"https:\/\/www.europesays.com\/fr\/189756\/"},"modified":"2025-06-20T01:12:22","modified_gmt":"2025-06-20T01:12:22","slug":"de-nouvelles-armes-dans-la-lutte-contre-les-rodeos-urbains-a-roubaix-et-dans-ses-alentours","status":"publish","type":"post","link":"https:\/\/www.europesays.com\/fr\/189756\/","title":{"rendered":"De nouvelles armes dans la lutte contre les rod\u00e9os urbains \u00e0 Roubaix et dans ses alentours"},"content":{"rendered":"<p>            Par<br \/>\n        <strong><br \/>\n            <a href=\"https:\/\/actu.fr\/auteur\/annesophie-2\" title=\"Consulter tous les articles de Anne-Sophie Hourdeaux\" target=\"_blank\" rel=\"noopener\">Anne-Sophie Hourdeaux<\/a><br \/>\n        <\/strong><\/p>\n<p>        Publi\u00e9 le<\/p>\n<p>            19 juin 2025 \u00e0 12h52        <\/p>\n<p><b>En ville,<\/b> dans certains quartiers,<b> le retour des beaux jours<\/b> va de pair avec un ph\u00e9nom\u00e8ne redout\u00e9 par de nombreux habitants\u2009: <b>les <a href=\"https:\/\/actu.fr\/tag\/rodeos-urbains\" target=\"_blank\" rel=\"noopener\">rod\u00e9os urbains<\/a>.<\/b> Roues avant lev\u00e9es (wheelings), d\u00e9rapages bruyants et fumants (burns), conduite excessive et en zig zag\u2009: le bruit infernal et les risques d\u2019accidents exasp\u00e8rent. Mais <b>que fait la police<\/b>\u2009? Justement, elle <b>d\u00e9veloppe de nouveaux moyens<\/b>, en partenariat avec les villes, comme \u00e0 <b>Roubaix, Leers, Toufflers, Wasquehal et Hem<\/b>. On vous les pr\u00e9sente.<\/p>\n<p>Un flou juridique<\/p>\n<p class=\" wall-content\">\u00c0 Roubaix, le commissaire de police nationale Abdelkader Haroune veut montrer que la police agit contre les rod\u00e9os urbains, m\u00eame si c\u2019est compliqu\u00e9. \u00ab\u2009Ce n\u2019est pas parce qu\u2019on n\u2019intervient pas de suite qu\u2019on ne fait pas le boulot\u2009\u00bb, r\u00e9sume-t-il.<\/p>\n<p class=\" wall-content\">Il a expliqu\u00e9 que la premi\u00e8re difficult\u00e9 est le flou juridique qui entoure cette notion, car en droit, \u00ab\u2009le d\u00e9lit de rod\u00e9o urbain n\u2019existe tout simplement pas\u2009\u00bb.<\/p>\n<p class=\" wall-content\">Le code de la route avec les articles L 236.1 et L 236.2 donne le cadre\u2009: \u00ab\u2009sont punis les comportements qui compromettent la s\u00e9curit\u00e9 ou troublent la tranquillit\u00e9 publique\u2009\u00bb, avec <b>une peine d\u2019un an d\u2019emprisonnement <\/b>et <b>15\u2009000 euros d\u2019amende<\/b>. \u00ab\u2009Mais il faut une r\u00e9p\u00e9tition du trouble, si une personne fait un wheeling une fois sur un 100 m\u00e8tres, ce n\u2019est pas suffisant\u2026\u2009\u00bb<\/p>\n<p class=\" wall-content\">La loi ne concerne pas les v\u00e9los, mais les trottinettes \u00e9lectriques\u2009? \u00ab\u2009C\u2019est difficile \u00e0 dire, la loi ne pr\u00e9cise pas\u2009\u00bb, signale le commissaire roubaisien. Les rod\u00e9os dans les champs, les jardins et les parcs m\u00eame publics \u00e9chappent aussi \u00e0 la loi. \u00ab\u2009La loi pr\u00e9cise qu\u2019il faut que ce soit sur la voie publique, donc pour verbaliser dans un parc municipal par exemple, on le fera par rapport aux infractions du code de la route, mais pas pour rod\u00e9o.\u2009\u00bb<\/p>\n<p>Les \u00ab\u2009runs\u2009\u00bb et cort\u00e8ges de mariages vis\u00e9s aussi<\/p>\n<p class=\" wall-content\">Trois sortes de \u00ab\u2009rod\u00e9os urbains\u2009\u00bb sont cibl\u00e9s par la police\u2009:<\/p>\n<ul class=\" wall-content\">\n<li>La d\u00e9finition \u00ab\u2009classique\u2009\u00bb de v\u00e9hicules faisant des roues arri\u00e8res et roulant en enfreignant le code de la route\u2009;<\/li>\n<li>les \u00ab\u2009runs\u2009\u00bb, rassemblement de voitures sur les parkings vides dans des zones \u00e9loign\u00e9es\u2009;<\/li>\n<li>les cort\u00e8ges de mariage roulant \u00e0 vive allure et bloquant des carrefours.<\/li>\n<\/ul>\n<p class=\" wall-content\">La ville de Leers est particuli\u00e8rement concern\u00e9e par les \u00ab\u2009runs\u2009\u00bb, rassemblements de voitures pour faire la course notamment, car elle dispose de plusieurs zones commerciales autour d\u2019Auchan. \u00ab\u2009On a mis des coussins berlinois, ralentisseurs, dans le parc d\u2019activit\u00e9s des Verdiers car la nuit, les voitures roulaient \u00e0 vive allure\u2009!\u2009\u00bb, dit Jean-Philippe Andri\u00e8s, maire de Leers.<\/p>\n<p class=\" wall-content\">La loi autorise \u00e0 sanctionner les organisateurs de ces rassemblements, et aussi ceux qui en diffusent les images, photos et vid\u00e9os, sur les r\u00e9seaux sociaux. \u00ab\u00a0Dans ce cadre, une cellule sp\u00e9ciale de policiers \u00e0 Lille, assure la veille sur les r\u00e9seaux sociaux et nous avertit en cas de rendez-vous donn\u00e9\u00a0\u00bb, pr\u00e9cise le commissaire Haroune.<\/p>\n<p>    <img   decoding=\"async\" loading=\"lazy\" class=\"size-large\" src=\"https:\/\/www.europesays.com\/fr\/wp-content\/uploads\/2025\/06\/7cc7d164d358680d7d164d35874d7dv-960x640.jpeg\" alt=\"\u00e9quipe il\u00f4tiers roubaix police\" width=\"960\" height=\"640\"\/><br \/>\n    L\u2019\u00e9quipe d\u2019il\u00f4tiers \u00e0 Roubaix, brigade p\u00e9destre cr\u00e9\u00e9e en septembre 2024, va \u00e0 la rencontre des habitants. \u00a9Anne-Sophie Hourdeaux\/CDN\u00a0Les cam\u00e9ras, un atout pr\u00e9cieux<\/p>\n<p class=\" wall-content\">Concernant les cort\u00e8ges de mariage, Hem en a connu un \u00e9pique il y a quelques semaines, comme le signale Thibault Thieffry, conseiller municipal. \u00ab\u2009Gr\u00e2ce \u00e0 la vid\u00e9overbalisation, ce sont 130 amendes qui ont \u00e9t\u00e9 envoy\u00e9es aux conducteurs, pour une centaine de v\u00e9hicules impliqu\u00e9s. \u00bb Il ajoute, d\u00e9termin\u00e9\u2009: \u00ab\u2009On ne laissera plus passer les d\u00e9bordements, et on va intensifier les vid\u00e9o-verbalisations\u2009!\u2009\u00bb<\/p>\n<p class=\" wall-content\">Les cam\u00e9ras sont un outil pr\u00e9cieux dans la lutte contre les rod\u00e9os urbains. La ville de Wasquehal en a install\u00e9 400, Hem en compte 110 et ira jusqu\u2019\u00e0 130 en 2026, Leers est en train d\u2019en installer une quarantaine\u2026<\/p>\n<p class=\" wall-content\">Chaque ville ayant un CSU, centre de supervision urbain, avec des agents qui d\u00e9cryptent les milliers d\u2019heures de vid\u00e9os.<\/p>\n<p>Des VTT et un service d\u00e9di\u00e9 anti-rod\u00e9o depuis quelques semaines<\/p>\n<p class=\" wall-content\">Deux nouvelles unit\u00e9s ont \u00e9t\u00e9 cr\u00e9\u00e9es r\u00e9cemment\u2009: une brigade p\u00e9destre et VTT avec 10 policiers\u2009; et une unit\u00e9 d\u2019enqu\u00eate dite \u00ab\u2009Task Force anti-rod\u00e9os\u2009\u00bb de 4 policiers.<\/p>\n<p class=\" wall-content\">Les \u00ab\u2009\u00eelotiers\u2009\u00bb, de la brigade p\u00e9destre, sont apparus fin 2024, \u00ab\u2009dans le cadre de la police de rapprochement de la population\u2009\u00bb, dit Roger David, chef de la brigade terrestre.<\/p>\n<blockquote class=\"ac-article-quote wall-content\">\n<p>Les habitants sont contents de revoir des policiers dans les rues et les bus, \u00e0 Roubaix, Toufflers, Leers. Depuis d\u00e9but juin\u00a02025, nous disposons de VTT, ce qui nous permet d\u2019aller sur des sites difficiles d\u2019acc\u00e8s aux voitures, comme le canal.<\/p>\n<p>Roger David, chef de la brigade terrestre de la police de Roubaix<\/p><\/blockquote>\n<p class=\" wall-content\">Sur les berges du canal, les rod\u00e9os ont aussi lieu. \u00ab\u2009Le 11 juin 2025, on a crois\u00e9 une moto conduite par un mineur, qui s\u2019est enfui \u00e0 notre approche, mais nous l\u2019avons revu un peu plus loin, on l\u2019a contr\u00f4l\u00e9 et interpell\u00e9, la moto a \u00e9t\u00e9 saisie imm\u00e9diatement.\u2009\u00bb<\/p>\n<p class=\" wall-content\">Quant \u00e0 la Task Force anti-rod\u00e9os, elle a \u00e9t\u00e9 cr\u00e9\u00e9e mi mai\u00a02025. Comment elle fonctionne\u2009? Encore une fois, la vid\u00e9o lui est d\u2019une grande aide. Car la strat\u00e9gie est davantage l\u2019enqu\u00eate approfondie que le flagrant d\u00e9lit.<\/p>\n<p class=\" wall-content\">\u00ab\u2009De toute fa\u00e7on, quand on arrive, on ne peut pas prendre en flagrant d\u00e9lit car les jeunes, souvent autour de 20 ans, fuient. On est alors dans le cadre d\u2019un refus d\u2019obtemp\u00e9rer, dont le risque est de causer un accident. Or, on veut prot\u00e9ger les habitants, la personne qui conduit et les policiers. Donc, on pr\u00e9f\u00e8re r\u00e9agir dans un 2e temps, en menant une enqu\u00eate avec les images des vid\u00e9os. Et si on ne peut pas reconna\u00eetre le conducteur car il est masqu\u00e9, on peut identifier le v\u00e9hicule, souvent une motocross, et la confisquer\u2009!\u2009\u00bb, signalent les policiers.<\/p>\n<p>55 v\u00e9hicules saisis dans des rod\u00e9os urbains depuis janvier\u00a02025<\/p>\n<p class=\" wall-content\">C\u00f4t\u00e9 chiffres, depuis janvier 2025 sur Roubaix et alentours, ce sont \u00ab\u200956 v\u00e9hicules saisis pour rod\u00e9os urbains, dont 44 motos, un quad et 11 scooters\u2009\u00bb, annonce le commissaire Haroune. \u00ab\u2009Sur les 56, 30 ont \u00e9t\u00e9 d\u00e9truits. Notre but est de voir d\u00e9truits syst\u00e9matiquement les v\u00e9hicules saisis. \u00bb<\/p>\n<p class=\" wall-content\">Dans le cadre des \u00ab\u2009runs\u2009\u00bb (rassemblements de voitures sur parkings isol\u00e9s), 18 v\u00e9hicules ont \u00e9t\u00e9 saisis.<\/p>\n<p class=\" wall-content\">Pierre-Emmanuel Gilardeau, sous-pr\u00e9fet \u00e0 la ville de Roubaix, r\u00e9sume\u2009: \u00ab\u2009C\u2019est cette action concert\u00e9e qui sera efficace, entre la police nationale, la municipale, les communes. Il y a aussi l\u2019am\u00e9nagement de la voirie pour entraver les rod\u00e9os. La politique de la ville a sa part pour animer les quartiers et occuper les jeunes\u2009\u00bb.<\/p>\n<p>Les citoyens vigilants<\/p>\n<p class=\" wall-content\">Les \u00e9lus ont une autre arme contre les rod\u00e9os\u2009: la vigilance des habitants, invit\u00e9s \u00e0 signaler les comportements dangereux. \u00ab\u2009Par exemple, \u00e0 Toufflers, nous avons un r\u00e9seau de citoyens vigilants, diff\u00e9rents des voisins vigilants, au nombre de 15\u00a0personnes, qui ont un num\u00e9ro direct avec la police municipale en cas de probl\u00e8me\u2009\u00bb, dit le maire, Alain Gonce. Sa commune n\u2019est pas \u00e9quip\u00e9e de cam\u00e9ras, et il ne le souhaite pas, au vu du co\u00fbt.<\/p>\n<p class=\" wall-content\">Autre outil des \u00e9quipes polici\u00e8res, les drones, dans le cadre des flagrants d\u00e9lits par exemple.<\/p>\n<p class=\" wall-content\">Toutes ces mesures suffiront-elles \u00e0 faire passer un bon \u00e9t\u00e9 aux habitants, sans bruit de moteur et dans la s\u00e9curit\u00e9\u2009? Car les \u00e9lus le savent bien, les nuisances des rod\u00e9os, \u00ab\u2009un fl\u00e9au\u2009\u00bb pour tous, semblent augmenter. \u00ab\u2009On le voit dans les mains courantes d\u00e9pos\u00e9es \u00e0 la police municipale\u2009\u00bb, remarque le maire de Leers. Le volet pr\u00e9vention peut-il aider\u2009? \u00ab\u2009Nous, on remet une charte aux futurs mari\u00e9s quand ils d\u00e9clarent leurs bancs, avant le mariage, mais ce n\u2019est qu\u2019un document appelant au respect de certaines r\u00e8gles. On r\u00e9fl\u00e9chit \u00e0 formaliser les choses un peu plus officiellement, \u00e0 signer par exemple\u2009\u00bb, dit encore Jean-Philippe Andri\u00e8s.<\/p>\n<p class=\" wall-content\">Les \u00e9lus et la police le savent tous\u2009: l\u2019\u00e9t\u00e9 sera encore chaud dans certains quartiers.<\/p>\n<p class=\" wall-content\">Suivez toute l\u2019actualit\u00e9 de vos villes et m\u00e9dias favoris en vous inscrivant \u00e0 <a href=\"https:\/\/moncompte.actu.fr\" title=\"D\u00e9couvez Mon Actu\" rel=\"nofollow noopener\" data-trk=\"{&quot;cta&quot;:{&quot;action&quot;:&quot;https:\\\/\\\/moncompte.actu.fr&quot;,&quot;category&quot;:&quot;mon compte&quot;,&quot;from&quot;:&quot;article footer&quot;,&quot;name&quot;:&quot;Mon actu&quot;,&quot;type&quot;:&quot;cta&quot;}}\" target=\"_blank\">Mon Actu<\/a>.<\/p>\n","protected":false},"excerpt":{"rendered":"Par Anne-Sophie Hourdeaux Publi\u00e9 le 19 juin 2025 \u00e0 12h52 En ville, dans certains quartiers, le retour des&hellip;\n","protected":false},"author":2,"featured_media":189757,"comment_status":"","ping_status":"","sticky":false,"template":"","format":"standard","meta":{"footnotes":""},"categories":[2815],"tags":[1111,11,1777,674,1011,27,811,1307,12,1072,25,5575,104],"class_list":{"0":"post-189756","1":"post","2":"type-post","3":"status-publish","4":"format-standard","5":"has-post-thumbnail","7":"category-lille","8":"tag-actu","9":"tag-actualites","10":"tag-eu","11":"tag-europe","12":"tag-fr","13":"tag-france","14":"tag-hauts-de-france","15":"tag-lille","16":"tag-news","17":"tag-police","18":"tag-republique-francaise","19":"tag-rodeos-urbains","20":"tag-societe"},"share_on_mastodon":{"url":"https:\/\/pubeurope.com\/@fr\/114713037692454877","error":""},"_links":{"self":[{"href":"https:\/\/www.europesays.com\/fr\/wp-json\/wp\/v2\/posts\/189756","targetHints":{"allow":["GET"]}}],"collection":[{"href":"https:\/\/www.europesays.com\/fr\/wp-json\/wp\/v2\/posts"}],"about":[{"href":"https:\/\/www.europesays.com\/fr\/wp-json\/wp\/v2\/types\/post"}],"author":[{"embeddable":true,"href":"https:\/\/www.europesays.com\/fr\/wp-json\/wp\/v2\/users\/2"}],"replies":[{"embeddable":true,"href":"https:\/\/www.europesays.com\/fr\/wp-json\/wp\/v2\/comments?post=189756"}],"version-history":[{"count":0,"href":"https:\/\/www.europesays.com\/fr\/wp-json\/wp\/v2\/posts\/189756\/revisions"}],"wp:featuredmedia":[{"embeddable":true,"href":"https:\/\/www.europesays.com\/fr\/wp-json\/wp\/v2\/media\/189757"}],"wp:attachment":[{"href":"https:\/\/www.europesays.com\/fr\/wp-json\/wp\/v2\/media?parent=189756"}],"wp:term":[{"taxonomy":"category","embeddable":true,"href":"https:\/\/www.europesays.com\/fr\/wp-json\/wp\/v2\/categories?post=189756"},{"taxonomy":"post_tag","embeddable":true,"href":"https:\/\/www.europesays.com\/fr\/wp-json\/wp\/v2\/tags?post=189756"}],"curies":[{"name":"wp","href":"https:\/\/api.w.org\/{rel}","templated":true}]}}