{"id":189758,"date":"2025-06-20T01:13:26","date_gmt":"2025-06-20T01:13:26","guid":{"rendered":"https:\/\/www.europesays.com\/fr\/189758\/"},"modified":"2025-06-20T01:13:26","modified_gmt":"2025-06-20T01:13:26","slug":"pour-plus-de-donneurs-de-sang-actualites","status":"publish","type":"post","link":"https:\/\/www.europesays.com\/fr\/189758\/","title":{"rendered":"Pour plus de donneurs de sang \/ Actualit\u00e9s"},"content":{"rendered":"<p><strong>Quand l\u2019\u00e9t\u00e9 bat son plein, les dons baissent<\/strong>. D\u00e9parts en vacances, farniente ou encore chaleurs sont g\u00e9n\u00e9ralement synonymes de p\u00e9nurie pour l\u2019\u00c9tablissement Fran\u00e7ais du Sang (EFS).<\/p>\n<p>Mais \u00e9t\u00e9 ou pas, les accidents, les h\u00e9morragies et les maladies ne prennent pas de pause. Ce sont ces derni\u00e8res, qu\u2019elles soient chroniques ou li\u00e9es \u00e0 un cancer, par exemple, qui n\u00e9cessitent <strong>des dons de mani\u00e8re permanente<\/strong>, rappelle le docteur Annie-Claude Manteau, directrice de l\u2019EFS pour les Hauts-de-France et la Normandie.\u00a0<\/p>\n<p><strong>Prendre soin des autres<\/strong><\/p>\n<p>En ce 18 juin, elle se retrouve aux c\u00f4t\u00e9s d\u2019Arnaud Deslandes, maire de Lille, pour signer une convention, qui n\u2019est pas un aboutissement mais une confirmation de la <strong>collaboration engag\u00e9e depuis de nombreuses ann\u00e9es entre la Ville et l\u2019EFS.<\/strong><\/p>\n<p>\u00ab\u00a0Nous voulons agir, \u00e0 notre \u00e9chelle, en faveur du bien commun, cette convention marque l\u2019expression concr\u00e8te de <strong>notre capacit\u00e9 \u00e0 prendre soin des autres<\/strong>\u00a0\u00bb, confirme Arnaud Deslandes.\u00a0<\/p>\n<p><strong>Informer et mobiliser<\/strong><\/p>\n<p>Sur quoi repose-t-elle ? La mairie<strong>\u00a0sensibilise et informe les habitants<\/strong> \u00e0 l\u2019importance de donner son sang.\u00a0<\/p>\n<p>Elle met \u00e9galement \u00e0 disposition de l\u2019EFS les moyens n\u00e9cessaires pour l\u2019organisation de collectes dans les diff\u00e9rents quartiers lillois.\u00a0<\/p>\n<p>Et gr\u00e2ce \u00e0 ses P\u00f4les Ressources Sant\u00e9 (PRS), \u00e0 Moulins, Lille-Sud, Faubourg de B\u00e9thune et Fives, <strong>elle a mobilis\u00e9 un nouveau public<\/strong>, pas ou peu habitu\u00e9 \u00e0 la d\u00e9marche de don du sang.<\/p>\n<p><strong>Plasma et plaquettes aussi<\/strong><\/p>\n<p>EFS et Ville ont cet objectif commun\u00a0: augmenter le nombre de donneurs r\u00e9guliers et occasionnels.\u00a0<\/p>\n<p>Depuis le Covid, ils ont diminu\u00e9. <strong>Moins de 5% des Fran\u00e7ais en capacit\u00e9 de donner leur sang le font<\/strong>.\u00a0<\/p>\n<p>\u00ab\u00a0C\u2019est encore moins pour le plasma, et pour les plaquettes alors qu\u2019elles n\u2019ont qu\u2019une dur\u00e9e de vie de sept jours\u00a0\u00bb, rappelle le docteur Manteau.\u00a0<\/p>\n<p>Par Val\u00e9rie Pfahl<\/p>\n<p><strong>Pourquoi pas moi\u00a0?<\/strong><\/p>\n<p>\u00ab\u00a0Quand notre fils de 14 ans a \u00e9t\u00e9 touch\u00e9 par un lymphome, nous avons appris que <strong>la maladie elle-m\u00eame et les cures de chimioth\u00e9rapies allaient n\u00e9cessiter des transfusions sanguines,<\/strong> et nous avons aussi pris conscience de l\u2019acte civique des donneurs\u00a0\u00bb, raconte Dominique.<\/p>\n<p>Certains cancers impactent directement la production de cellules sanguines, comme le lymphome ou la leuc\u00e9mie.\u00a0<\/p>\n<p>Et les <strong>traitements intensifs entra\u00eenent la destruction des cellules canc\u00e9reuses mais aussi celles des cellules de la moelle osseuse,<\/strong> \u00e0 l\u2019origine des cellules sanguines.\u00a0<\/p>\n<p>Durant cette p\u00e9riode, l\u2019organisme ne peut plus renouveler ses globules rouges, la transfusion de plaquettes est donc indispensable.\u00a0<\/p>\n<p>En France, <strong>36% des transfusions sont utilis\u00e9es dans le cadre de traitements contre le cancer.\u00a0<\/strong><\/p>\n<p><strong>Une heure pour trois vies<\/strong><\/p>\n<p>Laetitia a pris conscience de l\u2019importance du don lors d\u2019un \u00e9v\u00e9nement inattendu\u00a0: \u00ab\u00a0c\u2019est le p\u00e8re d\u2019une amie qui a eu besoin d\u2019une transfusion lors d\u2019un accident de voiture, j\u2019ai eu le d\u00e9clic\u00a0\u00bb.\u00a0<\/p>\n<p>Charlotte, elle, a fait une grave h\u00e9morragie lors de son accouchement. Elle r\u00e9sume\u00a0: \u00ab\u00a0<strong>sans ce don du sang, je ne serai plus l\u00e0\u00a0<\/strong>\u00bb.<\/p>\n<p>Et s\u2019il n\u2019\u00e9tait pas n\u00e9cessaire de conna\u00eetre quelqu\u2019un dans son entourage qui a eu besoin d\u2019une transfusion \u00e0 un moment de sa vie\u00a0?\u00a0<\/p>\n<p>Comme Vincent, qui donne sang, plaquettes et plasma, \u00ab\u00a0<strong>avec le sentiment d\u2019\u00eatre utile<\/strong>\u00a0\u00bb, ou Camille qui rappelle qu\u2019en seulement une heure (<strong>une dizaine de minutes pour le don lui-m\u00eame<\/strong>, l\u2019entretien avec l\u2019\u00e9quipe m\u00e9dicale et le temps de repos r\u00e9glementaire), vous pouvez sauver trois vies\u2026<\/p>\n<p>Par V.P.<\/p>\n<p>\u00a0. Toutes les infos sur https:\/\/dondesang.efs.sante.fr\t<\/p>\n","protected":false},"excerpt":{"rendered":"Quand l\u2019\u00e9t\u00e9 bat son plein, les dons baissent. D\u00e9parts en vacances, farniente ou encore chaleurs sont g\u00e9n\u00e9ralement synonymes&hellip;\n","protected":false},"author":2,"featured_media":189759,"comment_status":"","ping_status":"","sticky":false,"template":"","format":"standard","meta":{"footnotes":""},"categories":[2815],"tags":[1111,11,4763,1777,674,1011,27,811,1307,5415,12,25],"class_list":{"0":"post-189758","1":"post","2":"type-post","3":"status-publish","4":"format-standard","5":"has-post-thumbnail","7":"category-lille","8":"tag-actu","9":"tag-actualites","10":"tag-agenda","11":"tag-eu","12":"tag-europe","13":"tag-fr","14":"tag-france","15":"tag-hauts-de-france","16":"tag-lille","17":"tag-mairie","18":"tag-news","19":"tag-republique-francaise"},"share_on_mastodon":{"url":"https:\/\/pubeurope.com\/@fr\/114713041753071965","error":""},"_links":{"self":[{"href":"https:\/\/www.europesays.com\/fr\/wp-json\/wp\/v2\/posts\/189758","targetHints":{"allow":["GET"]}}],"collection":[{"href":"https:\/\/www.europesays.com\/fr\/wp-json\/wp\/v2\/posts"}],"about":[{"href":"https:\/\/www.europesays.com\/fr\/wp-json\/wp\/v2\/types\/post"}],"author":[{"embeddable":true,"href":"https:\/\/www.europesays.com\/fr\/wp-json\/wp\/v2\/users\/2"}],"replies":[{"embeddable":true,"href":"https:\/\/www.europesays.com\/fr\/wp-json\/wp\/v2\/comments?post=189758"}],"version-history":[{"count":0,"href":"https:\/\/www.europesays.com\/fr\/wp-json\/wp\/v2\/posts\/189758\/revisions"}],"wp:featuredmedia":[{"embeddable":true,"href":"https:\/\/www.europesays.com\/fr\/wp-json\/wp\/v2\/media\/189759"}],"wp:attachment":[{"href":"https:\/\/www.europesays.com\/fr\/wp-json\/wp\/v2\/media?parent=189758"}],"wp:term":[{"taxonomy":"category","embeddable":true,"href":"https:\/\/www.europesays.com\/fr\/wp-json\/wp\/v2\/categories?post=189758"},{"taxonomy":"post_tag","embeddable":true,"href":"https:\/\/www.europesays.com\/fr\/wp-json\/wp\/v2\/tags?post=189758"}],"curies":[{"name":"wp","href":"https:\/\/api.w.org\/{rel}","templated":true}]}}