{"id":189770,"date":"2025-06-20T01:24:18","date_gmt":"2025-06-20T01:24:18","guid":{"rendered":"https:\/\/www.europesays.com\/fr\/189770\/"},"modified":"2025-06-20T01:24:18","modified_gmt":"2025-06-20T01:24:18","slug":"plus-rien-ne-separe-la-droite-regionale-du-rn-valerie-pecresse-retire-une-deuxieme-subvention-a-la-marche-des-fiertes","status":"publish","type":"post","link":"https:\/\/www.europesays.com\/fr\/189770\/","title":{"rendered":"\u00ab\u00a0Plus rien ne s\u00e9pare la droite r\u00e9gionale du RN\u00a0\u00bb\u00a0: Val\u00e9rie P\u00e9cresse retire une deuxi\u00e8me subvention \u00e0 la Marche des fiert\u00e9s"},"content":{"rendered":"<p>Val\u00e9rie P\u00e9cresse a, lors de la commission permanente de la r\u00e9gion \u00cele-de-France du jeudi 19\u00a0juin, d\u00e9cid\u00e9 de retirer une deuxi\u00e8me subvention \u00e0 l\u2019Inter-LGBT, destin\u00e9e \u00e0 l\u2019organisation de la Marche des fiert\u00e9s du samedi 28\u00a0juin. Le 5\u00a0juin dernier, la pr\u00e9sidente de la R\u00e9gion avait, au d\u00e9tour d\u2019un post sur X (ex-Twitter), annonc\u00e9 <a href=\"https:\/\/www.humanite.fr\/societe\/extreme-droite\/lextreme-droite-ne-sarretera-pas-la-apres-les-attaques-contre-laffiche-de-la-marche-des-fiertes-linter-lgbt-appelle-a-la-mobilisatio\" rel=\"nofollow noopener\" target=\"_blank\">le retrait d\u2019une premi\u00e8re subvention<\/a>. Ces d\u00e9cisions, aux relents de censures politiques, font suite \u00e0 la diffusion de l\u2019affiche appelant \u00e0 cette mobilisation, publi\u00e9e en avant-premi\u00e8re dans l\u2019Humanit\u00e9.<\/p>\n<p>\u00ab\u00a0Embo\u00eetant une nouvelle fois le pas \u00e0 l\u2019extr\u00eame droite, Val\u00e9rie P\u00e9cresse s\u2019acharne contre cet \u00e9v\u00e8nement en faveur des <a href=\"https:\/\/www.humanite.fr\/societe\/discrimination-au-travail\/encule-gouine-travelo-au-travail-les-insultes-lgbtphobes-sont-encore-legion\" rel=\"nofollow noopener\" target=\"_blank\">droits des personnes LGBT +<\/a>\u00a0et de l\u2019\u00e9galit\u00e9\u00a0\u00bb, fustigent les \u00e9lus de la Gauche communiste, \u00e9cologiste et citoyenne dans un communiqu\u00e9.<\/p>\n<p>Une perte s\u00e8che de 50\u00a0000\u00a0euros<\/p>\n<p>Cette subvention est pourtant \u00ab\u00a0due\u00a0\u00bb, dans la mesure o\u00f9 elle a \u00e9t\u00e9 accord\u00e9e et vot\u00e9e au titre de la Marche des fiert\u00e9s 2023. Ce revirement a \u00e9t\u00e9 engag\u00e9 par <a href=\"https:\/\/www.humanite.fr\/politique\/extreme-droite\/entre-complotisme-et-methode-coue-marine-le-pen-avait-rendez-vous-avec-linternationale-fasciste-dans-le-loiret\" rel=\"nofollow noopener\" target=\"_blank\">le Rassemblement National (RN)<\/a>, qui estime \u00ab\u00a0qu\u2019il para\u00eetrait totalement incoh\u00e9rent que l\u2019ex\u00e9cutif valide aujourd\u2019hui la pr\u00e9sente subvention\u00a0\u00bb. \u00ab\u00a0Val\u00e9rie P\u00e9cresse partage donc l\u2019avis du RN\u00a0\u00bb, s\u2019insurgent dans un communiqu\u00e9 les \u00e9lus du groupe de la France Insoumise et apparent\u00e9 au conseil r\u00e9gional d\u2019\u00cele de France, qui affirme que \u00ab\u00a0plus rien ne s\u00e9pare d\u00e9sormais la droite r\u00e9gionale du parti de Jean-Marie Le\u00a0Pen\u00a0\u00bb.<\/p>\n<p>\u00ab\u00a0Cette nouvelle attaque est une d\u00e9cision grave, qui confirme que Val\u00e9rie P\u00e9cresse appartient aux rangs de l\u2019internationale r\u00e9actionnaire\u00a0\u00bb,  explique <\/p>\n","protected":false},"excerpt":{"rendered":"Val\u00e9rie P\u00e9cresse a, lors de la commission permanente de la r\u00e9gion \u00cele-de-France du jeudi 19\u00a0juin, d\u00e9cid\u00e9 de retirer&hellip;\n","protected":false},"author":2,"featured_media":189771,"comment_status":"","ping_status":"","sticky":false,"template":"","format":"standard","meta":{"footnotes":""},"categories":[1592],"tags":[1111,11,1777,674,1011,27,662,9087,32756,12,626,25,4494],"class_list":{"0":"post-189770","1":"post","2":"type-post","3":"status-publish","4":"format-standard","5":"has-post-thumbnail","7":"category-ile-de-france","8":"tag-actu","9":"tag-actualites","10":"tag-eu","11":"tag-europe","12":"tag-fr","13":"tag-france","14":"tag-ile-de-france","15":"tag-lgbt","16":"tag-marche-des-fiertu00e9s","17":"tag-news","18":"tag-paris","19":"tag-republique-francaise","20":"tag-valu00e9rie-pu00e9cresse"},"share_on_mastodon":{"url":"https:\/\/pubeurope.com\/@fr\/114713084889556195","error":""},"_links":{"self":[{"href":"https:\/\/www.europesays.com\/fr\/wp-json\/wp\/v2\/posts\/189770","targetHints":{"allow":["GET"]}}],"collection":[{"href":"https:\/\/www.europesays.com\/fr\/wp-json\/wp\/v2\/posts"}],"about":[{"href":"https:\/\/www.europesays.com\/fr\/wp-json\/wp\/v2\/types\/post"}],"author":[{"embeddable":true,"href":"https:\/\/www.europesays.com\/fr\/wp-json\/wp\/v2\/users\/2"}],"replies":[{"embeddable":true,"href":"https:\/\/www.europesays.com\/fr\/wp-json\/wp\/v2\/comments?post=189770"}],"version-history":[{"count":0,"href":"https:\/\/www.europesays.com\/fr\/wp-json\/wp\/v2\/posts\/189770\/revisions"}],"wp:featuredmedia":[{"embeddable":true,"href":"https:\/\/www.europesays.com\/fr\/wp-json\/wp\/v2\/media\/189771"}],"wp:attachment":[{"href":"https:\/\/www.europesays.com\/fr\/wp-json\/wp\/v2\/media?parent=189770"}],"wp:term":[{"taxonomy":"category","embeddable":true,"href":"https:\/\/www.europesays.com\/fr\/wp-json\/wp\/v2\/categories?post=189770"},{"taxonomy":"post_tag","embeddable":true,"href":"https:\/\/www.europesays.com\/fr\/wp-json\/wp\/v2\/tags?post=189770"}],"curies":[{"name":"wp","href":"https:\/\/api.w.org\/{rel}","templated":true}]}}