{"id":189776,"date":"2025-06-20T01:27:11","date_gmt":"2025-06-20T01:27:11","guid":{"rendered":"https:\/\/www.europesays.com\/fr\/189776\/"},"modified":"2025-06-20T01:27:11","modified_gmt":"2025-06-20T01:27:11","slug":"previsions-du-vendredi-20-juin-2025-8","status":"publish","type":"post","link":"https:\/\/www.europesays.com\/fr\/189776\/","title":{"rendered":"pr\u00e9visions du vendredi 20 juin 2025"},"content":{"rendered":"<p>\u00c0 Paris, les maximales iront jusqu&rsquo;\u00e0 31\u00b0C dans la journ\u00e9e alors que les minimales seront de 18\u00b0C : c&rsquo;est donc un superbe \u00e9t\u00e9. Un vent de nord-est rafra\u00eechira un peu l&rsquo;atmosph\u00e8re. On notera la pr\u00e9sence persistante de nuages le matin. L&rsquo;apr\u00e8s-midi, les Parisiens comme les vacanciers vont pouvoir b\u00e9n\u00e9ficier d&rsquo;un soleil magnifique. C&rsquo;est une hausse de plusieurs degr\u00e9s que vont enregistrer les temp\u00e9ratures pour un climat de plus en plus estival. La p\u00e9riode de fortes chaleurs est bien l\u00e0, avec des valeurs qui pourront monter jusqu&rsquo;\u00e0 31\u00b0C. Durant votre sommeil, dans la nuit de vendredi \u00e0 samedi, le ciel sera clair.<\/p>\n<p>C&rsquo;est un soleil \u00e9clatant qui va se montrer demain sur Paris. La m\u00e9t\u00e9o va se r\u00e9chauffer avec une augmentation de quelques degr\u00e9s pour un \u00e9t\u00e9 chaud. Les importantes chaleurs sont pr\u00e9sentes. Avec des temp\u00e9ratures comprises entre 17 et 34\u00b0C. Ce sera un bel \u00e9t\u00e9 : les valeurs afficheront entre 17 et 34\u00b0C. Un modeste vent d&rsquo;est sera ressenti par les habitants. Le matin, de tr\u00e8s grosses chaleurs (entre 20\u00b0C et 31\u00b0C) sont pr\u00e9vues. L&rsquo;\u00e9t\u00e9 prend ses quartiers ! Les temp\u00e9ratures vont grimper pendant l&rsquo;apr\u00e8s-midi de plusieurs degr\u00e9s. La ville va conna\u00eetre une vague de fortes chaleurs avec des temp\u00e9ratures qui atteindront parfois les 34\u00b0C. La ville va p\u00e2tir d&rsquo;importantes chaleurs avec des valeurs qui devraient monter \u00e0 33\u00b0C demain soir.<\/p>\n<p>Les jours s&rsquo;encha\u00eenent et se ressemblent. Comptez sur 31\u00b0C en moyenne qui accompagneront des journ\u00e9es ensoleill\u00e9es.<\/p>\n<p>Aujourd&rsquo;hui sera l&rsquo;occasion id\u00e9ale pour f\u00eater le d\u00e9but de l&rsquo;\u00e9t\u00e9 en musique puisqu&rsquo;apr\u00e8s les jours commenceront \u00e0 se raccourcir, c&rsquo;est la journ\u00e9e la plus longue de l&rsquo;ann\u00e9e !<\/p>\n","protected":false},"excerpt":{"rendered":"\u00c0 Paris, les maximales iront jusqu&rsquo;\u00e0 31\u00b0C dans la journ\u00e9e alors que les minimales seront de 18\u00b0C :&hellip;\n","protected":false},"author":2,"featured_media":189777,"comment_status":"","ping_status":"","sticky":false,"template":"","format":"standard","meta":{"footnotes":""},"categories":[1888],"tags":[11,1777,674,1011,27,662,12,626,2119,25],"class_list":{"0":"post-189776","1":"post","2":"type-post","3":"status-publish","4":"format-standard","5":"has-post-thumbnail","7":"category-paris","8":"tag-actualites","9":"tag-eu","10":"tag-europe","11":"tag-fr","12":"tag-france","13":"tag-ile-de-france","14":"tag-news","15":"tag-paris","16":"tag-previsions-meteo","17":"tag-republique-francaise"},"share_on_mastodon":{"url":"https:\/\/pubeurope.com\/@fr\/114713096609339759","error":""},"_links":{"self":[{"href":"https:\/\/www.europesays.com\/fr\/wp-json\/wp\/v2\/posts\/189776","targetHints":{"allow":["GET"]}}],"collection":[{"href":"https:\/\/www.europesays.com\/fr\/wp-json\/wp\/v2\/posts"}],"about":[{"href":"https:\/\/www.europesays.com\/fr\/wp-json\/wp\/v2\/types\/post"}],"author":[{"embeddable":true,"href":"https:\/\/www.europesays.com\/fr\/wp-json\/wp\/v2\/users\/2"}],"replies":[{"embeddable":true,"href":"https:\/\/www.europesays.com\/fr\/wp-json\/wp\/v2\/comments?post=189776"}],"version-history":[{"count":0,"href":"https:\/\/www.europesays.com\/fr\/wp-json\/wp\/v2\/posts\/189776\/revisions"}],"wp:featuredmedia":[{"embeddable":true,"href":"https:\/\/www.europesays.com\/fr\/wp-json\/wp\/v2\/media\/189777"}],"wp:attachment":[{"href":"https:\/\/www.europesays.com\/fr\/wp-json\/wp\/v2\/media?parent=189776"}],"wp:term":[{"taxonomy":"category","embeddable":true,"href":"https:\/\/www.europesays.com\/fr\/wp-json\/wp\/v2\/categories?post=189776"},{"taxonomy":"post_tag","embeddable":true,"href":"https:\/\/www.europesays.com\/fr\/wp-json\/wp\/v2\/tags?post=189776"}],"curies":[{"name":"wp","href":"https:\/\/api.w.org\/{rel}","templated":true}]}}