{"id":189778,"date":"2025-06-20T01:28:21","date_gmt":"2025-06-20T01:28:21","guid":{"rendered":"https:\/\/www.europesays.com\/fr\/189778\/"},"modified":"2025-06-20T01:28:21","modified_gmt":"2025-06-20T01:28:21","slug":"guerre-israel-iran-rassemblement-a-paris-pour-dire-non-a-khamenei-et-non-a-netanyahou","status":"publish","type":"post","link":"https:\/\/www.europesays.com\/fr\/189778\/","title":{"rendered":"Guerre Isra\u00ebl-Iran\u00a0: rassemblement \u00e0 Paris pour dire \u00ab\u00a0non \u00e0 Khamenei et non \u00e0 Netanyahou\u00a0\u00bb"},"content":{"rendered":"<p class=\"paragraph text_align_left lp-f-body-02\">\u00ab On ne veut ni Khamenei ni Netanyahou \u00bb. Plusieurs dizaines de personnes se sont rassembl\u00e9es jeudi soir place du Panth\u00e9on \u00e0 Paris (Ve) pour \u00ab dire non \u00e0 l\u2019agression militaire d\u2019Isra\u00ebl en Iran et non \u00e0 la R\u00e9publique islamique \u00bb.<\/p>\n<p class=\"paragraph text_align_left lp-f-body-02\">\u00ab Non \u00e0 la guerre, non aux mollahs ! \u00bb ont scand\u00e9 les participants, majoritairement franco-iraniens. \u00c0 l\u2019appel de plusieurs associations de d\u00e9fense des droits humains en Iran, ils ont r\u00e9clam\u00e9 un \u00ab cessez-le-feu imm\u00e9diat \u00bb <a href=\"https:\/\/www.leparisien.fr\/international\/israel\/\" target=\"_self\" rel=\"nofollow noopener\">entre Isra\u00ebl et l\u2019Iran<\/a>, et la protection des civils.<\/p>\n<p><img decoding=\"async\" class=\"image \" loading=\"lazy\" src=\"https:\/\/www.europesays.com\/fr\/wp-content\/uploads\/2025\/06\/SMNSV7QHYRHV3BRMA4EEGN5YGI.jpg\" alt=\"Place du Panth\u00e9on, \u00e0 Paris, ce 19 juin 2025. AFP\/Martin Lelievre\" align=\"\" data-rubrique-principale=\"\" data-article-type=\"\" fetchpriority=\"auto\"\/>Place du Panth\u00e9on, \u00e0 Paris, ce 19 juin 2025. AFP\/Martin Lelievre <\/p>\n<p class=\"paragraph text_align_left lp-f-body-02\">\u00ab Aujourd\u2019hui, r\u00e8gne la loi du plus fort au Moyen-Orient. C\u2019est terrifiant non seulement pour les Iraniens, les Isra\u00e9liens, c\u2019est terrifiant pour tous les civils de la r\u00e9gion \u00bb, a d\u00e9clar\u00e9 Darya Djabaheri-Farsi, 25 ans, franco-iranienne, d\u00e9plorant que dans la guerre actuelle, \u00ab les voix de la soci\u00e9t\u00e9 civile ne sont pas entendues \u00bb.<\/p>\n<p class=\"paragraph text_align_left lp-f-body-02\">Pour autant, cette \u00ab fille de dissidents \u00bb s\u2019est \u00e9lev\u00e9e contre la volont\u00e9 quasiment explicite d\u2019Isra\u00ebl <a href=\"https:\/\/www.leparisien.fr\/international\/iran\/tous-les-scenarios-sont-sur-la-table-israel-peut-il-aller-jusqua-eliminer-layatollah-ali-khamenei-17-06-2025-XKNYPTTL2JGPRI6KDUZO5Z5WDY.php\" target=\"_self\" rel=\"nofollow noopener\">d\u2019\u00e9liminer le guide supr\u00eame Ali Khamenei<\/a>.<\/p>\n<p>\u00ab Coup de poker \u00bb<\/p>\n<p class=\"paragraph text_align_left lp-f-body-02\">\u00ab J\u2019aimerais qu\u2019on me montre dans l\u2019histoire de la r\u00e9gion un moment o\u00f9 un leader a \u00e9t\u00e9 assassin\u00e9 et o\u00f9 \u00e7a a d\u00e9bouch\u00e9 sur l\u2019av\u00e8nement d\u2019une d\u00e9mocratie \u00bb, a d\u00e9clar\u00e9 Darya Djabaheri-Farsi, en d\u00e9non\u00e7ant \u00ab le coup de poker enclench\u00e9 par (Benjamin) Netanyahou \u00bb.<\/p>\n<p class=\"paragraph text_align_left lp-f-body-02\">Une crainte relay\u00e9e par une autre manifestante qui brandissait une pancarte disant \u00ab Non \u00e0 Khamenei, non \u00e0 Netanyahou, non \u00e0 Pahlavi ! \u00bb, en r\u00e9f\u00e9rence \u00e0 l\u2019opposant en exil <a href=\"https:\/\/www.leparisien.fr\/international\/iran\/soutenu-par-israel-peu-populaire-aupres-des-iraniens-qui-est-reza-pahlavi-le-fils-du-dernier-chah-18-06-2025-3XJNTJ7UERGYDOA5VAZHLTTMXQ.php\" target=\"_self\" rel=\"nofollow noopener\">Reza Pahlavi, fils du dernier shah d\u2019Iran<\/a>, qui r\u00e9clame la chute de la R\u00e9publique islamique et entretient de bonnes relations avec Isra\u00ebl.<\/p>\n<p class=\"paragraph text_align_left lp-f-body-02\">\u00ab On ne veut ni Khamenei ni Netanyahou mais le grand danger c\u2019est que les \u00c9tats-Unis et Isra\u00ebl mettent les Pahlavi \u00e0 leur place \u00bb, a d\u00e9clar\u00e9 cette ing\u00e9nieure de 40 ans, Azadeh, qui n\u2019a pas voulu donner son nom de famille.<\/p>\n<p class=\"paragraph text_align_left lp-f-body-02\">\u00ab On ne veut pas une t\u00eate couronn\u00e9e, on veut une d\u00e9mocratie \u00bb, a-t-elle insist\u00e9, tout en estimant que les frappes isra\u00e9liennes pouvaient \u00eatre une \u00ab opportunit\u00e9 \u00bb de faire tomber le pouvoir religieux actuel \u00ab ce que veulent 100 % des Iraniens, sauf ceux du r\u00e9gime \u00bb.<\/p>\n<p class=\"paragraph text_align_left lp-f-body-02\">\u00ab Ce n\u2019est pas parce qu\u2019on est contre le gouvernement iranien qu\u2019on doit soutenir l\u2019attaque isra\u00e9lienne, je ne veux pas qu\u2019on nous oblige \u00e0 prendre parti \u00bb, a d\u00e9clar\u00e9 pour sa part Kian Le Gall, \u00e9tudiant fran\u00e7ais de m\u00e8re iranienne.<\/p>\n<p class=\"paragraph text_align_left lp-f-body-02\">La <a href=\"https:\/\/www.leparisien.fr\/international\/israel\/direct-guerre-israel-iran-letat-hebreu-appelle-a-evacuer-deux-villages-iraniens-avant-des-frappes-sur-des-installations-19-06-2025-QRDBDM6JMRA35I25ASX5NOP73U.php\" target=\"_self\" rel=\"nofollow noopener\">guerre entre les deux grands ennemis du Moyen-Orient<\/a>, d\u00e9clench\u00e9e par des frappes isra\u00e9liennes le 13 juin, a fait au moins 224 morts c\u00f4t\u00e9 iranien et 24 c\u00f4t\u00e9 isra\u00e9lien, selon des bilans officiels.<\/p>\n","protected":false},"excerpt":{"rendered":"\u00ab On ne veut ni Khamenei ni Netanyahou \u00bb. Plusieurs dizaines de personnes se sont rassembl\u00e9es jeudi soir&hellip;\n","protected":false},"author":2,"featured_media":189779,"comment_status":"","ping_status":"","sticky":false,"template":"","format":"standard","meta":{"footnotes":""},"categories":[1888],"tags":[11,1777,674,1011,27,14,1944,12,626,25],"class_list":{"0":"post-189778","1":"post","2":"type-post","3":"status-publish","4":"format-standard","5":"has-post-thumbnail","7":"category-paris","8":"tag-actualites","9":"tag-eu","10":"tag-europe","11":"tag-fr","12":"tag-france","13":"tag-international","14":"tag-ma-ville","15":"tag-news","16":"tag-paris","17":"tag-republique-francaise"},"share_on_mastodon":{"url":"https:\/\/pubeurope.com\/@fr\/114713100728686901","error":""},"_links":{"self":[{"href":"https:\/\/www.europesays.com\/fr\/wp-json\/wp\/v2\/posts\/189778","targetHints":{"allow":["GET"]}}],"collection":[{"href":"https:\/\/www.europesays.com\/fr\/wp-json\/wp\/v2\/posts"}],"about":[{"href":"https:\/\/www.europesays.com\/fr\/wp-json\/wp\/v2\/types\/post"}],"author":[{"embeddable":true,"href":"https:\/\/www.europesays.com\/fr\/wp-json\/wp\/v2\/users\/2"}],"replies":[{"embeddable":true,"href":"https:\/\/www.europesays.com\/fr\/wp-json\/wp\/v2\/comments?post=189778"}],"version-history":[{"count":0,"href":"https:\/\/www.europesays.com\/fr\/wp-json\/wp\/v2\/posts\/189778\/revisions"}],"wp:featuredmedia":[{"embeddable":true,"href":"https:\/\/www.europesays.com\/fr\/wp-json\/wp\/v2\/media\/189779"}],"wp:attachment":[{"href":"https:\/\/www.europesays.com\/fr\/wp-json\/wp\/v2\/media?parent=189778"}],"wp:term":[{"taxonomy":"category","embeddable":true,"href":"https:\/\/www.europesays.com\/fr\/wp-json\/wp\/v2\/categories?post=189778"},{"taxonomy":"post_tag","embeddable":true,"href":"https:\/\/www.europesays.com\/fr\/wp-json\/wp\/v2\/tags?post=189778"}],"curies":[{"name":"wp","href":"https:\/\/api.w.org\/{rel}","templated":true}]}}