{"id":189782,"date":"2025-06-20T01:30:11","date_gmt":"2025-06-20T01:30:11","guid":{"rendered":"https:\/\/www.europesays.com\/fr\/189782\/"},"modified":"2025-06-20T01:30:11","modified_gmt":"2025-06-20T01:30:11","slug":"du-salon-du-bourget-a-la-guerre-en-ukraine-pourquoi-les-drones-sont-les-nouvelles-stars-de-la-guerre-a-bas-cout","status":"publish","type":"post","link":"https:\/\/www.europesays.com\/fr\/189782\/","title":{"rendered":"Du Salon du Bourget \u00e0 la guerre en Ukraine, pourquoi les drones sont les nouvelles stars de la guerre \u00e0 bas co\u00fbt"},"content":{"rendered":"<p>Les drones, ces nouvelles vedettes de l\u2019armement. Avec la guerre en Ukraine,<a href=\"https:\/\/www.humanite.fr\/social-et-economie\/armement\/anduril-le-fury-un-avion-autonome-a-22-milliards-concu-pour-empecher-pekin-dattaquer-taiwan\" data-type=\"link\" data-id=\"https:\/\/www.humanite.fr\/social-et-economie\/armement\/anduril-le-fury-un-avion-autonome-a-22-milliards-concu-pour-empecher-pekin-dattaquer-taiwan\" rel=\"nofollow noopener\" target=\"_blank\"> le march\u00e9 de l\u2019armement a totalement \u00e9t\u00e9 boulevers\u00e9, avec l\u2019utilisation massive de ces petits a\u00e9ronefs.<\/a> Les forces ukrainiennes en auraient utilis\u00e9 un million en 2024 et entendent en utiliser plus de 4,5\u00a0millions en 2025. Au Salon international de l\u2019a\u00e9ronautique et de l\u2019espace au Bourget (Seine-Saint-Denis), des start-ups aux grandes maisons industrielles, le drone est devenu la star des arm\u00e9es, appr\u00e9ci\u00e9 pour sa flexibilit\u00e9, sa rapidit\u00e9 et surtout son prix plancher.<\/p>\n<p>L\u2019arm\u00e9e fran\u00e7aise ne dispose que de quelques milliers d\u2019exemplaires. Longtemps exigeant sur les sp\u00e9cifications des syst\u00e8mes d\u00e9sir\u00e9s, l\u2019Hexagone semble aujourd\u2019hui revoir ses standards si cela lui&#8230;<\/p>\n","protected":false},"excerpt":{"rendered":"Les drones, ces nouvelles vedettes de l\u2019armement. Avec la guerre en Ukraine, le march\u00e9 de l\u2019armement a totalement&hellip;\n","protected":false},"author":2,"featured_media":189783,"comment_status":"","ping_status":"","sticky":false,"template":"","format":"standard","meta":{"footnotes":""},"categories":[1590],"tags":[11,36,1924,32757,2024,9929,1777,674,131,32758,12,8331,10651,32759,32145,220],"class_list":{"0":"post-189782","1":"post","2":"type-post","3":"status-publish","4":"format-standard","5":"has-post-thumbnail","7":"category-ukraine","8":"tag-actualites","9":"tag-airbus","10":"tag-armement","11":"tag-dgac","12":"tag-drones","13":"tag-du00e9fense","14":"tag-eu","15":"tag-europe","16":"tag-guerre-en-ukraine","17":"tag-industrie-militaire","18":"tag-news","19":"tag-pme","20":"tag-renault","21":"tag-ru00e9armement","22":"tag-salon-du-bourget","23":"tag-ukraine"},"share_on_mastodon":{"url":"https:\/\/pubeurope.com\/@fr\/114713108405734367","error":""},"_links":{"self":[{"href":"https:\/\/www.europesays.com\/fr\/wp-json\/wp\/v2\/posts\/189782","targetHints":{"allow":["GET"]}}],"collection":[{"href":"https:\/\/www.europesays.com\/fr\/wp-json\/wp\/v2\/posts"}],"about":[{"href":"https:\/\/www.europesays.com\/fr\/wp-json\/wp\/v2\/types\/post"}],"author":[{"embeddable":true,"href":"https:\/\/www.europesays.com\/fr\/wp-json\/wp\/v2\/users\/2"}],"replies":[{"embeddable":true,"href":"https:\/\/www.europesays.com\/fr\/wp-json\/wp\/v2\/comments?post=189782"}],"version-history":[{"count":0,"href":"https:\/\/www.europesays.com\/fr\/wp-json\/wp\/v2\/posts\/189782\/revisions"}],"wp:featuredmedia":[{"embeddable":true,"href":"https:\/\/www.europesays.com\/fr\/wp-json\/wp\/v2\/media\/189783"}],"wp:attachment":[{"href":"https:\/\/www.europesays.com\/fr\/wp-json\/wp\/v2\/media?parent=189782"}],"wp:term":[{"taxonomy":"category","embeddable":true,"href":"https:\/\/www.europesays.com\/fr\/wp-json\/wp\/v2\/categories?post=189782"},{"taxonomy":"post_tag","embeddable":true,"href":"https:\/\/www.europesays.com\/fr\/wp-json\/wp\/v2\/tags?post=189782"}],"curies":[{"name":"wp","href":"https:\/\/api.w.org\/{rel}","templated":true}]}}