{"id":189789,"date":"2025-06-20T01:34:18","date_gmt":"2025-06-20T01:34:18","guid":{"rendered":"https:\/\/www.europesays.com\/fr\/189789\/"},"modified":"2025-06-20T01:34:18","modified_gmt":"2025-06-20T01:34:18","slug":"liran-est-aussi-une-menace-pour-leurope-declare-lambassadeur-israelien-aupres-de-lue-et-de-lotan-a-euronews","status":"publish","type":"post","link":"https:\/\/www.europesays.com\/fr\/189789\/","title":{"rendered":"\u00ab\u00a0L&rsquo;Iran est aussi une menace pour l&rsquo;Europe\u00a0\u00bb, d\u00e9clare l&rsquo;ambassadeur isra\u00e9lien aupr\u00e8s de l&rsquo;UE et de l&rsquo;OTAN \u00e0 Euronews"},"content":{"rendered":"<p>\u00ab\u00a0L&rsquo;Iran repr\u00e9sente une menace non seulement pour Isra\u00ebl, mais aussi pour la r\u00e9gion et l&rsquo;Europe\u00a0\u00bb, a d\u00e9clar\u00e9 l&rsquo;ambassadeur d&rsquo;Isra\u00ebl aupr\u00e8s de l&rsquo;Union europ\u00e9enne et de l&rsquo;OTAN, Haim Regev, lors d&rsquo;une interview accord\u00e9e \u00e0 Euronews jeudi.<\/p>\n<p>\u00ab\u00a0Ils sont impliqu\u00e9s dans la promotion de la terreur, ils sont impliqu\u00e9s dans la provocation, ils sont impliqu\u00e9s dans de tr\u00e8s nombreux actes. Ils sont donc d\u00e9j\u00e0 la principale cause d&rsquo;instabilit\u00e9 dans la r\u00e9gion et dans le monde\u00a0\u00bb, a-t-il expliqu\u00e9.<\/p>\n<p>Haim Regev s&rsquo;est adress\u00e9 \u00e0 Euronews alors que le conflit entre les deux pays en est \u00e0 son septi\u00e8me jour.<\/p>\n<p>T\u00f4t jeudi, l&rsquo;Iran a tir\u00e9 20 missiles balistiques sur Isra\u00ebl, <a href=\"https:\/\/fr.news.yahoo.com\/liran-frappe-h%C3%B4pital-sud-disra%C3%ABl-110808452.html\" data-ylk=\"slk:dont l&#039;un a touch\u00e9 le centre m\u00e9dical Soroka;elm:context_link;itc:0;sec:content-canvas;outcm:mb_qualified_link;_E:mb_qualified_link;ct:story;\" class=\"link  yahoo-link\" target=\"_blank\" rel=\"noopener\"><strong>dont l&rsquo;un a touch\u00e9 le centre m\u00e9dical Soroka<\/strong><\/a> \u00e0 Be&rsquo;er Sheva.<\/p>\n<p>Ce tir de barrage de l&rsquo;Iran semble \u00eatre une riposte directe aux frappes isra\u00e9liennes sur l&rsquo;infrastructure nucl\u00e9aire de T\u00e9h\u00e9ran la veille.<\/p>\n<p>\u00ab\u00a0L&rsquo;Iran a un plan clair d&rsquo;an\u00e9antissement de l&rsquo;\u00c9tat d&rsquo;Isra\u00ebl\u00a0\u00bb, a d\u00e9clar\u00e9 Haim Regev.<\/p>\n<p>\u00ab\u00a0Au cours de la derni\u00e8re p\u00e9riode, nous avons vu que l&rsquo;Iran acc\u00e9l\u00e9rait son programme, son plan, sur deux aspects principaux. Tout d&rsquo;abord, son programme nucl\u00e9aire et ensuite, la production de missiles, de missiles surface-surface. Nous en sommes donc arriv\u00e9s \u00e0 un point o\u00f9 nous avons vu que nous devions agir pour \u00e9liminer cette menace\u00a0\u00bb.<\/p>\n<p><img decoding=\"async\" class=\"caas-img caas-lazy has-preview\" alt=\"L'h\u00f4pital Soroka touch\u00e9 par un missile iranien le 19 June, 2025\" src=\"https:\/\/www.europesays.com\/fr\/wp-content\/uploads\/2025\/06\/840f6d5b4cf1998a8c89714c3a955e35.jpeg\"\/><\/p>\n<p> L&rsquo;h\u00f4pital Soroka touch\u00e9 par un missile iranien le 19 June, 2025   &#8211; AP Photo <\/p>\n<p>Isra\u00ebl a lanc\u00e9 une attaque surprise contre l&rsquo;Iran vendredi 13 au matin, tuant plusieurs personnalit\u00e9s cl\u00e9s de l&rsquo;appareil de s\u00e9curit\u00e9 du pays et un certain nombre de scientifiques nucl\u00e9aires.<\/p>\n<p>La premi\u00e8re vague de frappes, \u00e0 laquelle ont particip\u00e9 environ 200 avions de chasse, a permis de tuer au moins quatre hauts responsables du Corps des gardiens de la r\u00e9volution islamique (CGRI) et de frapper des cibles nucl\u00e9aires et militaires dans tout le pays.<\/p>\n<p>Toutefois, Haim Regev a rejet\u00e9 l&rsquo;id\u00e9e que l&rsquo;objectif principal de l&rsquo;op\u00e9ration des FDI \u00e9tait un changement de r\u00e9gime en Iran.<\/p>\n<p>\u00ab\u00a0L&rsquo;objectif de cette op\u00e9ration militaire est d&rsquo;\u00e9liminer la menace nucl\u00e9aire et la menace des missiles. Comme je l&rsquo;ai dit, l&rsquo;Iran a un plan concret et op\u00e9rationnel. Et c&rsquo;est l&rsquo;objectif principal de cette op\u00e9ration militaire\u00a0\u00bb, a-t-il d\u00e9clar\u00e9 \u00e0 Euronews.<\/p>\n<p><img decoding=\"async\" class=\"caas-img caas-lazy has-preview\" alt=\"L'ambassadeur isra\u00e9lien dans l'Union europ\u00e9enne et l'OTAN Haim Regev en compagnie de Sasha Vakulina d'Euronews. \" src=\"https:\/\/www.europesays.com\/fr\/wp-content\/uploads\/2025\/06\/b89fc6f219ba51807a441fe8ce6a9d67.jpeg\"\/><\/p>\n<p> L&rsquo;ambassadeur isra\u00e9lien dans l&rsquo;Union europ\u00e9enne et l&rsquo;OTAN Haim Regev en compagnie de Sasha Vakulina d&rsquo;Euronews.   &#8211; Euronews <\/p>\n<p><strong>Une guerre des mots<\/strong><\/p>\n<p>Le conflit a \u00e9galement donn\u00e9 lieu \u00e0 une escalade de la guerre des mots, en particulier entre le pr\u00e9sident am\u00e9ricain Donald Trump et les hauts responsables iraniens.<\/p>\n<p>Lorsque des journalistes lui ont demand\u00e9 mercredi s&rsquo;il avait l&rsquo;intention de faire intervenir l&rsquo;arm\u00e9e am\u00e9ricaine dans le conflit pour frapper l&rsquo;Iran aux c\u00f4t\u00e9s d&rsquo;Isra\u00ebl, M. Trump a r\u00e9pondu : \u00ab\u00a0Je le ferai peut-\u00eatre, je ne le ferai peut-\u00eatre pas. Personne ne sait ce que je vais faire\u00a0\u00bb.<\/p>\n<p>Si M. Trump a sembl\u00e9 \u00e9viter de s&rsquo;engager directement dans une action militaire, le Premier ministre isra\u00e9lien Benjamin Netanyahu a interpr\u00e9t\u00e9 ses commentaires comme une preuve de soutien et, dans une allocution t\u00e9l\u00e9vis\u00e9e plus tard dans la soir\u00e9e de mercredi, il a remerci\u00e9 M. Trump de \u00ab\u00a0se tenir \u00e0 nos c\u00f4t\u00e9s\u00a0\u00bb.<\/p>\n<p>La mission de l&rsquo;Iran aupr\u00e8s des Nations unies s&rsquo;est jointe \u00e0 ce m\u00e9lange en d\u00e9clarant qu&rsquo;aucun repr\u00e9sentant du pays ne \u00ab\u00a0ramperait aux portes de la Maison Blanche\u00a0\u00bb pour parvenir \u00e0 un accord sur le nucl\u00e9aire avec les \u00c9tats-Unis.<\/p>\n<p>C&rsquo;est le programme nucl\u00e9aire iranien qui est au c\u0153ur de l&rsquo;escalade militaire actuelle.<\/p>\n<p><img decoding=\"async\" class=\"caas-img caas-lazy has-preview\" alt=\"Photo satellite de Maxar Technologies montrant l'usine d'enrichissement d'uranium d'Ispahan apr\u00e8s des frappes le 14 June, 2025\" src=\"https:\/\/www.europesays.com\/fr\/wp-content\/uploads\/2025\/06\/d03111dce57a08785e23abb970bbda7f.jpeg\"\/><\/p>\n<p> Photo satellite de Maxar Technologies montrant l&rsquo;usine d&rsquo;enrichissement d&rsquo;uranium d&rsquo;Ispahan apr\u00e8s des frappes le 14 June, 2025   &#8211; AP Photo <\/p>\n<p>L&rsquo;Iran faisait auparavant l&rsquo;objet d&rsquo;un accord nucl\u00e9aire international connu sous le nom de Plan global d&rsquo;action conjoint (JCPOA), dans le cadre duquel le pays b\u00e9n\u00e9ficiait d&rsquo;un all\u00e8gement des sanctions en \u00e9change de limites strictes \u00e0 ses activit\u00e9s nucl\u00e9aires.<\/p>\n<p>Au cours de son premier mandat, Donald Trump a retir\u00e9 les \u00c9tats-Unis du pacte le qualifiant de \u00ab\u00a0pire accord jamais n\u00e9goci\u00e9\u00a0\u00bb et imposant de nouvelles sanctions \u00e0 l&rsquo;Iran.<\/p>\n<p>Depuis lors, les autres signataires de l&rsquo;accord ont fait des pieds et des mains pour que l&rsquo;Iran respecte l&rsquo;accord, mais T\u00e9h\u00e9ran consid\u00e8re l&rsquo;accord comme nul et a continu\u00e9 \u00e0 enrichir l&rsquo;uranium, qui, \u00e0 l&rsquo;heure actuelle, se situerait \u00e0 60 %.<\/p>\n<p>Cela reste techniquement inf\u00e9rieur au niveau de 90 % autoris\u00e9 pour les armes, mais c&rsquo;est bien plus que les 3,67 % autoris\u00e9s par le JCPOA.<\/p>\n<p><b class=\"c-widget-related__title__text\">Related<\/b><\/p>\n<p>L&rsquo;Iran maintient que son programme nucl\u00e9aire est pacifique et purement civil. Isra\u00ebl, quant \u00e0 lui, affirme que T\u00e9h\u00e9ran travaille \u00e0 la construction d&rsquo;une arme nucl\u00e9aire, qui pourrait \u00eatre utilis\u00e9e contre lui.<\/p>\n<p>\u00ab\u00a0En tant que d\u00e9mocratie, lorsque nous entrons en guerre, c&rsquo;est uniquement si nous n&rsquo;avons pas le choix ou si l&rsquo;autre partie en a pris l&rsquo;initiative. Nous sommes donc entr\u00e9s en guerre parce que nous n&rsquo;avions pas d&rsquo;autre choix\u00a0\u00bb, affirme Haim Regev.<\/p>\n<p>\u00ab\u00a0Isra\u00ebl n&rsquo;est pas venu ici pour r\u00e9soudre les probl\u00e8mes du monde. Isra\u00ebl est venu ici pour r\u00e9soudre sa propre menace, celle de l&rsquo;Iran. Mais en raison du succ\u00e8s, je vois ici une opportunit\u00e9\u00a0\u00bb.<\/p>\n<p>\u00ab\u00a0Et j&rsquo;esp\u00e8re que la diplomatie jouera un r\u00f4le, mais cette fois-ci, elle sera plus concr\u00e8te, plus pratique avec des r\u00e9sultats sp\u00e9cifiques\u00a0\u00bb, a conclu Haim Regev.<\/p>\n","protected":false},"excerpt":{"rendered":"\u00ab\u00a0L&rsquo;Iran repr\u00e9sente une menace non seulement pour Isra\u00ebl, mais aussi pour la r\u00e9gion et l&rsquo;Europe\u00a0\u00bb, a d\u00e9clar\u00e9 l&rsquo;ambassadeur&hellip;\n","protected":false},"author":2,"featured_media":189790,"comment_status":"","ping_status":"","sticky":false,"template":"","format":"standard","meta":{"footnotes":""},"categories":[1586],"tags":[11,1777,24528,674,1011,27,15671,3019,664,7738,12,32760,25],"class_list":{"0":"post-189789","1":"post","2":"type-post","3":"status-publish","4":"format-standard","5":"has-post-thumbnail","7":"category-europe","8":"tag-actualites","9":"tag-eu","10":"tag-euronews","11":"tag-europe","12":"tag-fr","13":"tag-france","14":"tag-haim","15":"tag-iran","16":"tag-israel","17":"tag-lunion-europeenne","18":"tag-news","19":"tag-regev","20":"tag-republique-francaise"},"share_on_mastodon":{"url":"https:\/\/pubeurope.com\/@fr\/114713124432818756","error":""},"_links":{"self":[{"href":"https:\/\/www.europesays.com\/fr\/wp-json\/wp\/v2\/posts\/189789","targetHints":{"allow":["GET"]}}],"collection":[{"href":"https:\/\/www.europesays.com\/fr\/wp-json\/wp\/v2\/posts"}],"about":[{"href":"https:\/\/www.europesays.com\/fr\/wp-json\/wp\/v2\/types\/post"}],"author":[{"embeddable":true,"href":"https:\/\/www.europesays.com\/fr\/wp-json\/wp\/v2\/users\/2"}],"replies":[{"embeddable":true,"href":"https:\/\/www.europesays.com\/fr\/wp-json\/wp\/v2\/comments?post=189789"}],"version-history":[{"count":0,"href":"https:\/\/www.europesays.com\/fr\/wp-json\/wp\/v2\/posts\/189789\/revisions"}],"wp:featuredmedia":[{"embeddable":true,"href":"https:\/\/www.europesays.com\/fr\/wp-json\/wp\/v2\/media\/189790"}],"wp:attachment":[{"href":"https:\/\/www.europesays.com\/fr\/wp-json\/wp\/v2\/media?parent=189789"}],"wp:term":[{"taxonomy":"category","embeddable":true,"href":"https:\/\/www.europesays.com\/fr\/wp-json\/wp\/v2\/categories?post=189789"},{"taxonomy":"post_tag","embeddable":true,"href":"https:\/\/www.europesays.com\/fr\/wp-json\/wp\/v2\/tags?post=189789"}],"curies":[{"name":"wp","href":"https:\/\/api.w.org\/{rel}","templated":true}]}}